{"id":1528,"date":"2020-01-23T15:01:44","date_gmt":"2020-01-23T15:01:44","guid":{"rendered":"https:\/\/marcali.plebania.hu\/?p=1528"},"modified":"2020-01-23T15:01:44","modified_gmt":"2020-01-23T15:01:44","slug":"bibliaolvasassal-folytatodott-az-okumenikus-imahet-az-x-hazban","status":"publish","type":"post","link":"https:\/\/marcali.plebania.hu\/?p=1528","title":{"rendered":"Bibliaolvas\u00e1ssal folytat\u00f3dott az \u00d6kumenikus Imah\u00e9t az X-h\u00e1zban"},"content":{"rendered":"\n<p>2020. janu\u00e1r 22-\u00e9n, szerd\u00e1n 17 \u00f3rakor, az \u00f6kumenikus imah\u00e9t rendezv\u00e9nysorozat keret\u00e9n bel\u00fcl k\u00f6z\u00f6s bibliaolvas\u00e1sra gy\u0171ltek \u00f6ssze a katolikus \u00e9s a reform\u00e1tus testv\u00e9rek a kereszt\u00e9ny egys\u00e9gre t\u00f6rekv\u00e9s jegy\u00e9ben az X-h\u00e1z nagyterm\u00e9ben.<\/p>\n\n\n\n<figure class=\"wp-block-gallery columns-3 is-cropped wp-block-gallery-1 is-layout-flex wp-block-gallery-is-layout-flex\"><ul class=\"blocks-gallery-grid\"><li class=\"blocks-gallery-item\"><figure><img loading=\"lazy\" decoding=\"async\" width=\"1024\" height=\"683\" src=\"https:\/\/marcali.plebania.hu\/wp-content\/uploads\/2020\/01\/01-1-1024x683.jpg\" alt=\"\" data-id=\"1529\" data-link=\"https:\/\/marcali.plebania.hu\/?attachment_id=1529\" class=\"wp-image-1529\" srcset=\"https:\/\/marcali.plebania.hu\/wp-content\/uploads\/2020\/01\/01-1-1024x683.jpg 1024w, https:\/\/marcali.plebania.hu\/wp-content\/uploads\/2020\/01\/01-1-300x200.jpg 300w, https:\/\/marcali.plebania.hu\/wp-content\/uploads\/2020\/01\/01-1-768x512.jpg 768w, https:\/\/marcali.plebania.hu\/wp-content\/uploads\/2020\/01\/01-1-1536x1024.jpg 1536w, https:\/\/marcali.plebania.hu\/wp-content\/uploads\/2020\/01\/01-1-2048x1365.jpg 2048w, https:\/\/marcali.plebania.hu\/wp-content\/uploads\/2020\/01\/01-1-405x270.jpg 405w\" sizes=\"auto, (max-width: 1024px) 100vw, 1024px\" \/><\/figure><\/li><li class=\"blocks-gallery-item\"><figure><img loading=\"lazy\" decoding=\"async\" width=\"1024\" height=\"683\" src=\"https:\/\/marcali.plebania.hu\/wp-content\/uploads\/2020\/01\/02-1-1024x683.jpg\" alt=\"\" data-id=\"1530\" data-link=\"https:\/\/marcali.plebania.hu\/?attachment_id=1530\" class=\"wp-image-1530\" srcset=\"https:\/\/marcali.plebania.hu\/wp-content\/uploads\/2020\/01\/02-1-1024x683.jpg 1024w, https:\/\/marcali.plebania.hu\/wp-content\/uploads\/2020\/01\/02-1-300x200.jpg 300w, https:\/\/marcali.plebania.hu\/wp-content\/uploads\/2020\/01\/02-1-768x512.jpg 768w, https:\/\/marcali.plebania.hu\/wp-content\/uploads\/2020\/01\/02-1-1536x1024.jpg 1536w, https:\/\/marcali.plebania.hu\/wp-content\/uploads\/2020\/01\/02-1-2048x1365.jpg 2048w, https:\/\/marcali.plebania.hu\/wp-content\/uploads\/2020\/01\/02-1-405x270.jpg 405w\" sizes=\"auto, (max-width: 1024px) 100vw, 1024px\" \/><\/figure><\/li><li class=\"blocks-gallery-item\"><figure><img loading=\"lazy\" decoding=\"async\" width=\"1024\" height=\"683\" src=\"https:\/\/marcali.plebania.hu\/wp-content\/uploads\/2020\/01\/05-1024x683.jpg\" alt=\"\" data-id=\"1531\" data-link=\"https:\/\/marcali.plebania.hu\/?attachment_id=1531\" class=\"wp-image-1531\" srcset=\"https:\/\/marcali.plebania.hu\/wp-content\/uploads\/2020\/01\/05-1024x683.jpg 1024w, https:\/\/marcali.plebania.hu\/wp-content\/uploads\/2020\/01\/05-300x200.jpg 300w, https:\/\/marcali.plebania.hu\/wp-content\/uploads\/2020\/01\/05-768x512.jpg 768w, https:\/\/marcali.plebania.hu\/wp-content\/uploads\/2020\/01\/05-1536x1024.jpg 1536w, https:\/\/marcali.plebania.hu\/wp-content\/uploads\/2020\/01\/05-2048x1365.jpg 2048w, https:\/\/marcali.plebania.hu\/wp-content\/uploads\/2020\/01\/05-405x270.jpg 405w\" sizes=\"auto, (max-width: 1024px) 100vw, 1024px\" \/><\/figure><\/li><li class=\"blocks-gallery-item\"><figure><img loading=\"lazy\" decoding=\"async\" width=\"1024\" height=\"683\" src=\"https:\/\/marcali.plebania.hu\/wp-content\/uploads\/2020\/01\/07-1-1024x683.jpg\" alt=\"\" data-id=\"1532\" data-full-url=\"https:\/\/marcali.plebania.hu\/wp-content\/uploads\/2020\/01\/07-1-scaled.jpg\" data-link=\"https:\/\/marcali.plebania.hu\/?attachment_id=1532\" class=\"wp-image-1532\" srcset=\"https:\/\/marcali.plebania.hu\/wp-content\/uploads\/2020\/01\/07-1-1024x683.jpg 1024w, https:\/\/marcali.plebania.hu\/wp-content\/uploads\/2020\/01\/07-1-300x200.jpg 300w, https:\/\/marcali.plebania.hu\/wp-content\/uploads\/2020\/01\/07-1-768x512.jpg 768w, https:\/\/marcali.plebania.hu\/wp-content\/uploads\/2020\/01\/07-1-1536x1024.jpg 1536w, https:\/\/marcali.plebania.hu\/wp-content\/uploads\/2020\/01\/07-1-2048x1365.jpg 2048w, https:\/\/marcali.plebania.hu\/wp-content\/uploads\/2020\/01\/07-1-405x270.jpg 405w\" sizes=\"auto, (max-width: 1024px) 100vw, 1024px\" \/><\/figure><\/li><\/ul><\/figure>\n\n\n\n<p>Az \u00f6sszej\u00f6vetelen Kiss Iv\u00e1n c. pr\u00e9post, esperes-pl\u00e9b\u00e1nos k\u00f6sz\u00f6nt\u00f6tte a megjelenteket, majd a Szent\u00edr\u00e1sb\u00f3l, Szent P\u00e1lnak a m\u00e1ltai haj\u00f3t\u00f6r\u00e9se t\u00f6rt\u00e9net\u00e9t Horv\u00e1th Zsolt olvasta fel a megjelenteknek. Ezut\u00e1n Iv\u00e1n atya magyar\u00e1zta el a t\u00f6rt\u00e9ntek jelent\u0151s\u00e9g\u00e9t, valamint az Apostolok Cselekedeteib\u0151l vett .\u201e&#8230;nem mindennapi embers\u00e9get tan\u00fas\u00edtottak ir\u00e1ntunk&#8230;\u201d (ApCsel 28,2) \u00e9s \u201e&#8230;igen embers\u00e9gesen b\u00e1ntak vel\u00fcnk&#8230;\u201d (ApCsel 28,2) id\u00e9zetek \u00e9rtelm\u00e9t elemezt\u00e9k. Ezt k\u00f6vet\u0151en Fazekas Kriszti\u00e1n reform\u00e1tus lelkip\u00e1sztor vet\u00edtett k\u00e9pes el\u0151ad\u00e1son \u2013 a vas\u00e1rnapi igehirdet\u00e9sen elhangozottak folytat\u00e1sak\u00e9nt fejtegette tov\u00e1bb \u2013 a m\u00e1ltai kereszt\u00e9nyek \u00e1ltal \u00f6ssze\u00e1ll\u00edtott jelmondat l\u00e9nyeg\u00e9t. A P\u00e1lt \u00e9s haj\u00f3t\u00f6r\u00f6tt t\u00e1rsait befogad\u00f3 \u2013 akkor pog\u00e1ny \u2013 m\u00e1ltaiak ismert\u00e9k a szesz\u00e9lyes tenger\u00e9letet kock\u00e1ztat\u00f3 viharait. Tiszt\u00e1ban voltak az akkori haj\u00f3\u00e9p\u00edt\u00e9s fogyat\u00e9koss\u00e1gaival is. Tudt\u00e1k, milyen kiszolg\u00e1ltatott helyzetben van egy haj\u00f3 a viharban a sziget k\u00f6zel\u00e9ben. \u00c9rthet\u0151 a m\u00e1ltai kereszt\u00e9nyek helyzete, hiszen ami\u00f3ta lakott, mindenf\u00e9le, a tengerrel kapcsolatos jelens\u00e9gnek r\u00e9szesei, \u00e1t\u00e9l\u0151i voltak.<\/p>\n\n\n\n<figure class=\"wp-block-gallery columns-3 is-cropped wp-block-gallery-2 is-layout-flex wp-block-gallery-is-layout-flex\"><ul class=\"blocks-gallery-grid\"><li class=\"blocks-gallery-item\"><figure><img loading=\"lazy\" decoding=\"async\" width=\"1024\" height=\"683\" src=\"https:\/\/marcali.plebania.hu\/wp-content\/uploads\/2020\/01\/06-1024x683.jpg\" alt=\"\" data-id=\"1533\" data-link=\"https:\/\/marcali.plebania.hu\/?attachment_id=1533\" class=\"wp-image-1533\" srcset=\"https:\/\/marcali.plebania.hu\/wp-content\/uploads\/2020\/01\/06-1024x683.jpg 1024w, https:\/\/marcali.plebania.hu\/wp-content\/uploads\/2020\/01\/06-300x200.jpg 300w, https:\/\/marcali.plebania.hu\/wp-content\/uploads\/2020\/01\/06-768x512.jpg 768w, https:\/\/marcali.plebania.hu\/wp-content\/uploads\/2020\/01\/06-1536x1024.jpg 1536w, https:\/\/marcali.plebania.hu\/wp-content\/uploads\/2020\/01\/06-2048x1365.jpg 2048w, https:\/\/marcali.plebania.hu\/wp-content\/uploads\/2020\/01\/06-405x270.jpg 405w\" sizes=\"auto, (max-width: 1024px) 100vw, 1024px\" \/><\/figure><\/li><li class=\"blocks-gallery-item\"><figure><img loading=\"lazy\" decoding=\"async\" width=\"1024\" height=\"683\" src=\"https:\/\/marcali.plebania.hu\/wp-content\/uploads\/2020\/01\/10-1024x683.jpg\" alt=\"\" data-id=\"1534\" data-link=\"https:\/\/marcali.plebania.hu\/?attachment_id=1534\" class=\"wp-image-1534\" srcset=\"https:\/\/marcali.plebania.hu\/wp-content\/uploads\/2020\/01\/10-1024x683.jpg 1024w, https:\/\/marcali.plebania.hu\/wp-content\/uploads\/2020\/01\/10-300x200.jpg 300w, https:\/\/marcali.plebania.hu\/wp-content\/uploads\/2020\/01\/10-768x512.jpg 768w, https:\/\/marcali.plebania.hu\/wp-content\/uploads\/2020\/01\/10-1536x1024.jpg 1536w, https:\/\/marcali.plebania.hu\/wp-content\/uploads\/2020\/01\/10-2048x1365.jpg 2048w, https:\/\/marcali.plebania.hu\/wp-content\/uploads\/2020\/01\/10-405x270.jpg 405w\" sizes=\"auto, (max-width: 1024px) 100vw, 1024px\" \/><\/figure><\/li><li class=\"blocks-gallery-item\"><figure><img loading=\"lazy\" decoding=\"async\" width=\"1024\" height=\"683\" src=\"https:\/\/marcali.plebania.hu\/wp-content\/uploads\/2020\/01\/11-1-1024x683.jpg\" alt=\"\" data-id=\"1535\" data-link=\"https:\/\/marcali.plebania.hu\/?attachment_id=1535\" class=\"wp-image-1535\" srcset=\"https:\/\/marcali.plebania.hu\/wp-content\/uploads\/2020\/01\/11-1-1024x683.jpg 1024w, https:\/\/marcali.plebania.hu\/wp-content\/uploads\/2020\/01\/11-1-300x200.jpg 300w, https:\/\/marcali.plebania.hu\/wp-content\/uploads\/2020\/01\/11-1-768x512.jpg 768w, https:\/\/marcali.plebania.hu\/wp-content\/uploads\/2020\/01\/11-1-1536x1024.jpg 1536w, https:\/\/marcali.plebania.hu\/wp-content\/uploads\/2020\/01\/11-1-2048x1365.jpg 2048w, https:\/\/marcali.plebania.hu\/wp-content\/uploads\/2020\/01\/11-1-405x270.jpg 405w\" sizes=\"auto, (max-width: 1024px) 100vw, 1024px\" \/><\/figure><\/li><li class=\"blocks-gallery-item\"><figure><img loading=\"lazy\" decoding=\"async\" width=\"1024\" height=\"683\" src=\"https:\/\/marcali.plebania.hu\/wp-content\/uploads\/2020\/01\/27-1024x683.jpg\" alt=\"\" data-id=\"1536\" data-full-url=\"https:\/\/marcali.plebania.hu\/wp-content\/uploads\/2020\/01\/27-scaled.jpg\" data-link=\"https:\/\/marcali.plebania.hu\/?attachment_id=1536\" class=\"wp-image-1536\" srcset=\"https:\/\/marcali.plebania.hu\/wp-content\/uploads\/2020\/01\/27-1024x683.jpg 1024w, https:\/\/marcali.plebania.hu\/wp-content\/uploads\/2020\/01\/27-300x200.jpg 300w, https:\/\/marcali.plebania.hu\/wp-content\/uploads\/2020\/01\/27-768x512.jpg 768w, https:\/\/marcali.plebania.hu\/wp-content\/uploads\/2020\/01\/27-1536x1024.jpg 1536w, https:\/\/marcali.plebania.hu\/wp-content\/uploads\/2020\/01\/27-2048x1365.jpg 2048w, https:\/\/marcali.plebania.hu\/wp-content\/uploads\/2020\/01\/27-405x270.jpg 405w\" sizes=\"auto, (max-width: 1024px) 100vw, 1024px\" \/><\/figure><\/li><\/ul><\/figure>\n\n\n\n<p>Az, hogy M\u00e1lt\u00e1n ma kereszt\u00e9nyek\n\u00e9lnek, azt jelzi, hogy a haj\u00f3t\u00f6r\u00f6tt P\u00e1l \u00e9s \u00fatit\u00e1rsai elfogadt\u00e1k a lakosok vend\u00e9gszeretet\u00e9t.\nIgyekeztek \u00e9s tudtak is adni a m\u00e1ltaiaknak abb\u00f3l a hitb\u0151l, rem\u00e9nys\u00e9gb\u0151l, J\u00e9zus\nKrisztus szeretet\u00e9b\u0151l, amely \u0151ket hordozta. Ilyen k\u00f6lcs\u00f6n\u00f6s lehet\u0151s\u00e9g ma a kereszt\u00e9nyek\n\u00f6kumen\u00e9je.<\/p>\n\n\n\n<p>A Biblia\u00f3ra k\u00f6z\u00f6s \u00e9nekl\u00e9ssel,\nim\u00e1val \u00e9s j\u00f3 hangulat\u00fa besz\u00e9lget\u00e9ssel z\u00e1rult, a r\u00e9sztvev\u0151ket pedig s\u00fctem\u00e9nyekkel\n\u00e9s friss\u00edt\u0151kkel vend\u00e9gelt\u00e9k meg a h\u00e1zigazd\u00e1k.<\/p>\n","protected":false},"excerpt":{"rendered":"<p>2020. janu\u00e1r 22-\u00e9n, szerd\u00e1n 17 \u00f3rakor, az \u00f6kumenikus imah\u00e9t rendezv\u00e9nysorozat keret\u00e9n bel\u00fcl k\u00f6z\u00f6s bibliaolvas\u00e1sra gy\u0171ltek \u00f6ssze a katolikus \u00e9s a reform\u00e1tus testv\u00e9rek a kereszt\u00e9ny egys\u00e9gre t\u00f6rekv\u00e9s jegy\u00e9ben az X-h\u00e1z nagyterm\u00e9ben. Az \u00f6sszej\u00f6vetelen Kiss Iv\u00e1n c. pr\u00e9post, esperes-pl\u00e9b\u00e1nos k\u00f6sz\u00f6nt\u00f6tte a megjelenteket, majd a Szent\u00edr\u00e1sb\u00f3l, Szent P\u00e1lnak a m\u00e1ltai haj\u00f3t\u00f6r\u00e9se t\u00f6rt\u00e9net\u00e9t Horv\u00e1th Zsolt olvasta fel a megjelenteknek. Ezut\u00e1n Iv\u00e1n atya magyar\u00e1zta el a t\u00f6rt\u00e9ntek jelent\u0151s\u00e9g\u00e9t, valamint az Apostolok Cselekedeteib\u0151l vett .\u201e&#8230;nem mindennapi embers\u00e9get tan\u00fas\u00edtottak ir\u00e1ntunk&#8230;\u201d (ApCsel 28,2) \u00e9s \u201e&#8230;igen embers\u00e9gesen b\u00e1ntak vel\u00fcnk&#8230;\u201d&#8230;<\/p>\n<p class=\"read-more\"><a class=\"btn btn-default\" href=\"https:\/\/marcali.plebania.hu\/?p=1528\"> Read More<span class=\"screen-reader-text\">  Read More<\/span><\/a><\/p>\n","protected":false},"author":2,"featured_media":0,"comment_status":"closed","ping_status":"open","sticky":false,"template":"","format":"standard","meta":{"footnotes":""},"categories":[1],"tags":[],"class_list":["post-1528","post","type-post","status-publish","format-standard","hentry","category-egyeb"],"_links":{"self":[{"href":"https:\/\/marcali.plebania.hu\/index.php?rest_route=\/wp\/v2\/posts\/1528","targetHints":{"allow":["GET"]}}],"collection":[{"href":"https:\/\/marcali.plebania.hu\/index.php?rest_route=\/wp\/v2\/posts"}],"about":[{"href":"https:\/\/marcali.plebania.hu\/index.php?rest_route=\/wp\/v2\/types\/post"}],"author":[{"embeddable":true,"href":"https:\/\/marcali.plebania.hu\/index.php?rest_route=\/wp\/v2\/users\/2"}],"replies":[{"embeddable":true,"href":"https:\/\/marcali.plebania.hu\/index.php?rest_route=%2Fwp%2Fv2%2Fcomments&post=1528"}],"version-history":[{"count":1,"href":"https:\/\/marcali.plebania.hu\/index.php?rest_route=\/wp\/v2\/posts\/1528\/revisions"}],"predecessor-version":[{"id":1537,"href":"https:\/\/marcali.plebania.hu\/index.php?rest_route=\/wp\/v2\/posts\/1528\/revisions\/1537"}],"wp:attachment":[{"href":"https:\/\/marcali.plebania.hu\/index.php?rest_route=%2Fwp%2Fv2%2Fmedia&parent=1528"}],"wp:term":[{"taxonomy":"category","embeddable":true,"href":"https:\/\/marcali.plebania.hu\/index.php?rest_route=%2Fwp%2Fv2%2Fcategories&post=1528"},{"taxonomy":"post_tag","embeddable":true,"href":"https:\/\/marcali.plebania.hu\/index.php?rest_route=%2Fwp%2Fv2%2Ftags&post=1528"}],"curies":[{"name":"wp","href":"https:\/\/api.w.org\/{rel}","templated":true}]}}