{"id":1538,"date":"2020-01-24T09:18:01","date_gmt":"2020-01-24T09:18:01","guid":{"rendered":"https:\/\/marcali.plebania.hu\/?p=1538"},"modified":"2020-01-28T15:41:24","modified_gmt":"2020-01-28T15:41:24","slug":"hirdetesek-2020-01-26","status":"publish","type":"post","link":"https:\/\/marcali.plebania.hu\/?p=1538","title":{"rendered":"Hirdet\u00e9sek, 2020. 01. 26."},"content":{"rendered":"\n<ol class=\"wp-block-list\"><li>Ma van az \u00e9vk\u00f6zi 3. vas\u00e1rnap. Ma este 17 \u00f3rakor a reform\u00e1tus-evang\u00e9likus templomban \u00f6kumenikus istentiszteletet tartunk a kereszt\u00e9nyek egys\u00e9g\u00e9\u00e9rt.<\/li><li>Megk\u00f6sz\u00f6nj\u00fck mindazoknak a t\u00e1mogat\u00e1s\u00e1t, akik tombola felaj\u00e1nl\u00e1sokat adtak a Katolikus B\u00e1lra.<\/li><li>A hittanos gyermekeink farsangja febru\u00e1r 15-\u00e9n, szombaton 14 \u00f3rakor kezd\u0151dik az X-h\u00e1zban.<\/li><li>Az Eukarisztikus kongresszusra val\u00f3 jelentkez\u00e9s elindult. Gelencs\u00e9r R\u00f3bert vil\u00e1gi eln\u00f6k\u00f6t jel\u00f6ltem ki csoportvezet\u0151nek, akin\u00e9l jelentkezni lehet. Terveink szerint a kongresszusra szombati napon menn\u00e9nk, amikor a Kossuth t\u00e9ri szentmis\u00e9r\u0151l f\u00e1kly\u00e1s k\u00f6rmenettel a H\u0151s\u00f6k ter\u00e9ig megy\u00fcnk.<\/li><li>Terveink k\u00f6z\u00f6tt szerepel, hogy k\u00f6zadakoz\u00e1sb\u00f3l a templom el\u0151tti t\u00e9ren szobrot \u00e1ll\u00edtunk Boldog II. J\u00e1nos P\u00e1l p\u00e1p\u00e1nak. K\u00f6sz\u00f6nj\u00fck, hogy az \u00d6nkorm\u00e1nyzat hozz\u00e1j\u00e1rult, hogy k\u00f6zt\u00e9ren \u00e1llhasson ez a szobor. Majd a h\u00edveket is arra k\u00e9rj\u00fck, hogy lehet\u0151s\u00e9g\u00fckh\u00f6z k\u00e9pest t\u00e1mogass\u00e1k a szobor megval\u00f3s\u00edt\u00e1s\u00e1t.<\/li><\/ol>\n","protected":false},"excerpt":{"rendered":"<p>Ma van az \u00e9vk\u00f6zi 3. vas\u00e1rnap. Ma este 17 \u00f3rakor a reform\u00e1tus-evang\u00e9likus templomban \u00f6kumenikus istentiszteletet tartunk a kereszt\u00e9nyek egys\u00e9g\u00e9\u00e9rt. Megk\u00f6sz\u00f6nj\u00fck mindazoknak a t\u00e1mogat\u00e1s\u00e1t, akik tombola felaj\u00e1nl\u00e1sokat adtak a Katolikus B\u00e1lra. A hittanos gyermekeink farsangja febru\u00e1r 15-\u00e9n, szombaton 14 \u00f3rakor kezd\u0151dik az X-h\u00e1zban. Az Eukarisztikus kongresszusra val\u00f3 jelentkez\u00e9s elindult. Gelencs\u00e9r R\u00f3bert vil\u00e1gi eln\u00f6k\u00f6t jel\u00f6ltem ki csoportvezet\u0151nek, akin\u00e9l jelentkezni lehet. Terveink szerint a kongresszusra szombati napon menn\u00e9nk, amikor a Kossuth t\u00e9ri szentmis\u00e9r\u0151l f\u00e1kly\u00e1s k\u00f6rmenettel a H\u0151s\u00f6k ter\u00e9ig megy\u00fcnk. Terveink k\u00f6z\u00f6tt szerepel, hogy&#8230;<\/p>\n<p class=\"read-more\"><a class=\"btn btn-default\" href=\"https:\/\/marcali.plebania.hu\/?p=1538\"> Read More<span class=\"screen-reader-text\">  Read More<\/span><\/a><\/p>\n","protected":false},"author":2,"featured_media":0,"comment_status":"closed","ping_status":"open","sticky":false,"template":"","format":"standard","meta":{"footnotes":""},"categories":[1],"tags":[],"class_list":["post-1538","post","type-post","status-publish","format-standard","hentry","category-egyeb"],"_links":{"self":[{"href":"https:\/\/marcali.plebania.hu\/index.php?rest_route=\/wp\/v2\/posts\/1538","targetHints":{"allow":["GET"]}}],"collection":[{"href":"https:\/\/marcali.plebania.hu\/index.php?rest_route=\/wp\/v2\/posts"}],"about":[{"href":"https:\/\/marcali.plebania.hu\/index.php?rest_route=\/wp\/v2\/types\/post"}],"author":[{"embeddable":true,"href":"https:\/\/marcali.plebania.hu\/index.php?rest_route=\/wp\/v2\/users\/2"}],"replies":[{"embeddable":true,"href":"https:\/\/marcali.plebania.hu\/index.php?rest_route=%2Fwp%2Fv2%2Fcomments&post=1538"}],"version-history":[{"count":2,"href":"https:\/\/marcali.plebania.hu\/index.php?rest_route=\/wp\/v2\/posts\/1538\/revisions"}],"predecessor-version":[{"id":1541,"href":"https:\/\/marcali.plebania.hu\/index.php?rest_route=\/wp\/v2\/posts\/1538\/revisions\/1541"}],"wp:attachment":[{"href":"https:\/\/marcali.plebania.hu\/index.php?rest_route=%2Fwp%2Fv2%2Fmedia&parent=1538"}],"wp:term":[{"taxonomy":"category","embeddable":true,"href":"https:\/\/marcali.plebania.hu\/index.php?rest_route=%2Fwp%2Fv2%2Fcategories&post=1538"},{"taxonomy":"post_tag","embeddable":true,"href":"https:\/\/marcali.plebania.hu\/index.php?rest_route=%2Fwp%2Fv2%2Ftags&post=1538"}],"curies":[{"name":"wp","href":"https:\/\/api.w.org\/{rel}","templated":true}]}}