{"id":1544,"date":"2020-01-28T15:46:00","date_gmt":"2020-01-28T15:46:00","guid":{"rendered":"https:\/\/marcali.plebania.hu\/?p=1544"},"modified":"2020-01-28T15:46:00","modified_gmt":"2020-01-28T15:46:00","slug":"in-memoriam-pozsonyine-dr-laczkovics-anna","status":"publish","type":"post","link":"https:\/\/marcali.plebania.hu\/?p=1544","title":{"rendered":"In memoriam: Pozsonyin\u00e9 dr. Laczkovics Anna"},"content":{"rendered":"\n<p><strong>Elhunyt  Pozsonyin\u00e9 dr. Laczkovics Anna, a K\u00c9SZ marcali csoportj\u00e1nak alap\u00edt\u00f3  eln\u00f6ke \u00e9let\u00e9nek 70. \u00e9v\u00e9ben. Temet\u00e9se janu\u00e1r 28-\u00e1n 11 \u00f3rakor lesz a  marcali k\u00f6zponti temet\u0151ben.<\/strong><\/p>\n\n\n\n<figure class=\"wp-block-image\"><a href=\"http:\/\/www.keesz.hu\/images\/portrek\/laczkovics-anna_marcali2.jpg\"><img decoding=\"async\" src=\"http:\/\/www.keesz.hu\/images\/portrek\/laczkovics-anna_marcali2.jpg\" alt=\"\"\/><\/a><\/figure>\n\n\n\n<p>Laczkovics Anna 1950-ben Kaposv\u00e1ron sz\u00fcletett. \u00c9desanyja h\u00e1ztart\u00e1sbeli, \u00e9desapja n\u00e9hai <em>Laczkovics Gyula<\/em>,\n egy r\u00e1kospalotai t\u00f6bb gener\u00e1ci\u00f3s kiskeresked\u0151 fam\u00edlia lesz\u00e1rmazottja \nvolt, aki marcali k\u00f6zs\u00e9g f\u0151jegyz\u0151jek\u00e9nt dolgozott a m\u00e1sodik vil\u00e1gh\u00e1bor\u00fa \nut\u00e1n eg\u00e9szen 1950-ig, amikor a tan\u00e1csok megalakul\u00e1s\u00e1val politikai \nokokb\u00f3l el kellett hagynia hivatal\u00e1t.<\/p>\n\n\n\n<p>A marcali Lady J\u00e1nos Gimn\u00e1ziumban \n\u00e9retts\u00e9gizett, majd az E\u00f6tv\u00f6s L\u00f3r\u00e1nd Tudom\u00e1nyegyetem jogi kar\u00e1n tanult \ntov\u00e1bb, diplom\u00e1j\u00e1t 1973-ban szerezte meg. Ezt k\u00f6vet\u0151en Marcaliban az \n\u00fcgyv\u00e9di munkak\u00f6z\u00f6ss\u00e9gben \u00fcgyv\u00e9djel\u00f6ltk\u00e9nt kapott \u00e1ll\u00e1st. Ugyanebben az \n\u00e9vben f\u00e9rjhez ment <em>Pozsonyi Gy\u00f6rgyh\u00f6z<\/em>, akivel majdnem 44 \u00e9vet \n\u00e9ltek boldog h\u00e1zass\u00e1gban. K\u00e9t fi\u00fagyermeket neveltek fel, akik m\u00e1r \nfeln\u0151ttek, diplom\u00e1sok, jelenleg Budapesten \u00e9lnek.<\/p>\n\n\n\n<p>Id\u0151k\u00f6zben megszerezte \u00fcgyv\u00e9di \nszakvizsg\u00e1j\u00e1t. Munk\u00e1ja sor\u00e1n els\u0151sorban csal\u00e1d- \u00e9s vagyonjoggal \nfoglalkozott, n\u00e9h\u00e1ny esetben b\u00fcntet\u0151joggal, majd a rendszerv\u00e1lt\u00e1s ut\u00e1n \nt\u00e1rsas\u00e1gi joggal is. Az elm\u00falt hossz\u00fa \u00e9vtizedek alatt sokan megismert\u00e9k.<\/p>\n\n\n\n<p>\u00dcgyv\u00e9di teend\u0151i mellett 1995\u20131997 k\u00f6z\u00f6tt\n el\u0151sz\u00f6r aleln\u00f6ke, majd t\u00f6bb mint 22 \u00e9ve eln\u00f6ke a K\u00c9SZ marcali \ncsoportj\u00e1nak, amelynek 1995-\u00f6s megalakul\u00e1sakor alap\u00edt\u00f3 tagja is volt \nf\u00e9rj\u00e9vel Pozsonyi Gy\u00f6rggyel egy\u00fctt. Az\u00f3ta t\u00f6retlen hittel \u00e9s nagy \nlelkesed\u00e9ssel, f\u00e1radhatatlanul vezette a csoportot, amely az ut\u00f3bbi \nid\u0151ben gyarapod\u00e1snak indult, s m\u00e1ra m\u00e1r meg is haladta az alap\u00edt\u00e1s \nl\u00e9tsz\u00e1m\u00e1t.<\/p>\n\n\n\n<p>A Marcali R\u00f3mai Katolikus Egyh\u00e1zk\u00f6zs\u00e9g \nk\u00f6z\u00f6ss\u00e9gi h\u00e1z\u00e1ban a K\u00c9SZ szervez\u00e9s\u00e9ben rendszeresen tartanak \nel\u0151ad\u00e1sokat, \u00f6sszej\u00f6veteleket, belf\u00f6ldi zar\u00e1ndokutakat. Tev\u00e9kenys\u00e9g\u00fck \nnemcsak a vall\u00e1si t\u00e9m\u00e1j\u00fa rendezv\u00e9nyekre korl\u00e1toz\u00f3dik, hanem t\u00f6rt\u00e9nelmi, \nirodalmi, m\u0171v\u00e9szeti t\u00e9m\u00e1kra, valamint k\u00f6zm\u0171vel\u0151d\u00e9si \u00e9s nemzeti \nhagyom\u00e1nyokat bemutat\u00f3 programokra is kiterjed.<\/p>\n\n\n\n<p>E soksz\u00edn\u0171 rendezv\u00e9nyek mozgat\u00f3rug\u00f3ja \nvolt Laczkovics Anna, aki ismerts\u00e9g\u00e9nek k\u00f6sz\u00f6nhet\u0151en \u00e9s sz\u00e9les \nkapcsolatai r\u00e9v\u00e9n mindig k\u00e9pes volt sz\u00ednvonalas el\u0151ad\u00e1sokat szervezni \nMarcaliban. E rendezv\u00e9nyek olyan n\u00e9pszer\u0171ek voltak, hogy nemcsak a \ntags\u00e1got, a kereszt\u00e9ny h\u00edveket, hanem v\u00e1rosi \u00e9s vid\u00e9ki \u00e9rdekl\u0151d\u0151ket is \nsz\u00e9p sz\u00e1mmal vonzottak.<\/p>\n\n\n\n<p>Szakmai seg\u00edts\u00e9g\u00e9re \u00e9s \u0151szinte \ntan\u00e1csaira ismer\u0151sei, embert\u00e1rsai mindig sz\u00e1m\u00edthattak. Ezen k\u00edv\u00fcl tagja \nvolt a Marcali R\u00f3mai Katolikus Egyh\u00e1zk\u00f6zs\u00e9g k\u00e9pvisel\u0151-test\u00fclet\u00e9nek is. \nMunk\u00e1j\u00e1b\u00f3l kifoly\u00f3lag j\u00f3 kapcsolatokat tartott fenn a v\u00e1ros civil \nszervezetivel \u00e9s int\u00e9zm\u00e9nyeivel, valamint a K\u00c9SZ m\u00e1s telep\u00fcl\u00e9seken \nm\u0171k\u00f6d\u0151 csoportjaival. Am\u00edg tehette, m\u00e9lt\u00f3 m\u00f3don k\u00e9pviselte a marcali \ncsoportot a K\u00c9SZ orsz\u00e1gos konferenci\u00e1in. Laczkovics Anna mindig \nmegfontolt, p\u00e9ldamutat\u00f3 \u00e9lete k\u00f6vetend\u0151 p\u00e9lda mindenki sz\u00e1m\u00e1ra.<\/p>\n\n\n\n<p>Marcali V\u00e1ros \u00d6nkorm\u00e1nyzata Laczkovics \nAnna r\u00e9sz\u00e9re a v\u00e1ros vall\u00e1si, k\u00f6z\u00e9leti \u00e9s k\u00f6z\u00f6ss\u00e9gi \u00e9let\u00e9ben v\u00e9gzett \ntev\u00e9kenys\u00e9ge elismer\u00e9sek\u00e9nt 2017-ben Marcali V\u00e1ros\u00e9rt d\u00edjjal t\u00fcntette \nki.<\/p>\n\n\n\n<p>Erej\u00e9hez m\u00e9rten nyugd\u00edjask\u00e9nt is tov\u00e1bb \ndolgozott. F\u00e9rje elveszt\u00e9se azonban megviselte, az ut\u00f3bbi id\u0151ben t\u00f6bb \nbetegs\u00e9ggel is k\u00fczd\u00f6tt, melyet m\u00e9lt\u00f3s\u00e1ggal viselt. Hal\u00e1la v\u00e1ratlanul \n\u00e9rte k\u00f6rnyezet\u00e9t.<\/p>\n\n\n\n<p>F\u00e1jdalommal, de Isten akarat\u00e1ban \nmegnyugodva, a felt\u00e1mad\u00e1s rem\u00e9ny\u00e9ben b\u00facs\u00fazik t\u0151le a gy\u00e1szol\u00f3 csal\u00e1d, \nrokonai, ismer\u0151sei, a Marcali R\u00f3mai Katolikus Egyh\u00e1zk\u00f6zs\u00e9g \u00e9s a \nKereszt\u00e9ny \u00c9rtelmis\u00e9giek Sz\u00f6vets\u00e9ge marcali csoportja. Lelki \u00fcdv\u00e9\u00e9rt \nengesztel\u0151 szentmis\u00e9t mutatnak be a temet\u00e9s\u00e9t megel\u0151z\u0151en, janu\u00e1r 28-\u00e1n \n10 \u00f3ra 15 perckor a marcali Gy\u00fcm\u00f6lcsolt\u00f3 \nBoldogasszony-pl\u00e9b\u00e1niatemplomban.<\/p>\n","protected":false},"excerpt":{"rendered":"<p>Elhunyt Pozsonyin\u00e9 dr. Laczkovics Anna, a K\u00c9SZ marcali csoportj\u00e1nak alap\u00edt\u00f3 eln\u00f6ke \u00e9let\u00e9nek 70. \u00e9v\u00e9ben. Temet\u00e9se janu\u00e1r 28-\u00e1n 11 \u00f3rakor lesz a marcali k\u00f6zponti temet\u0151ben. Laczkovics Anna 1950-ben Kaposv\u00e1ron sz\u00fcletett. \u00c9desanyja h\u00e1ztart\u00e1sbeli, \u00e9desapja n\u00e9hai Laczkovics Gyula, egy r\u00e1kospalotai t\u00f6bb gener\u00e1ci\u00f3s kiskeresked\u0151 fam\u00edlia lesz\u00e1rmazottja volt, aki marcali k\u00f6zs\u00e9g f\u0151jegyz\u0151jek\u00e9nt dolgozott a m\u00e1sodik vil\u00e1gh\u00e1bor\u00fa ut\u00e1n eg\u00e9szen 1950-ig, amikor a tan\u00e1csok megalakul\u00e1s\u00e1val politikai okokb\u00f3l el kellett hagynia hivatal\u00e1t. A marcali Lady J\u00e1nos Gimn\u00e1ziumban \u00e9retts\u00e9gizett, majd az E\u00f6tv\u00f6s L\u00f3r\u00e1nd Tudom\u00e1nyegyetem jogi kar\u00e1n tanult tov\u00e1bb, diplom\u00e1j\u00e1t&#8230;<\/p>\n<p class=\"read-more\"><a class=\"btn btn-default\" href=\"https:\/\/marcali.plebania.hu\/?p=1544\"> Read More<span class=\"screen-reader-text\">  Read More<\/span><\/a><\/p>\n","protected":false},"author":2,"featured_media":0,"comment_status":"closed","ping_status":"open","sticky":false,"template":"","format":"standard","meta":{"footnotes":""},"categories":[1],"tags":[],"class_list":["post-1544","post","type-post","status-publish","format-standard","hentry","category-egyeb"],"_links":{"self":[{"href":"https:\/\/marcali.plebania.hu\/index.php?rest_route=\/wp\/v2\/posts\/1544","targetHints":{"allow":["GET"]}}],"collection":[{"href":"https:\/\/marcali.plebania.hu\/index.php?rest_route=\/wp\/v2\/posts"}],"about":[{"href":"https:\/\/marcali.plebania.hu\/index.php?rest_route=\/wp\/v2\/types\/post"}],"author":[{"embeddable":true,"href":"https:\/\/marcali.plebania.hu\/index.php?rest_route=\/wp\/v2\/users\/2"}],"replies":[{"embeddable":true,"href":"https:\/\/marcali.plebania.hu\/index.php?rest_route=%2Fwp%2Fv2%2Fcomments&post=1544"}],"version-history":[{"count":1,"href":"https:\/\/marcali.plebania.hu\/index.php?rest_route=\/wp\/v2\/posts\/1544\/revisions"}],"predecessor-version":[{"id":1545,"href":"https:\/\/marcali.plebania.hu\/index.php?rest_route=\/wp\/v2\/posts\/1544\/revisions\/1545"}],"wp:attachment":[{"href":"https:\/\/marcali.plebania.hu\/index.php?rest_route=%2Fwp%2Fv2%2Fmedia&parent=1544"}],"wp:term":[{"taxonomy":"category","embeddable":true,"href":"https:\/\/marcali.plebania.hu\/index.php?rest_route=%2Fwp%2Fv2%2Fcategories&post=1544"},{"taxonomy":"post_tag","embeddable":true,"href":"https:\/\/marcali.plebania.hu\/index.php?rest_route=%2Fwp%2Fv2%2Ftags&post=1544"}],"curies":[{"name":"wp","href":"https:\/\/api.w.org\/{rel}","templated":true}]}}