{"id":1546,"date":"2020-01-28T15:52:32","date_gmt":"2020-01-28T15:52:32","guid":{"rendered":"https:\/\/marcali.plebania.hu\/?p=1546"},"modified":"2020-01-28T15:52:32","modified_gmt":"2020-01-28T15:52:32","slug":"befejezodott-az-okumenikus-imahet","status":"publish","type":"post","link":"https:\/\/marcali.plebania.hu\/?p=1546","title":{"rendered":"Befejez\u0151d\u00f6tt az \u00f6kumenikus imah\u00e9t"},"content":{"rendered":"\n<p>2020. janu\u00e1r 26-\u00e1n, vas\u00e1rnap este 17 \u00f3rakor a marcali reform\u00e1tus-evang\u00e9likus templomban fejez\u0151d\u00f6tt be az \u00f6kumenikus imah\u00e9t.<\/p>\n\n\n\n<figure class=\"wp-block-gallery columns-3 is-cropped wp-block-gallery-1 is-layout-flex wp-block-gallery-is-layout-flex\"><ul class=\"blocks-gallery-grid\"><li class=\"blocks-gallery-item\"><figure><img loading=\"lazy\" decoding=\"async\" width=\"1024\" height=\"683\" src=\"https:\/\/marcali.plebania.hu\/wp-content\/uploads\/2020\/01\/05-1-1024x683.jpg\" alt=\"\" data-id=\"1547\" data-link=\"https:\/\/marcali.plebania.hu\/?attachment_id=1547\" class=\"wp-image-1547\" srcset=\"https:\/\/marcali.plebania.hu\/wp-content\/uploads\/2020\/01\/05-1-1024x683.jpg 1024w, https:\/\/marcali.plebania.hu\/wp-content\/uploads\/2020\/01\/05-1-300x200.jpg 300w, https:\/\/marcali.plebania.hu\/wp-content\/uploads\/2020\/01\/05-1-768x512.jpg 768w, https:\/\/marcali.plebania.hu\/wp-content\/uploads\/2020\/01\/05-1-1536x1024.jpg 1536w, https:\/\/marcali.plebania.hu\/wp-content\/uploads\/2020\/01\/05-1-2048x1365.jpg 2048w, https:\/\/marcali.plebania.hu\/wp-content\/uploads\/2020\/01\/05-1-405x270.jpg 405w\" sizes=\"auto, (max-width: 1024px) 100vw, 1024px\" \/><\/figure><\/li><li class=\"blocks-gallery-item\"><figure><img loading=\"lazy\" decoding=\"async\" width=\"1024\" height=\"683\" src=\"https:\/\/marcali.plebania.hu\/wp-content\/uploads\/2020\/01\/06-1-1024x683.jpg\" alt=\"\" data-id=\"1548\" data-link=\"https:\/\/marcali.plebania.hu\/?attachment_id=1548\" class=\"wp-image-1548\" srcset=\"https:\/\/marcali.plebania.hu\/wp-content\/uploads\/2020\/01\/06-1-1024x683.jpg 1024w, https:\/\/marcali.plebania.hu\/wp-content\/uploads\/2020\/01\/06-1-300x200.jpg 300w, https:\/\/marcali.plebania.hu\/wp-content\/uploads\/2020\/01\/06-1-768x512.jpg 768w, https:\/\/marcali.plebania.hu\/wp-content\/uploads\/2020\/01\/06-1-1536x1024.jpg 1536w, https:\/\/marcali.plebania.hu\/wp-content\/uploads\/2020\/01\/06-1-2048x1365.jpg 2048w, https:\/\/marcali.plebania.hu\/wp-content\/uploads\/2020\/01\/06-1-405x270.jpg 405w\" sizes=\"auto, (max-width: 1024px) 100vw, 1024px\" \/><\/figure><\/li><li class=\"blocks-gallery-item\"><figure><img loading=\"lazy\" decoding=\"async\" width=\"1024\" height=\"683\" src=\"https:\/\/marcali.plebania.hu\/wp-content\/uploads\/2020\/01\/07-2-1024x683.jpg\" alt=\"\" data-id=\"1549\" data-link=\"https:\/\/marcali.plebania.hu\/?attachment_id=1549\" class=\"wp-image-1549\" srcset=\"https:\/\/marcali.plebania.hu\/wp-content\/uploads\/2020\/01\/07-2-1024x683.jpg 1024w, https:\/\/marcali.plebania.hu\/wp-content\/uploads\/2020\/01\/07-2-300x200.jpg 300w, https:\/\/marcali.plebania.hu\/wp-content\/uploads\/2020\/01\/07-2-768x512.jpg 768w, https:\/\/marcali.plebania.hu\/wp-content\/uploads\/2020\/01\/07-2-1536x1024.jpg 1536w, https:\/\/marcali.plebania.hu\/wp-content\/uploads\/2020\/01\/07-2-2048x1365.jpg 2048w, https:\/\/marcali.plebania.hu\/wp-content\/uploads\/2020\/01\/07-2-405x270.jpg 405w\" sizes=\"auto, (max-width: 1024px) 100vw, 1024px\" \/><\/figure><\/li><li class=\"blocks-gallery-item\"><figure><img loading=\"lazy\" decoding=\"async\" width=\"1024\" height=\"683\" src=\"https:\/\/marcali.plebania.hu\/wp-content\/uploads\/2020\/01\/03-1-1024x683.jpg\" alt=\"\" data-id=\"1550\" data-full-url=\"https:\/\/marcali.plebania.hu\/wp-content\/uploads\/2020\/01\/03-1-scaled.jpg\" data-link=\"https:\/\/marcali.plebania.hu\/?attachment_id=1550\" class=\"wp-image-1550\" srcset=\"https:\/\/marcali.plebania.hu\/wp-content\/uploads\/2020\/01\/03-1-1024x683.jpg 1024w, https:\/\/marcali.plebania.hu\/wp-content\/uploads\/2020\/01\/03-1-300x200.jpg 300w, https:\/\/marcali.plebania.hu\/wp-content\/uploads\/2020\/01\/03-1-768x512.jpg 768w, https:\/\/marcali.plebania.hu\/wp-content\/uploads\/2020\/01\/03-1-1536x1024.jpg 1536w, https:\/\/marcali.plebania.hu\/wp-content\/uploads\/2020\/01\/03-1-2048x1365.jpg 2048w, https:\/\/marcali.plebania.hu\/wp-content\/uploads\/2020\/01\/03-1-405x270.jpg 405w\" sizes=\"auto, (max-width: 1024px) 100vw, 1024px\" \/><\/figure><\/li><\/ul><\/figure>\n\n\n\n<p>A Krisztus-h\u00edv\u0151k egys\u00e9g\u00e9\u00e9rt szervezett istentiszteletet Fazekas Kriszti\u00e1n reform\u00e1tus lelkip\u00e1sztor vezette, Kiss Iv\u00e1n c. pr\u00e9post, esperes-pl\u00e9b\u00e1nos pedig hirdetett ig\u00e9t. Erre az alkalomra a helyi gy\u00fclekezet tagjain k\u00edv\u00fcl a katolikus h\u00edvek is sz\u00e9p sz\u00e1mmal elj\u00f6ttek. Az idei imah\u00e9t Bibli\u00e1b\u00f3l vett jelmondatai: .\u201e&#8230;nem mindennapi embers\u00e9get tan\u00fas\u00edtottak ir\u00e1ntunk&#8230;\u201d (ApCsel28,2) \u00e9s \u201e&#8230;igen embers\u00e9gesen b\u00e1ntak vel\u00fcnk&#8230;\u201d (ApCsel28,2) voltak.<\/p>\n\n\n\n<figure class=\"wp-block-gallery columns-3 is-cropped wp-block-gallery-2 is-layout-flex wp-block-gallery-is-layout-flex\"><ul class=\"blocks-gallery-grid\"><li class=\"blocks-gallery-item\"><figure><img loading=\"lazy\" decoding=\"async\" width=\"1024\" height=\"683\" src=\"https:\/\/marcali.plebania.hu\/wp-content\/uploads\/2020\/01\/08-1-1024x683.jpg\" alt=\"\" data-id=\"1551\" data-link=\"https:\/\/marcali.plebania.hu\/?attachment_id=1551\" class=\"wp-image-1551\" srcset=\"https:\/\/marcali.plebania.hu\/wp-content\/uploads\/2020\/01\/08-1-1024x683.jpg 1024w, https:\/\/marcali.plebania.hu\/wp-content\/uploads\/2020\/01\/08-1-300x200.jpg 300w, https:\/\/marcali.plebania.hu\/wp-content\/uploads\/2020\/01\/08-1-768x512.jpg 768w, https:\/\/marcali.plebania.hu\/wp-content\/uploads\/2020\/01\/08-1-1536x1024.jpg 1536w, https:\/\/marcali.plebania.hu\/wp-content\/uploads\/2020\/01\/08-1-2048x1365.jpg 2048w, https:\/\/marcali.plebania.hu\/wp-content\/uploads\/2020\/01\/08-1-405x270.jpg 405w\" sizes=\"auto, (max-width: 1024px) 100vw, 1024px\" \/><\/figure><\/li><li class=\"blocks-gallery-item\"><figure><img loading=\"lazy\" decoding=\"async\" width=\"1024\" height=\"683\" src=\"https:\/\/marcali.plebania.hu\/wp-content\/uploads\/2020\/01\/09-1-1024x683.jpg\" alt=\"\" data-id=\"1552\" data-link=\"https:\/\/marcali.plebania.hu\/?attachment_id=1552\" class=\"wp-image-1552\" srcset=\"https:\/\/marcali.plebania.hu\/wp-content\/uploads\/2020\/01\/09-1-1024x683.jpg 1024w, https:\/\/marcali.plebania.hu\/wp-content\/uploads\/2020\/01\/09-1-300x200.jpg 300w, https:\/\/marcali.plebania.hu\/wp-content\/uploads\/2020\/01\/09-1-768x512.jpg 768w, https:\/\/marcali.plebania.hu\/wp-content\/uploads\/2020\/01\/09-1-1536x1024.jpg 1536w, https:\/\/marcali.plebania.hu\/wp-content\/uploads\/2020\/01\/09-1-2048x1365.jpg 2048w, https:\/\/marcali.plebania.hu\/wp-content\/uploads\/2020\/01\/09-1-405x270.jpg 405w\" sizes=\"auto, (max-width: 1024px) 100vw, 1024px\" \/><\/figure><\/li><li class=\"blocks-gallery-item\"><figure><img loading=\"lazy\" decoding=\"async\" width=\"1024\" height=\"683\" src=\"https:\/\/marcali.plebania.hu\/wp-content\/uploads\/2020\/01\/10-1-1024x683.jpg\" alt=\"\" data-id=\"1553\" data-link=\"https:\/\/marcali.plebania.hu\/?attachment_id=1553\" class=\"wp-image-1553\" srcset=\"https:\/\/marcali.plebania.hu\/wp-content\/uploads\/2020\/01\/10-1-1024x683.jpg 1024w, https:\/\/marcali.plebania.hu\/wp-content\/uploads\/2020\/01\/10-1-300x200.jpg 300w, https:\/\/marcali.plebania.hu\/wp-content\/uploads\/2020\/01\/10-1-768x512.jpg 768w, https:\/\/marcali.plebania.hu\/wp-content\/uploads\/2020\/01\/10-1-1536x1024.jpg 1536w, https:\/\/marcali.plebania.hu\/wp-content\/uploads\/2020\/01\/10-1-2048x1365.jpg 2048w, https:\/\/marcali.plebania.hu\/wp-content\/uploads\/2020\/01\/10-1-405x270.jpg 405w\" sizes=\"auto, (max-width: 1024px) 100vw, 1024px\" \/><\/figure><\/li><li class=\"blocks-gallery-item\"><figure><img loading=\"lazy\" decoding=\"async\" width=\"1024\" height=\"683\" src=\"https:\/\/marcali.plebania.hu\/wp-content\/uploads\/2020\/01\/04-1-1024x683.jpg\" alt=\"\" data-id=\"1554\" data-full-url=\"https:\/\/marcali.plebania.hu\/wp-content\/uploads\/2020\/01\/04-1-scaled.jpg\" data-link=\"https:\/\/marcali.plebania.hu\/?attachment_id=1554\" class=\"wp-image-1554\" srcset=\"https:\/\/marcali.plebania.hu\/wp-content\/uploads\/2020\/01\/04-1-1024x683.jpg 1024w, https:\/\/marcali.plebania.hu\/wp-content\/uploads\/2020\/01\/04-1-300x200.jpg 300w, https:\/\/marcali.plebania.hu\/wp-content\/uploads\/2020\/01\/04-1-768x512.jpg 768w, https:\/\/marcali.plebania.hu\/wp-content\/uploads\/2020\/01\/04-1-1536x1024.jpg 1536w, https:\/\/marcali.plebania.hu\/wp-content\/uploads\/2020\/01\/04-1-2048x1365.jpg 2048w, https:\/\/marcali.plebania.hu\/wp-content\/uploads\/2020\/01\/04-1-405x270.jpg 405w\" sizes=\"auto, (max-width: 1024px) 100vw, 1024px\" \/><\/figure><\/li><\/ul><\/figure>\n\n\n\n<p>Iv\u00e1n atya besz\u00e9d\u00e9ben a M\u00e1lta sziget\u00e9re haj\u00f3t\u00f6r\u00f6ttk\u00e9nt \u00e9rkez\u0151 Szent P\u00e1l apostol t\u00f6rt\u00e9net\u00e9t eleven\u00edtette fel, \u00e9s k\u00fcl\u00f6nf\u00e9le p\u00e9ld\u00e1zatokkal magyar\u00e1zta el a fenti id\u00e9zetek jelent\u0151s\u00e9g\u00e9t. A pog\u00e1ny szigetlak\u00f3k k\u00e9pesek voltak a kiszolg\u00e1ltatott helyzetben l\u00e9v\u0151 idegeneket befogadni, vend\u00e9g\u00fcl l\u00e1tni, azaz embers\u00e9gesen b\u00e1ntak vel\u00fck. Hangs\u00falyozta, ez a tett a mai vil\u00e1gunkban is p\u00e9lda \u00e9rt\u00e9k\u0171 kellene, hogy legyen, b\u00e1r sajnos nem mindig ez tapasztalhat\u00f3 az emberek egym\u00e1s k\u00f6z\u00f6tti viszony\u00e1ban. Fontos lenne a kereszt\u00e9ny\/kereszty\u00e9n egys\u00e9g megteremt\u00e9se nemcsak ezen a k\u00f6z\u00f6s imah\u00e9ten, hanem keresni kellene az alkalmakat az \u00e9v tov\u00e1bbi napjain is az egy\u00fctt gondolkod\u00e1sra.<\/p>\n\n\n\n<figure class=\"wp-block-gallery columns-3 is-cropped wp-block-gallery-3 is-layout-flex wp-block-gallery-is-layout-flex\"><ul class=\"blocks-gallery-grid\"><li class=\"blocks-gallery-item\"><figure><img loading=\"lazy\" decoding=\"async\" width=\"1024\" height=\"683\" src=\"https:\/\/marcali.plebania.hu\/wp-content\/uploads\/2020\/01\/15-1024x683.jpg\" alt=\"\" data-id=\"1555\" data-link=\"https:\/\/marcali.plebania.hu\/?attachment_id=1555\" class=\"wp-image-1555\" srcset=\"https:\/\/marcali.plebania.hu\/wp-content\/uploads\/2020\/01\/15-1024x683.jpg 1024w, https:\/\/marcali.plebania.hu\/wp-content\/uploads\/2020\/01\/15-300x200.jpg 300w, https:\/\/marcali.plebania.hu\/wp-content\/uploads\/2020\/01\/15-768x512.jpg 768w, https:\/\/marcali.plebania.hu\/wp-content\/uploads\/2020\/01\/15-1536x1024.jpg 1536w, https:\/\/marcali.plebania.hu\/wp-content\/uploads\/2020\/01\/15-2048x1365.jpg 2048w, https:\/\/marcali.plebania.hu\/wp-content\/uploads\/2020\/01\/15-405x270.jpg 405w\" sizes=\"auto, (max-width: 1024px) 100vw, 1024px\" \/><\/figure><\/li><li class=\"blocks-gallery-item\"><figure><img loading=\"lazy\" decoding=\"async\" width=\"1024\" height=\"683\" src=\"https:\/\/marcali.plebania.hu\/wp-content\/uploads\/2020\/01\/16-1-1024x683.jpg\" alt=\"\" data-id=\"1556\" data-link=\"https:\/\/marcali.plebania.hu\/?attachment_id=1556\" class=\"wp-image-1556\" srcset=\"https:\/\/marcali.plebania.hu\/wp-content\/uploads\/2020\/01\/16-1-1024x683.jpg 1024w, https:\/\/marcali.plebania.hu\/wp-content\/uploads\/2020\/01\/16-1-300x200.jpg 300w, https:\/\/marcali.plebania.hu\/wp-content\/uploads\/2020\/01\/16-1-768x512.jpg 768w, https:\/\/marcali.plebania.hu\/wp-content\/uploads\/2020\/01\/16-1-1536x1024.jpg 1536w, https:\/\/marcali.plebania.hu\/wp-content\/uploads\/2020\/01\/16-1-2048x1365.jpg 2048w, https:\/\/marcali.plebania.hu\/wp-content\/uploads\/2020\/01\/16-1-405x270.jpg 405w\" sizes=\"auto, (max-width: 1024px) 100vw, 1024px\" \/><\/figure><\/li><li class=\"blocks-gallery-item\"><figure><img loading=\"lazy\" decoding=\"async\" width=\"1024\" height=\"683\" src=\"https:\/\/marcali.plebania.hu\/wp-content\/uploads\/2020\/01\/18-1-1024x683.jpg\" alt=\"\" data-id=\"1557\" data-link=\"https:\/\/marcali.plebania.hu\/?attachment_id=1557\" class=\"wp-image-1557\" srcset=\"https:\/\/marcali.plebania.hu\/wp-content\/uploads\/2020\/01\/18-1-1024x683.jpg 1024w, https:\/\/marcali.plebania.hu\/wp-content\/uploads\/2020\/01\/18-1-300x200.jpg 300w, https:\/\/marcali.plebania.hu\/wp-content\/uploads\/2020\/01\/18-1-768x512.jpg 768w, https:\/\/marcali.plebania.hu\/wp-content\/uploads\/2020\/01\/18-1-1536x1024.jpg 1536w, https:\/\/marcali.plebania.hu\/wp-content\/uploads\/2020\/01\/18-1-2048x1365.jpg 2048w, https:\/\/marcali.plebania.hu\/wp-content\/uploads\/2020\/01\/18-1-405x270.jpg 405w\" sizes=\"auto, (max-width: 1024px) 100vw, 1024px\" \/><\/figure><\/li><li class=\"blocks-gallery-item\"><figure><img loading=\"lazy\" decoding=\"async\" width=\"1024\" height=\"683\" src=\"https:\/\/marcali.plebania.hu\/wp-content\/uploads\/2020\/01\/20-1-1024x683.jpg\" alt=\"\" data-id=\"1558\" data-full-url=\"https:\/\/marcali.plebania.hu\/wp-content\/uploads\/2020\/01\/20-1-scaled.jpg\" data-link=\"https:\/\/marcali.plebania.hu\/?attachment_id=1558\" class=\"wp-image-1558\" srcset=\"https:\/\/marcali.plebania.hu\/wp-content\/uploads\/2020\/01\/20-1-1024x683.jpg 1024w, https:\/\/marcali.plebania.hu\/wp-content\/uploads\/2020\/01\/20-1-300x200.jpg 300w, https:\/\/marcali.plebania.hu\/wp-content\/uploads\/2020\/01\/20-1-768x512.jpg 768w, https:\/\/marcali.plebania.hu\/wp-content\/uploads\/2020\/01\/20-1-1536x1024.jpg 1536w, https:\/\/marcali.plebania.hu\/wp-content\/uploads\/2020\/01\/20-1-2048x1365.jpg 2048w, https:\/\/marcali.plebania.hu\/wp-content\/uploads\/2020\/01\/20-1-405x270.jpg 405w\" sizes=\"auto, (max-width: 1024px) 100vw, 1024px\" \/><\/figure><\/li><\/ul><\/figure>\n\n\n\n<p>Az istentiszteletet a Himnusz el\u00e9nekl\u00e9se z\u00e1rta, majd a lelkip\u00e1sztorok \u00e1ld\u00e1st adtak a jelenl\u00e9v\u0151kre, valamint a templomajt\u00f3ban mindenkivel kezet fogtak az \u00f6kumenizmus jegy\u00e9ben, a megb\u00e9k\u00e9l\u00e9s, a testv\u00e9ri szeretet \u00e9s az egys\u00e9g jelek\u00e9nt.<\/p>\n\n\n\n<figure class=\"wp-block-gallery columns-3 is-cropped wp-block-gallery-4 is-layout-flex wp-block-gallery-is-layout-flex\"><ul class=\"blocks-gallery-grid\"><li class=\"blocks-gallery-item\"><figure><img loading=\"lazy\" decoding=\"async\" width=\"1024\" height=\"683\" src=\"https:\/\/marcali.plebania.hu\/wp-content\/uploads\/2020\/01\/22-1024x683.jpg\" alt=\"\" data-id=\"1559\" data-full-url=\"https:\/\/marcali.plebania.hu\/wp-content\/uploads\/2020\/01\/22-scaled.jpg\" data-link=\"https:\/\/marcali.plebania.hu\/?attachment_id=1559\" class=\"wp-image-1559\" srcset=\"https:\/\/marcali.plebania.hu\/wp-content\/uploads\/2020\/01\/22-1024x683.jpg 1024w, https:\/\/marcali.plebania.hu\/wp-content\/uploads\/2020\/01\/22-300x200.jpg 300w, https:\/\/marcali.plebania.hu\/wp-content\/uploads\/2020\/01\/22-768x512.jpg 768w, https:\/\/marcali.plebania.hu\/wp-content\/uploads\/2020\/01\/22-1536x1024.jpg 1536w, https:\/\/marcali.plebania.hu\/wp-content\/uploads\/2020\/01\/22-2048x1365.jpg 2048w, https:\/\/marcali.plebania.hu\/wp-content\/uploads\/2020\/01\/22-405x270.jpg 405w\" sizes=\"auto, (max-width: 1024px) 100vw, 1024px\" \/><\/figure><\/li><li class=\"blocks-gallery-item\"><figure><img loading=\"lazy\" decoding=\"async\" width=\"1024\" height=\"683\" src=\"https:\/\/marcali.plebania.hu\/wp-content\/uploads\/2020\/01\/23-1024x683.jpg\" alt=\"\" data-id=\"1560\" data-full-url=\"https:\/\/marcali.plebania.hu\/wp-content\/uploads\/2020\/01\/23-scaled.jpg\" data-link=\"https:\/\/marcali.plebania.hu\/?attachment_id=1560\" class=\"wp-image-1560\" srcset=\"https:\/\/marcali.plebania.hu\/wp-content\/uploads\/2020\/01\/23-1024x683.jpg 1024w, https:\/\/marcali.plebania.hu\/wp-content\/uploads\/2020\/01\/23-300x200.jpg 300w, https:\/\/marcali.plebania.hu\/wp-content\/uploads\/2020\/01\/23-768x512.jpg 768w, https:\/\/marcali.plebania.hu\/wp-content\/uploads\/2020\/01\/23-1536x1024.jpg 1536w, https:\/\/marcali.plebania.hu\/wp-content\/uploads\/2020\/01\/23-2048x1365.jpg 2048w, https:\/\/marcali.plebania.hu\/wp-content\/uploads\/2020\/01\/23-405x270.jpg 405w\" sizes=\"auto, (max-width: 1024px) 100vw, 1024px\" \/><\/figure><\/li><li class=\"blocks-gallery-item\"><figure><img loading=\"lazy\" decoding=\"async\" width=\"1024\" height=\"683\" src=\"https:\/\/marcali.plebania.hu\/wp-content\/uploads\/2020\/01\/24-1024x683.jpg\" alt=\"\" data-id=\"1561\" data-full-url=\"https:\/\/marcali.plebania.hu\/wp-content\/uploads\/2020\/01\/24-scaled.jpg\" data-link=\"https:\/\/marcali.plebania.hu\/?attachment_id=1561\" class=\"wp-image-1561\" srcset=\"https:\/\/marcali.plebania.hu\/wp-content\/uploads\/2020\/01\/24-1024x683.jpg 1024w, https:\/\/marcali.plebania.hu\/wp-content\/uploads\/2020\/01\/24-300x200.jpg 300w, https:\/\/marcali.plebania.hu\/wp-content\/uploads\/2020\/01\/24-768x512.jpg 768w, https:\/\/marcali.plebania.hu\/wp-content\/uploads\/2020\/01\/24-1536x1024.jpg 1536w, https:\/\/marcali.plebania.hu\/wp-content\/uploads\/2020\/01\/24-2048x1365.jpg 2048w, https:\/\/marcali.plebania.hu\/wp-content\/uploads\/2020\/01\/24-405x270.jpg 405w\" sizes=\"auto, (max-width: 1024px) 100vw, 1024px\" \/><\/figure><\/li><li class=\"blocks-gallery-item\"><figure><img loading=\"lazy\" decoding=\"async\" width=\"1024\" height=\"683\" src=\"https:\/\/marcali.plebania.hu\/wp-content\/uploads\/2020\/01\/25-1024x683.jpg\" alt=\"\" data-id=\"1562\" data-full-url=\"https:\/\/marcali.plebania.hu\/wp-content\/uploads\/2020\/01\/25-scaled.jpg\" data-link=\"https:\/\/marcali.plebania.hu\/?attachment_id=1562\" class=\"wp-image-1562\" srcset=\"https:\/\/marcali.plebania.hu\/wp-content\/uploads\/2020\/01\/25-1024x683.jpg 1024w, https:\/\/marcali.plebania.hu\/wp-content\/uploads\/2020\/01\/25-300x200.jpg 300w, https:\/\/marcali.plebania.hu\/wp-content\/uploads\/2020\/01\/25-768x512.jpg 768w, https:\/\/marcali.plebania.hu\/wp-content\/uploads\/2020\/01\/25-1536x1024.jpg 1536w, https:\/\/marcali.plebania.hu\/wp-content\/uploads\/2020\/01\/25-2048x1365.jpg 2048w, https:\/\/marcali.plebania.hu\/wp-content\/uploads\/2020\/01\/25-405x270.jpg 405w\" sizes=\"auto, (max-width: 1024px) 100vw, 1024px\" \/><\/figure><\/li><\/ul><\/figure>\n","protected":false},"excerpt":{"rendered":"<p>2020. janu\u00e1r 26-\u00e1n, vas\u00e1rnap este 17 \u00f3rakor a marcali reform\u00e1tus-evang\u00e9likus templomban fejez\u0151d\u00f6tt be az \u00f6kumenikus imah\u00e9t. A Krisztus-h\u00edv\u0151k egys\u00e9g\u00e9\u00e9rt szervezett istentiszteletet Fazekas Kriszti\u00e1n reform\u00e1tus lelkip\u00e1sztor vezette, Kiss Iv\u00e1n c. pr\u00e9post, esperes-pl\u00e9b\u00e1nos pedig hirdetett ig\u00e9t. Erre az alkalomra a helyi gy\u00fclekezet tagjain k\u00edv\u00fcl a katolikus h\u00edvek is sz\u00e9p sz\u00e1mmal elj\u00f6ttek. Az idei imah\u00e9t Bibli\u00e1b\u00f3l vett jelmondatai: .\u201e&#8230;nem mindennapi embers\u00e9get tan\u00fas\u00edtottak ir\u00e1ntunk&#8230;\u201d (ApCsel28,2) \u00e9s \u201e&#8230;igen embers\u00e9gesen b\u00e1ntak vel\u00fcnk&#8230;\u201d (ApCsel28,2) voltak. Iv\u00e1n atya besz\u00e9d\u00e9ben a M\u00e1lta sziget\u00e9re haj\u00f3t\u00f6r\u00f6ttk\u00e9nt \u00e9rkez\u0151 Szent P\u00e1l apostol t\u00f6rt\u00e9net\u00e9t&#8230;<\/p>\n<p class=\"read-more\"><a class=\"btn btn-default\" href=\"https:\/\/marcali.plebania.hu\/?p=1546\"> Read More<span class=\"screen-reader-text\">  Read More<\/span><\/a><\/p>\n","protected":false},"author":2,"featured_media":0,"comment_status":"closed","ping_status":"open","sticky":false,"template":"","format":"standard","meta":{"footnotes":""},"categories":[1],"tags":[],"class_list":["post-1546","post","type-post","status-publish","format-standard","hentry","category-egyeb"],"_links":{"self":[{"href":"https:\/\/marcali.plebania.hu\/index.php?rest_route=\/wp\/v2\/posts\/1546","targetHints":{"allow":["GET"]}}],"collection":[{"href":"https:\/\/marcali.plebania.hu\/index.php?rest_route=\/wp\/v2\/posts"}],"about":[{"href":"https:\/\/marcali.plebania.hu\/index.php?rest_route=\/wp\/v2\/types\/post"}],"author":[{"embeddable":true,"href":"https:\/\/marcali.plebania.hu\/index.php?rest_route=\/wp\/v2\/users\/2"}],"replies":[{"embeddable":true,"href":"https:\/\/marcali.plebania.hu\/index.php?rest_route=%2Fwp%2Fv2%2Fcomments&post=1546"}],"version-history":[{"count":1,"href":"https:\/\/marcali.plebania.hu\/index.php?rest_route=\/wp\/v2\/posts\/1546\/revisions"}],"predecessor-version":[{"id":1563,"href":"https:\/\/marcali.plebania.hu\/index.php?rest_route=\/wp\/v2\/posts\/1546\/revisions\/1563"}],"wp:attachment":[{"href":"https:\/\/marcali.plebania.hu\/index.php?rest_route=%2Fwp%2Fv2%2Fmedia&parent=1546"}],"wp:term":[{"taxonomy":"category","embeddable":true,"href":"https:\/\/marcali.plebania.hu\/index.php?rest_route=%2Fwp%2Fv2%2Fcategories&post=1546"},{"taxonomy":"post_tag","embeddable":true,"href":"https:\/\/marcali.plebania.hu\/index.php?rest_route=%2Fwp%2Fv2%2Ftags&post=1546"}],"curies":[{"name":"wp","href":"https:\/\/api.w.org\/{rel}","templated":true}]}}