{"id":1565,"date":"2020-01-30T08:30:41","date_gmt":"2020-01-30T08:30:41","guid":{"rendered":"https:\/\/marcali.plebania.hu\/?p=1565"},"modified":"2020-02-14T09:01:37","modified_gmt":"2020-02-14T09:01:37","slug":"felhivas","status":"publish","type":"post","link":"https:\/\/marcali.plebania.hu\/?p=1565","title":{"rendered":"Felh\u00edv\u00e1s!"},"content":{"rendered":"\n<figure class=\"wp-block-image size-large\"><img loading=\"lazy\" decoding=\"async\" width=\"1024\" height=\"678\" src=\"https:\/\/marcali.plebania.hu\/wp-content\/uploads\/2020\/01\/II.-J\u00e1nos-P\u00e1l-p\u00e1pa.jpg\" alt=\"\" class=\"wp-image-1566\" srcset=\"https:\/\/marcali.plebania.hu\/wp-content\/uploads\/2020\/01\/II.-J\u00e1nos-P\u00e1l-p\u00e1pa.jpg 1024w, https:\/\/marcali.plebania.hu\/wp-content\/uploads\/2020\/01\/II.-J\u00e1nos-P\u00e1l-p\u00e1pa-300x199.jpg 300w, https:\/\/marcali.plebania.hu\/wp-content\/uploads\/2020\/01\/II.-J\u00e1nos-P\u00e1l-p\u00e1pa-768x509.jpg 768w, https:\/\/marcali.plebania.hu\/wp-content\/uploads\/2020\/01\/II.-J\u00e1nos-P\u00e1l-p\u00e1pa-408x270.jpg 408w\" sizes=\"auto, (max-width: 1024px) 100vw, 1024px\" \/><\/figure>\n\n\n\n<p>Az egyh\u00e1zk\u00f6zs\u00e9g szervez\u00e9s\u00e9ben Boldog II. J\u00e1nos P\u00e1l p\u00e1p\u00e1t \u00e1br\u00e1zol\u00f3 szobor k\u00e9sz\u00fcl a pl\u00e9b\u00e1niatemplom el\u00e9.<\/p>\n\n\n\n<p>A szoborra adakozni lehet, k\u00e9szp\u00e9nzben a pl\u00e9b\u00e1ni\u00e1n, \u00e9s banki\n\u00e1tutal\u00e1ssal a:<\/p>\n\n\n\n<p><strong>10403947-00026735-00000001<\/strong> sz\u00e1mlasz\u00e1mon.<\/p>\n\n\n\n<p>Sz\u00e1mlatulajdonos: <strong><em>R\u00f3mai\nKatolikus Egyh\u00e1zk\u00f6zs\u00e9g<\/em><\/strong><strong><\/strong><\/p>\n\n\n\n<p>K\u00f6sz\u00f6nj\u00fck a felaj\u00e1nl\u00e1sokat!<\/p>\n","protected":false},"excerpt":{"rendered":"<p>Az egyh\u00e1zk\u00f6zs\u00e9g szervez\u00e9s\u00e9ben Boldog II. J\u00e1nos P\u00e1l p\u00e1p\u00e1t \u00e1br\u00e1zol\u00f3 szobor k\u00e9sz\u00fcl a pl\u00e9b\u00e1niatemplom el\u00e9. A szoborra adakozni lehet, k\u00e9szp\u00e9nzben a pl\u00e9b\u00e1ni\u00e1n, \u00e9s banki \u00e1tutal\u00e1ssal a: 10403947-00026735-00000001 sz\u00e1mlasz\u00e1mon. Sz\u00e1mlatulajdonos: R\u00f3mai Katolikus Egyh\u00e1zk\u00f6zs\u00e9g K\u00f6sz\u00f6nj\u00fck a felaj\u00e1nl\u00e1sokat!<\/p>\n","protected":false},"author":2,"featured_media":0,"comment_status":"closed","ping_status":"open","sticky":false,"template":"","format":"standard","meta":{"footnotes":""},"categories":[1],"tags":[],"class_list":["post-1565","post","type-post","status-publish","format-standard","hentry","category-egyeb"],"_links":{"self":[{"href":"https:\/\/marcali.plebania.hu\/index.php?rest_route=\/wp\/v2\/posts\/1565","targetHints":{"allow":["GET"]}}],"collection":[{"href":"https:\/\/marcali.plebania.hu\/index.php?rest_route=\/wp\/v2\/posts"}],"about":[{"href":"https:\/\/marcali.plebania.hu\/index.php?rest_route=\/wp\/v2\/types\/post"}],"author":[{"embeddable":true,"href":"https:\/\/marcali.plebania.hu\/index.php?rest_route=\/wp\/v2\/users\/2"}],"replies":[{"embeddable":true,"href":"https:\/\/marcali.plebania.hu\/index.php?rest_route=%2Fwp%2Fv2%2Fcomments&post=1565"}],"version-history":[{"count":2,"href":"https:\/\/marcali.plebania.hu\/index.php?rest_route=\/wp\/v2\/posts\/1565\/revisions"}],"predecessor-version":[{"id":1614,"href":"https:\/\/marcali.plebania.hu\/index.php?rest_route=\/wp\/v2\/posts\/1565\/revisions\/1614"}],"wp:attachment":[{"href":"https:\/\/marcali.plebania.hu\/index.php?rest_route=%2Fwp%2Fv2%2Fmedia&parent=1565"}],"wp:term":[{"taxonomy":"category","embeddable":true,"href":"https:\/\/marcali.plebania.hu\/index.php?rest_route=%2Fwp%2Fv2%2Fcategories&post=1565"},{"taxonomy":"post_tag","embeddable":true,"href":"https:\/\/marcali.plebania.hu\/index.php?rest_route=%2Fwp%2Fv2%2Ftags&post=1565"}],"curies":[{"name":"wp","href":"https:\/\/api.w.org\/{rel}","templated":true}]}}