{"id":1568,"date":"2020-01-31T10:17:33","date_gmt":"2020-01-31T10:17:33","guid":{"rendered":"https:\/\/marcali.plebania.hu\/?p=1568"},"modified":"2020-01-31T10:17:33","modified_gmt":"2020-01-31T10:17:33","slug":"20-marcali-katolikus-bal","status":"publish","type":"post","link":"https:\/\/marcali.plebania.hu\/?p=1568","title":{"rendered":"20. Marcali Katolikus B\u00e1l"},"content":{"rendered":"\n<p>2020. janu\u00e1r 25-\u00e9n, szombaton 19 \u00f3r\u00e1t\u00f3l ism\u00e9t a GY\u00c9K-ben tartott\u00e1k meg a 20. Marcali Katolikus (Kereszt\u00e9ny) B\u00e1lt.<\/p>\n\n\n\n<figure class=\"wp-block-gallery columns-3 is-cropped wp-block-gallery-1 is-layout-flex wp-block-gallery-is-layout-flex\"><ul class=\"blocks-gallery-grid\"><li class=\"blocks-gallery-item\"><figure><img loading=\"lazy\" decoding=\"async\" width=\"1024\" height=\"684\" src=\"https:\/\/marcali.plebania.hu\/wp-content\/uploads\/2020\/01\/DSC_0007.jpg\" alt=\"\" data-id=\"1569\" data-link=\"https:\/\/marcali.plebania.hu\/?attachment_id=1569\" class=\"wp-image-1569\" srcset=\"https:\/\/marcali.plebania.hu\/wp-content\/uploads\/2020\/01\/DSC_0007.jpg 1024w, https:\/\/marcali.plebania.hu\/wp-content\/uploads\/2020\/01\/DSC_0007-300x200.jpg 300w, https:\/\/marcali.plebania.hu\/wp-content\/uploads\/2020\/01\/DSC_0007-768x513.jpg 768w, https:\/\/marcali.plebania.hu\/wp-content\/uploads\/2020\/01\/DSC_0007-404x270.jpg 404w\" sizes=\"auto, (max-width: 1024px) 100vw, 1024px\" \/><\/figure><\/li><li class=\"blocks-gallery-item\"><figure><img loading=\"lazy\" decoding=\"async\" width=\"1024\" height=\"684\" src=\"https:\/\/marcali.plebania.hu\/wp-content\/uploads\/2020\/01\/DSC_0012.jpg\" alt=\"\" data-id=\"1570\" data-link=\"https:\/\/marcali.plebania.hu\/?attachment_id=1570\" class=\"wp-image-1570\" srcset=\"https:\/\/marcali.plebania.hu\/wp-content\/uploads\/2020\/01\/DSC_0012.jpg 1024w, https:\/\/marcali.plebania.hu\/wp-content\/uploads\/2020\/01\/DSC_0012-300x200.jpg 300w, https:\/\/marcali.plebania.hu\/wp-content\/uploads\/2020\/01\/DSC_0012-768x513.jpg 768w, https:\/\/marcali.plebania.hu\/wp-content\/uploads\/2020\/01\/DSC_0012-404x270.jpg 404w\" sizes=\"auto, (max-width: 1024px) 100vw, 1024px\" \/><\/figure><\/li><li class=\"blocks-gallery-item\"><figure><img loading=\"lazy\" decoding=\"async\" width=\"1024\" height=\"684\" src=\"https:\/\/marcali.plebania.hu\/wp-content\/uploads\/2020\/01\/DSC_0046.jpg\" alt=\"\" data-id=\"1572\" data-link=\"https:\/\/marcali.plebania.hu\/?attachment_id=1572\" class=\"wp-image-1572\" srcset=\"https:\/\/marcali.plebania.hu\/wp-content\/uploads\/2020\/01\/DSC_0046.jpg 1024w, https:\/\/marcali.plebania.hu\/wp-content\/uploads\/2020\/01\/DSC_0046-300x200.jpg 300w, https:\/\/marcali.plebania.hu\/wp-content\/uploads\/2020\/01\/DSC_0046-768x513.jpg 768w, https:\/\/marcali.plebania.hu\/wp-content\/uploads\/2020\/01\/DSC_0046-404x270.jpg 404w\" sizes=\"auto, (max-width: 1024px) 100vw, 1024px\" \/><\/figure><\/li><li class=\"blocks-gallery-item\"><figure><img loading=\"lazy\" decoding=\"async\" width=\"1024\" height=\"684\" src=\"https:\/\/marcali.plebania.hu\/wp-content\/uploads\/2020\/01\/DSC_0071.jpg\" alt=\"\" data-id=\"1573\" data-full-url=\"https:\/\/marcali.plebania.hu\/wp-content\/uploads\/2020\/01\/DSC_0071.jpg\" data-link=\"https:\/\/marcali.plebania.hu\/?attachment_id=1573\" class=\"wp-image-1573\" srcset=\"https:\/\/marcali.plebania.hu\/wp-content\/uploads\/2020\/01\/DSC_0071.jpg 1024w, https:\/\/marcali.plebania.hu\/wp-content\/uploads\/2020\/01\/DSC_0071-300x200.jpg 300w, https:\/\/marcali.plebania.hu\/wp-content\/uploads\/2020\/01\/DSC_0071-768x513.jpg 768w, https:\/\/marcali.plebania.hu\/wp-content\/uploads\/2020\/01\/DSC_0071-404x270.jpg 404w\" sizes=\"auto, (max-width: 1024px) 100vw, 1024px\" \/><\/figure><\/li><\/ul><\/figure>\n\n\n\n<p>Az egyh\u00e1zk\u00f6zs\u00e9g vezet\u00e9se \u00e1ltal szervezett mulats\u00e1got Kiss Iv\u00e1n c. pr\u00e9post, esperes-pl\u00e9b\u00e1nos nyitotta meg \u00e9s bevezet\u0151 gondolatai ut\u00e1n a Noszlopy G\u00e1sp\u00e1r \u00c1ltal\u00e1nos \u00e9s Alapfok\u00fa M\u0171v\u00e9szeti Iskola Baglas ut\u00e1np\u00f3tl\u00e1s\u00e1nak n\u00e9pt\u00e1ncosai adtak el\u0151 egy fergeteges m\u0171sort, majd Niklai J\u00e1nos marcali t\u00e1ncdal\u00e9nekes sz\u00f3rakoztatta a k\u00f6z\u00f6ns\u00e9get. A megnyit\u00f3n Moln\u00e1r \u00c1gnes k\u00e9pvisel\u0151 asszony felh\u00edv\u00e1st tett k\u00f6zz\u00e9 egy, a pl\u00e9b\u00e1niatemplom melletti k\u00f6zt\u00e9ri szobor l\u00e9trehoz\u00e1s\u00e1ra, melyhez adom\u00e1nygy\u0171jt\u0151 akci\u00f3t ind\u00edtott el. A szobrot Boldog II. J\u00e1nos P\u00e1l p\u00e1p\u00e1r\u00f3l k\u00e9sz\u00edttetn\u00e9k el Leb\u00f3 Ferenc m\u0171v\u00e9sszel, akivel m\u00e1r megkezdt\u00e9k a t\u00e1rgyal\u00e1sokat.<\/p>\n\n\n\n<figure class=\"wp-block-gallery columns-3 is-cropped wp-block-gallery-2 is-layout-flex wp-block-gallery-is-layout-flex\"><ul class=\"blocks-gallery-grid\"><li class=\"blocks-gallery-item\"><figure><img loading=\"lazy\" decoding=\"async\" width=\"1024\" height=\"684\" src=\"https:\/\/marcali.plebania.hu\/wp-content\/uploads\/2020\/01\/DSC_0056.jpg\" alt=\"\" data-id=\"1574\" data-link=\"https:\/\/marcali.plebania.hu\/?attachment_id=1574\" class=\"wp-image-1574\" srcset=\"https:\/\/marcali.plebania.hu\/wp-content\/uploads\/2020\/01\/DSC_0056.jpg 1024w, https:\/\/marcali.plebania.hu\/wp-content\/uploads\/2020\/01\/DSC_0056-300x200.jpg 300w, https:\/\/marcali.plebania.hu\/wp-content\/uploads\/2020\/01\/DSC_0056-768x513.jpg 768w, https:\/\/marcali.plebania.hu\/wp-content\/uploads\/2020\/01\/DSC_0056-404x270.jpg 404w\" sizes=\"auto, (max-width: 1024px) 100vw, 1024px\" \/><\/figure><\/li><li class=\"blocks-gallery-item\"><figure><img loading=\"lazy\" decoding=\"async\" width=\"1024\" height=\"684\" src=\"https:\/\/marcali.plebania.hu\/wp-content\/uploads\/2020\/01\/DSC_0067.jpg\" alt=\"\" data-id=\"1575\" data-link=\"https:\/\/marcali.plebania.hu\/?attachment_id=1575\" class=\"wp-image-1575\" srcset=\"https:\/\/marcali.plebania.hu\/wp-content\/uploads\/2020\/01\/DSC_0067.jpg 1024w, https:\/\/marcali.plebania.hu\/wp-content\/uploads\/2020\/01\/DSC_0067-300x200.jpg 300w, https:\/\/marcali.plebania.hu\/wp-content\/uploads\/2020\/01\/DSC_0067-768x513.jpg 768w, https:\/\/marcali.plebania.hu\/wp-content\/uploads\/2020\/01\/DSC_0067-404x270.jpg 404w\" sizes=\"auto, (max-width: 1024px) 100vw, 1024px\" \/><\/figure><\/li><li class=\"blocks-gallery-item\"><figure><img loading=\"lazy\" decoding=\"async\" width=\"1024\" height=\"684\" src=\"https:\/\/marcali.plebania.hu\/wp-content\/uploads\/2020\/01\/DSC_0090.jpg\" alt=\"\" data-id=\"1576\" data-link=\"https:\/\/marcali.plebania.hu\/?attachment_id=1576\" class=\"wp-image-1576\" srcset=\"https:\/\/marcali.plebania.hu\/wp-content\/uploads\/2020\/01\/DSC_0090.jpg 1024w, https:\/\/marcali.plebania.hu\/wp-content\/uploads\/2020\/01\/DSC_0090-300x200.jpg 300w, https:\/\/marcali.plebania.hu\/wp-content\/uploads\/2020\/01\/DSC_0090-768x513.jpg 768w, https:\/\/marcali.plebania.hu\/wp-content\/uploads\/2020\/01\/DSC_0090-404x270.jpg 404w\" sizes=\"auto, (max-width: 1024px) 100vw, 1024px\" \/><\/figure><\/li><li class=\"blocks-gallery-item\"><figure><img loading=\"lazy\" decoding=\"async\" width=\"684\" height=\"1024\" src=\"https:\/\/marcali.plebania.hu\/wp-content\/uploads\/2020\/01\/DSC_0082-rotated.jpg\" alt=\"\" data-id=\"1577\" data-full-url=\"https:\/\/marcali.plebania.hu\/wp-content\/uploads\/2020\/01\/DSC_0082-rotated.jpg\" data-link=\"https:\/\/marcali.plebania.hu\/?attachment_id=1577\" class=\"wp-image-1577\" srcset=\"https:\/\/marcali.plebania.hu\/wp-content\/uploads\/2020\/01\/DSC_0082-rotated.jpg 684w, https:\/\/marcali.plebania.hu\/wp-content\/uploads\/2020\/01\/DSC_0082-200x300.jpg 200w, https:\/\/marcali.plebania.hu\/wp-content\/uploads\/2020\/01\/DSC_0082-180x270.jpg 180w\" sizes=\"auto, (max-width: 684px) 100vw, 684px\" \/><\/figure><\/li><\/ul><\/figure>\n\n\n\n<p>A finom sv\u00e9dasztalos vacsor\u00e1t k\u00f6vet\u0151en vid\u00e1m hangulatban telt el az est tov\u00e1bbi r\u00e9sze a k\u00fcl\u00f6nb\u00f6z\u0151 asztalt\u00e1rsas\u00e1gokn\u00e1l, mik\u00f6zben a v\u00e1ltozatos \u00e9s k\u00f6zismert sl\u00e1gerek dallam\u00e1ra sokak t\u00e1ncra perd\u00fcltek. A vigass\u00e1g v\u00e9g\u00fcl hajnalig tartott.<\/p>\n\n\n\n<figure class=\"wp-block-gallery columns-3 is-cropped wp-block-gallery-3 is-layout-flex wp-block-gallery-is-layout-flex\"><ul class=\"blocks-gallery-grid\"><li class=\"blocks-gallery-item\"><figure><img loading=\"lazy\" decoding=\"async\" width=\"1024\" height=\"684\" src=\"https:\/\/marcali.plebania.hu\/wp-content\/uploads\/2020\/01\/DSC_0053.jpg\" alt=\"\" data-id=\"1579\" data-link=\"https:\/\/marcali.plebania.hu\/?attachment_id=1579\" class=\"wp-image-1579\" srcset=\"https:\/\/marcali.plebania.hu\/wp-content\/uploads\/2020\/01\/DSC_0053.jpg 1024w, https:\/\/marcali.plebania.hu\/wp-content\/uploads\/2020\/01\/DSC_0053-300x200.jpg 300w, https:\/\/marcali.plebania.hu\/wp-content\/uploads\/2020\/01\/DSC_0053-768x513.jpg 768w, https:\/\/marcali.plebania.hu\/wp-content\/uploads\/2020\/01\/DSC_0053-404x270.jpg 404w\" sizes=\"auto, (max-width: 1024px) 100vw, 1024px\" \/><\/figure><\/li><li class=\"blocks-gallery-item\"><figure><img loading=\"lazy\" decoding=\"async\" width=\"1024\" height=\"684\" src=\"https:\/\/marcali.plebania.hu\/wp-content\/uploads\/2020\/01\/DSC_0154.jpg\" alt=\"\" data-id=\"1580\" data-link=\"https:\/\/marcali.plebania.hu\/?attachment_id=1580\" class=\"wp-image-1580\" srcset=\"https:\/\/marcali.plebania.hu\/wp-content\/uploads\/2020\/01\/DSC_0154.jpg 1024w, https:\/\/marcali.plebania.hu\/wp-content\/uploads\/2020\/01\/DSC_0154-300x200.jpg 300w, https:\/\/marcali.plebania.hu\/wp-content\/uploads\/2020\/01\/DSC_0154-768x513.jpg 768w, https:\/\/marcali.plebania.hu\/wp-content\/uploads\/2020\/01\/DSC_0154-404x270.jpg 404w\" sizes=\"auto, (max-width: 1024px) 100vw, 1024px\" \/><\/figure><\/li><li class=\"blocks-gallery-item\"><figure><img loading=\"lazy\" decoding=\"async\" width=\"1024\" height=\"684\" src=\"https:\/\/marcali.plebania.hu\/wp-content\/uploads\/2020\/01\/DSC_0218.jpg\" alt=\"\" data-id=\"1581\" data-link=\"https:\/\/marcali.plebania.hu\/?attachment_id=1581\" class=\"wp-image-1581\" srcset=\"https:\/\/marcali.plebania.hu\/wp-content\/uploads\/2020\/01\/DSC_0218.jpg 1024w, https:\/\/marcali.plebania.hu\/wp-content\/uploads\/2020\/01\/DSC_0218-300x200.jpg 300w, https:\/\/marcali.plebania.hu\/wp-content\/uploads\/2020\/01\/DSC_0218-768x513.jpg 768w, https:\/\/marcali.plebania.hu\/wp-content\/uploads\/2020\/01\/DSC_0218-404x270.jpg 404w\" sizes=\"auto, (max-width: 1024px) 100vw, 1024px\" \/><\/figure><\/li><li class=\"blocks-gallery-item\"><figure><img loading=\"lazy\" decoding=\"async\" width=\"1024\" height=\"684\" src=\"https:\/\/marcali.plebania.hu\/wp-content\/uploads\/2020\/01\/DSC_0304.jpg\" alt=\"\" data-id=\"1582\" data-full-url=\"https:\/\/marcali.plebania.hu\/wp-content\/uploads\/2020\/01\/DSC_0304.jpg\" data-link=\"https:\/\/marcali.plebania.hu\/?attachment_id=1582\" class=\"wp-image-1582\" srcset=\"https:\/\/marcali.plebania.hu\/wp-content\/uploads\/2020\/01\/DSC_0304.jpg 1024w, https:\/\/marcali.plebania.hu\/wp-content\/uploads\/2020\/01\/DSC_0304-300x200.jpg 300w, https:\/\/marcali.plebania.hu\/wp-content\/uploads\/2020\/01\/DSC_0304-768x513.jpg 768w, https:\/\/marcali.plebania.hu\/wp-content\/uploads\/2020\/01\/DSC_0304-404x270.jpg 404w\" sizes=\"auto, (max-width: 1024px) 100vw, 1024px\" \/><\/figure><\/li><\/ul><\/figure>\n\n\n\n<p>A 20. Marcali Katolikus B\u00e1l az id\u00e9n is j\u00f3t\u00e9kony c\u00e9lokat szolg\u00e1l, hiszen a tombola teljes bev\u00e9tel\u00e9t az id\u00e9n a pl\u00e9b\u00e1niatemplom el\u00e9 tervezett II. J\u00e1nos P\u00e1l p\u00e1pa szobor k\u00f6lts\u00e9geire k\u00edv\u00e1nj\u00e1k ford\u00edtani.<\/p>\n\n\n\n<figure class=\"wp-block-gallery columns-3 is-cropped wp-block-gallery-4 is-layout-flex wp-block-gallery-is-layout-flex\"><ul class=\"blocks-gallery-grid\"><li class=\"blocks-gallery-item\"><figure><img loading=\"lazy\" decoding=\"async\" width=\"1024\" height=\"684\" src=\"https:\/\/marcali.plebania.hu\/wp-content\/uploads\/2020\/01\/DSC_0323.jpg\" alt=\"\" data-id=\"1583\" data-link=\"https:\/\/marcali.plebania.hu\/?attachment_id=1583\" class=\"wp-image-1583\" srcset=\"https:\/\/marcali.plebania.hu\/wp-content\/uploads\/2020\/01\/DSC_0323.jpg 1024w, https:\/\/marcali.plebania.hu\/wp-content\/uploads\/2020\/01\/DSC_0323-300x200.jpg 300w, https:\/\/marcali.plebania.hu\/wp-content\/uploads\/2020\/01\/DSC_0323-768x513.jpg 768w, https:\/\/marcali.plebania.hu\/wp-content\/uploads\/2020\/01\/DSC_0323-404x270.jpg 404w\" sizes=\"auto, (max-width: 1024px) 100vw, 1024px\" \/><\/figure><\/li><li class=\"blocks-gallery-item\"><figure><img loading=\"lazy\" decoding=\"async\" width=\"1024\" height=\"684\" src=\"https:\/\/marcali.plebania.hu\/wp-content\/uploads\/2020\/01\/DSC_0355.jpg\" alt=\"\" data-id=\"1585\" data-link=\"https:\/\/marcali.plebania.hu\/?attachment_id=1585\" class=\"wp-image-1585\" srcset=\"https:\/\/marcali.plebania.hu\/wp-content\/uploads\/2020\/01\/DSC_0355.jpg 1024w, https:\/\/marcali.plebania.hu\/wp-content\/uploads\/2020\/01\/DSC_0355-300x200.jpg 300w, https:\/\/marcali.plebania.hu\/wp-content\/uploads\/2020\/01\/DSC_0355-768x513.jpg 768w, https:\/\/marcali.plebania.hu\/wp-content\/uploads\/2020\/01\/DSC_0355-404x270.jpg 404w\" sizes=\"auto, (max-width: 1024px) 100vw, 1024px\" \/><\/figure><\/li><li class=\"blocks-gallery-item\"><figure><img loading=\"lazy\" decoding=\"async\" width=\"1024\" height=\"684\" src=\"https:\/\/marcali.plebania.hu\/wp-content\/uploads\/2020\/01\/DSC_0317.jpg\" alt=\"\" data-id=\"1586\" data-link=\"https:\/\/marcali.plebania.hu\/?attachment_id=1586\" class=\"wp-image-1586\" srcset=\"https:\/\/marcali.plebania.hu\/wp-content\/uploads\/2020\/01\/DSC_0317.jpg 1024w, https:\/\/marcali.plebania.hu\/wp-content\/uploads\/2020\/01\/DSC_0317-300x200.jpg 300w, https:\/\/marcali.plebania.hu\/wp-content\/uploads\/2020\/01\/DSC_0317-768x513.jpg 768w, https:\/\/marcali.plebania.hu\/wp-content\/uploads\/2020\/01\/DSC_0317-404x270.jpg 404w\" sizes=\"auto, (max-width: 1024px) 100vw, 1024px\" \/><\/figure><\/li><li class=\"blocks-gallery-item\"><figure><img loading=\"lazy\" decoding=\"async\" width=\"1024\" height=\"684\" src=\"https:\/\/marcali.plebania.hu\/wp-content\/uploads\/2020\/01\/DSC_0371-1.jpg\" alt=\"\" data-id=\"1587\" data-full-url=\"https:\/\/marcali.plebania.hu\/wp-content\/uploads\/2020\/01\/DSC_0371-1.jpg\" data-link=\"https:\/\/marcali.plebania.hu\/?attachment_id=1587\" class=\"wp-image-1587\" srcset=\"https:\/\/marcali.plebania.hu\/wp-content\/uploads\/2020\/01\/DSC_0371-1.jpg 1024w, https:\/\/marcali.plebania.hu\/wp-content\/uploads\/2020\/01\/DSC_0371-1-300x200.jpg 300w, https:\/\/marcali.plebania.hu\/wp-content\/uploads\/2020\/01\/DSC_0371-1-768x513.jpg 768w, https:\/\/marcali.plebania.hu\/wp-content\/uploads\/2020\/01\/DSC_0371-1-404x270.jpg 404w\" sizes=\"auto, (max-width: 1024px) 100vw, 1024px\" \/><\/figure><\/li><\/ul><\/figure>\n\n\n\n<p>A sok tombola felaj\u00e1nl\u00e1s\u00e1\u00e9rt k\u00f6sz\u00f6net illeti az adakoz\u00f3 mag\u00e1nszem\u00e9lyeket, v\u00e1llalkoz\u00f3kat \u00e9s c\u00e9geket. A szervez\u0151k k\u00fcl\u00f6n megk\u00f6sz\u00f6nik mindazok t\u00e1mogat\u00e1s\u00e1t is, akik t\u00e1mogat\u00f3i jegyek \u00e9s tombol\u00e1k v\u00e1s\u00e1rl\u00e1s\u00e1val seg\u00edtik a nemes c\u00e9l megval\u00f3s\u00edt\u00e1s\u00e1t.<\/p>\n\n\n\n<p><\/p>\n\n\n\n<p>Fot\u00f3k: Szaka Zsolt<\/p>\n","protected":false},"excerpt":{"rendered":"<p>2020. janu\u00e1r 25-\u00e9n, szombaton 19 \u00f3r\u00e1t\u00f3l ism\u00e9t a GY\u00c9K-ben tartott\u00e1k meg a 20. Marcali Katolikus (Kereszt\u00e9ny) B\u00e1lt. Az egyh\u00e1zk\u00f6zs\u00e9g vezet\u00e9se \u00e1ltal szervezett mulats\u00e1got Kiss Iv\u00e1n c. pr\u00e9post, esperes-pl\u00e9b\u00e1nos nyitotta meg \u00e9s bevezet\u0151 gondolatai ut\u00e1n a Noszlopy G\u00e1sp\u00e1r \u00c1ltal\u00e1nos \u00e9s Alapfok\u00fa M\u0171v\u00e9szeti Iskola Baglas ut\u00e1np\u00f3tl\u00e1s\u00e1nak n\u00e9pt\u00e1ncosai adtak el\u0151 egy fergeteges m\u0171sort, majd Niklai J\u00e1nos marcali t\u00e1ncdal\u00e9nekes sz\u00f3rakoztatta a k\u00f6z\u00f6ns\u00e9get. A megnyit\u00f3n Moln\u00e1r \u00c1gnes k\u00e9pvisel\u0151 asszony felh\u00edv\u00e1st tett k\u00f6zz\u00e9 egy, a pl\u00e9b\u00e1niatemplom melletti k\u00f6zt\u00e9ri szobor l\u00e9trehoz\u00e1s\u00e1ra, melyhez adom\u00e1nygy\u0171jt\u0151 akci\u00f3t ind\u00edtott el. A&#8230;<\/p>\n<p class=\"read-more\"><a class=\"btn btn-default\" href=\"https:\/\/marcali.plebania.hu\/?p=1568\"> Read More<span class=\"screen-reader-text\">  Read More<\/span><\/a><\/p>\n","protected":false},"author":2,"featured_media":0,"comment_status":"closed","ping_status":"open","sticky":false,"template":"","format":"standard","meta":{"footnotes":""},"categories":[1],"tags":[],"class_list":["post-1568","post","type-post","status-publish","format-standard","hentry","category-egyeb"],"_links":{"self":[{"href":"https:\/\/marcali.plebania.hu\/index.php?rest_route=\/wp\/v2\/posts\/1568","targetHints":{"allow":["GET"]}}],"collection":[{"href":"https:\/\/marcali.plebania.hu\/index.php?rest_route=\/wp\/v2\/posts"}],"about":[{"href":"https:\/\/marcali.plebania.hu\/index.php?rest_route=\/wp\/v2\/types\/post"}],"author":[{"embeddable":true,"href":"https:\/\/marcali.plebania.hu\/index.php?rest_route=\/wp\/v2\/users\/2"}],"replies":[{"embeddable":true,"href":"https:\/\/marcali.plebania.hu\/index.php?rest_route=%2Fwp%2Fv2%2Fcomments&post=1568"}],"version-history":[{"count":1,"href":"https:\/\/marcali.plebania.hu\/index.php?rest_route=\/wp\/v2\/posts\/1568\/revisions"}],"predecessor-version":[{"id":1588,"href":"https:\/\/marcali.plebania.hu\/index.php?rest_route=\/wp\/v2\/posts\/1568\/revisions\/1588"}],"wp:attachment":[{"href":"https:\/\/marcali.plebania.hu\/index.php?rest_route=%2Fwp%2Fv2%2Fmedia&parent=1568"}],"wp:term":[{"taxonomy":"category","embeddable":true,"href":"https:\/\/marcali.plebania.hu\/index.php?rest_route=%2Fwp%2Fv2%2Fcategories&post=1568"},{"taxonomy":"post_tag","embeddable":true,"href":"https:\/\/marcali.plebania.hu\/index.php?rest_route=%2Fwp%2Fv2%2Ftags&post=1568"}],"curies":[{"name":"wp","href":"https:\/\/api.w.org\/{rel}","templated":true}]}}