{"id":1589,"date":"2020-01-31T10:18:10","date_gmt":"2020-01-31T10:18:10","guid":{"rendered":"https:\/\/marcali.plebania.hu\/?p=1589"},"modified":"2020-01-31T10:18:10","modified_gmt":"2020-01-31T10:18:10","slug":"hirdetesek-2020-02-02","status":"publish","type":"post","link":"https:\/\/marcali.plebania.hu\/?p=1589","title":{"rendered":"Hirdet\u00e9sek, 2020. 02. 02."},"content":{"rendered":"\n<ol class=\"wp-block-list\"><li>Ma Gyertyaszentel\u0151 Boldogasszony \u00fcnnepe, a 9 \u00f3r\u00e1s szentmis\u00e9\u00e9n\nk\u00f6rmenetet tartunk.<\/li><li>A h\u00e9ten szerda este 5 \u00f3r\u00e1ra az X-h\u00e1z nagyterm\u00e9be \u00f6sszeh\u00edvom\naz egyh\u00e1zk\u00f6zs\u00e9g k\u00e9pvisel\u0151 test\u00fclet\u00e9t \u00e9vi rendes k\u00f6zgy\u0171l\u00e9sre, melynek t\u00e9m\u00e1ja az\nelm\u00falt \u00e9vi sz\u00e1mad\u00e1s, \u00e9s az idei k\u00f6lts\u00e9gvet\u00e9s. <\/li><li>P\u00e9nteken els\u0151 p\u00e9ntek, 16.30-kor gy\u00f3ntat\u00e1s,\nszents\u00e9gim\u00e1d\u00e1s, majd szentmise, bal\u00e1zsol\u00e1s.<\/li><li>A szombati \u00e9s j\u00f6v\u0151 vas\u00e1rnapi szentmis\u00e9n is lesz\nbal\u00e1zsol\u00e1s.<\/li><li>A hittanos gyermekeink farsangja febru\u00e1r 15-\u00e9n,\nszombaton 14 \u00f3rakor kezd\u0151dik az X-h\u00e1zban.<\/li><li>Az Eukarisztikus kongresszusra val\u00f3 jelentkez\u00e9s\nelindult. Gelencs\u00e9r R\u00f3bert vil\u00e1gi eln\u00f6k\u00f6t jel\u00f6ltem ki csoportvezet\u0151nek, akin\u00e9l\njelentkezni lehet. Terveink szerint a kongresszusra szombati napon menn\u00e9nk,\namikor a Kossuth t\u00e9ri szentmis\u00e9r\u0151l f\u00e1kly\u00e1s k\u00f6rmenettel a H\u0151s\u00f6k ter\u00e9ig megy\u00fcnk.<\/li><li>Boldog II. J\u00e1nos P\u00e1l p\u00e1p\u00e1t \u00e1br\u00e1zol\u00f3 szobor k\u00e9sz\u00fcl a\npl\u00e9b\u00e1niatemplom el\u00e9. A szoborra adakozni lehet, k\u00e9szp\u00e9nzben a pl\u00e9b\u00e1ni\u00e1n, \u00e9s\nbanki \u00e1tutal\u00e1ssal a: <strong>10403947-00026735-00000001<\/strong> sz\u00e1mlasz\u00e1mon. Sz\u00e1mlatulajdonos:\n<em>R\u00f3mai Katolikus Egyh\u00e1zk\u00f6zs\u00e9g. K<\/em>\u00f6sz\u00f6nj\u00fck a felaj\u00e1nl\u00e1sokat!<\/li><li>\u201eM\u00e9ly vall\u00e1sos csal\u00e1db\u00f3l sz\u00e1rmaz\u00f3 h\u00e1zasp\u00e1r ma \u00fcnnepli\na 40. h\u00e1zass\u00e1gi \u00e9vfordul\u00f3jukat. Betegs\u00e9g miatt \u00e1ld\u00e1sra nem tudnak elj\u00f6nni,\nez\u00e9rt k\u00e9rik, hogy egy \u201eMost seg\u00edts meg M\u00e1ri\u00e1t\u201d im\u00e1dkozzunk \u00e9rt\u00fck.\u201d<\/li><\/ol>\n","protected":false},"excerpt":{"rendered":"<p>Ma Gyertyaszentel\u0151 Boldogasszony \u00fcnnepe, a 9 \u00f3r\u00e1s szentmis\u00e9\u00e9n k\u00f6rmenetet tartunk. A h\u00e9ten szerda este 5 \u00f3r\u00e1ra az X-h\u00e1z nagyterm\u00e9be \u00f6sszeh\u00edvom az egyh\u00e1zk\u00f6zs\u00e9g k\u00e9pvisel\u0151 test\u00fclet\u00e9t \u00e9vi rendes k\u00f6zgy\u0171l\u00e9sre, melynek t\u00e9m\u00e1ja az elm\u00falt \u00e9vi sz\u00e1mad\u00e1s, \u00e9s az idei k\u00f6lts\u00e9gvet\u00e9s. P\u00e9nteken els\u0151 p\u00e9ntek, 16.30-kor gy\u00f3ntat\u00e1s, szents\u00e9gim\u00e1d\u00e1s, majd szentmise, bal\u00e1zsol\u00e1s. A szombati \u00e9s j\u00f6v\u0151 vas\u00e1rnapi szentmis\u00e9n is lesz bal\u00e1zsol\u00e1s. A hittanos gyermekeink farsangja febru\u00e1r 15-\u00e9n, szombaton 14 \u00f3rakor kezd\u0151dik az X-h\u00e1zban. Az Eukarisztikus kongresszusra val\u00f3 jelentkez\u00e9s elindult. Gelencs\u00e9r R\u00f3bert vil\u00e1gi eln\u00f6k\u00f6t jel\u00f6ltem ki csoportvezet\u0151nek,&#8230;<\/p>\n<p class=\"read-more\"><a class=\"btn btn-default\" href=\"https:\/\/marcali.plebania.hu\/?p=1589\"> Read More<span class=\"screen-reader-text\">  Read More<\/span><\/a><\/p>\n","protected":false},"author":2,"featured_media":0,"comment_status":"closed","ping_status":"open","sticky":false,"template":"","format":"standard","meta":{"footnotes":""},"categories":[1],"tags":[],"class_list":["post-1589","post","type-post","status-publish","format-standard","hentry","category-egyeb"],"_links":{"self":[{"href":"https:\/\/marcali.plebania.hu\/index.php?rest_route=\/wp\/v2\/posts\/1589","targetHints":{"allow":["GET"]}}],"collection":[{"href":"https:\/\/marcali.plebania.hu\/index.php?rest_route=\/wp\/v2\/posts"}],"about":[{"href":"https:\/\/marcali.plebania.hu\/index.php?rest_route=\/wp\/v2\/types\/post"}],"author":[{"embeddable":true,"href":"https:\/\/marcali.plebania.hu\/index.php?rest_route=\/wp\/v2\/users\/2"}],"replies":[{"embeddable":true,"href":"https:\/\/marcali.plebania.hu\/index.php?rest_route=%2Fwp%2Fv2%2Fcomments&post=1589"}],"version-history":[{"count":1,"href":"https:\/\/marcali.plebania.hu\/index.php?rest_route=\/wp\/v2\/posts\/1589\/revisions"}],"predecessor-version":[{"id":1590,"href":"https:\/\/marcali.plebania.hu\/index.php?rest_route=\/wp\/v2\/posts\/1589\/revisions\/1590"}],"wp:attachment":[{"href":"https:\/\/marcali.plebania.hu\/index.php?rest_route=%2Fwp%2Fv2%2Fmedia&parent=1589"}],"wp:term":[{"taxonomy":"category","embeddable":true,"href":"https:\/\/marcali.plebania.hu\/index.php?rest_route=%2Fwp%2Fv2%2Fcategories&post=1589"},{"taxonomy":"post_tag","embeddable":true,"href":"https:\/\/marcali.plebania.hu\/index.php?rest_route=%2Fwp%2Fv2%2Ftags&post=1589"}],"curies":[{"name":"wp","href":"https:\/\/api.w.org\/{rel}","templated":true}]}}