{"id":1593,"date":"2020-02-07T10:40:21","date_gmt":"2020-02-07T10:40:21","guid":{"rendered":"https:\/\/marcali.plebania.hu\/?p=1593"},"modified":"2020-02-07T10:40:21","modified_gmt":"2020-02-07T10:40:21","slug":"hirdetesek-2020-02-09","status":"publish","type":"post","link":"https:\/\/marcali.plebania.hu\/?p=1593","title":{"rendered":"Hirdet\u00e9sek, 2020. 02. 09."},"content":{"rendered":"\n<ol class=\"wp-block-list\"><li>Ma\nvan az \u00e9vk\u00f6zi 5. vas\u00e1rnap. A szentmis\u00e9k ut\u00e1n bal\u00e1zsol\u00e1s.<\/li><li>Szerd\u00e1n\neste 16 \u00f3rakor fatimai engesztel\u00e9st tartunk, 17 \u00f3rakor szentmise. Ennek\nkeret\u00e9ben a Betegek Vil\u00e1gnapj\u00e1t is \u00fcnnepelj\u00fck \u00e9s az ima\u00f3ra v\u00e9g\u00e9n\nkiszolg\u00e1ltatjuk a betegek szents\u00e9g\u00e9t.<\/li><li>P\u00e9nteken\n16.30-kor szents\u00e9gim\u00e1d\u00e1s, ut\u00e1na szentmise.<\/li><li>A\nhittanos gyermekeink farsangja febru\u00e1r 15-\u00e9n, szombaton 14 \u00f3rakor kezd\u0151dik az\nX-h\u00e1zban.<\/li><li>Az\nEukarisztikus kongresszusra val\u00f3 jelentkez\u00e9s elindult. Gelencs\u00e9r R\u00f3bert vil\u00e1gi\neln\u00f6k\u00f6t jel\u00f6ltem ki csoportvezet\u0151nek, akin\u00e9l jelentkezni lehet. Terveink\nszerint a kongresszusra szombati napon menn\u00e9nk, amikor a Kossuth t\u00e9ri\nszentmis\u00e9r\u0151l f\u00e1kly\u00e1s k\u00f6rmenettel a H\u0151s\u00f6k ter\u00e9ig megy\u00fcnk.<\/li><li>Boldog\nII. J\u00e1nos P\u00e1l p\u00e1p\u00e1t \u00e1br\u00e1zol\u00f3 szobor k\u00e9sz\u00fcl a pl\u00e9b\u00e1niatemplom el\u00e9. A szoborra\nadakozni lehet, k\u00e9szp\u00e9nzben a pl\u00e9b\u00e1ni\u00e1n, \u00e9s banki \u00e1tutal\u00e1ssal a: <strong>10403947-00026735-00000001<\/strong>\nsz\u00e1mlasz\u00e1mon. Sz\u00e1mlatulajdonos: <em>R\u00f3mai Katolikus Egyh\u00e1zk\u00f6zs\u00e9g.<\/em> K\u00f6sz\u00f6nj\u00fck a felaj\u00e1nl\u00e1sokat!<\/li><\/ol>\n","protected":false},"excerpt":{"rendered":"<p>Ma van az \u00e9vk\u00f6zi 5. vas\u00e1rnap. A szentmis\u00e9k ut\u00e1n bal\u00e1zsol\u00e1s. Szerd\u00e1n este 16 \u00f3rakor fatimai engesztel\u00e9st tartunk, 17 \u00f3rakor szentmise. Ennek keret\u00e9ben a Betegek Vil\u00e1gnapj\u00e1t is \u00fcnnepelj\u00fck \u00e9s az ima\u00f3ra v\u00e9g\u00e9n kiszolg\u00e1ltatjuk a betegek szents\u00e9g\u00e9t. P\u00e9nteken 16.30-kor szents\u00e9gim\u00e1d\u00e1s, ut\u00e1na szentmise. A hittanos gyermekeink farsangja febru\u00e1r 15-\u00e9n, szombaton 14 \u00f3rakor kezd\u0151dik az X-h\u00e1zban. Az Eukarisztikus kongresszusra val\u00f3 jelentkez\u00e9s elindult. Gelencs\u00e9r R\u00f3bert vil\u00e1gi eln\u00f6k\u00f6t jel\u00f6ltem ki csoportvezet\u0151nek, akin\u00e9l jelentkezni lehet. Terveink szerint a kongresszusra szombati napon menn\u00e9nk, amikor a Kossuth t\u00e9ri szentmis\u00e9r\u0151l&#8230;<\/p>\n<p class=\"read-more\"><a class=\"btn btn-default\" href=\"https:\/\/marcali.plebania.hu\/?p=1593\"> Read More<span class=\"screen-reader-text\">  Read More<\/span><\/a><\/p>\n","protected":false},"author":2,"featured_media":0,"comment_status":"closed","ping_status":"open","sticky":false,"template":"","format":"standard","meta":{"footnotes":""},"categories":[1],"tags":[],"class_list":["post-1593","post","type-post","status-publish","format-standard","hentry","category-egyeb"],"_links":{"self":[{"href":"https:\/\/marcali.plebania.hu\/index.php?rest_route=\/wp\/v2\/posts\/1593","targetHints":{"allow":["GET"]}}],"collection":[{"href":"https:\/\/marcali.plebania.hu\/index.php?rest_route=\/wp\/v2\/posts"}],"about":[{"href":"https:\/\/marcali.plebania.hu\/index.php?rest_route=\/wp\/v2\/types\/post"}],"author":[{"embeddable":true,"href":"https:\/\/marcali.plebania.hu\/index.php?rest_route=\/wp\/v2\/users\/2"}],"replies":[{"embeddable":true,"href":"https:\/\/marcali.plebania.hu\/index.php?rest_route=%2Fwp%2Fv2%2Fcomments&post=1593"}],"version-history":[{"count":1,"href":"https:\/\/marcali.plebania.hu\/index.php?rest_route=\/wp\/v2\/posts\/1593\/revisions"}],"predecessor-version":[{"id":1594,"href":"https:\/\/marcali.plebania.hu\/index.php?rest_route=\/wp\/v2\/posts\/1593\/revisions\/1594"}],"wp:attachment":[{"href":"https:\/\/marcali.plebania.hu\/index.php?rest_route=%2Fwp%2Fv2%2Fmedia&parent=1593"}],"wp:term":[{"taxonomy":"category","embeddable":true,"href":"https:\/\/marcali.plebania.hu\/index.php?rest_route=%2Fwp%2Fv2%2Fcategories&post=1593"},{"taxonomy":"post_tag","embeddable":true,"href":"https:\/\/marcali.plebania.hu\/index.php?rest_route=%2Fwp%2Fv2%2Ftags&post=1593"}],"curies":[{"name":"wp","href":"https:\/\/api.w.org\/{rel}","templated":true}]}}