{"id":1598,"date":"2020-02-14T09:00:19","date_gmt":"2020-02-14T09:00:19","guid":{"rendered":"https:\/\/marcali.plebania.hu\/?p=1598"},"modified":"2020-02-14T09:00:19","modified_gmt":"2020-02-14T09:00:19","slug":"betegek-vilagnapja-marcaliban-2","status":"publish","type":"post","link":"https:\/\/marcali.plebania.hu\/?p=1598","title":{"rendered":"Betegek vil\u00e1gnapja Marcaliban"},"content":{"rendered":"\n<p>2020. febru\u00e1r 12-\u00e9n, szerd\u00e1n az esti szentmise keret\u00e9ben Kiss Iv\u00e1n c. pr\u00e9post, esperes-pl\u00e9b\u00e1nos az id\u00e9n is kiszolg\u00e1ltatta a betegek kenet\u00e9t a Gy\u00fcm\u00f6lcsolt\u00f3 Boldogasszony pl\u00e9b\u00e1niatemplomban.<\/p>\n\n\n\n<figure class=\"wp-block-gallery columns-3 is-cropped wp-block-gallery-1 is-layout-flex wp-block-gallery-is-layout-flex\"><ul class=\"blocks-gallery-grid\"><li class=\"blocks-gallery-item\"><figure><img loading=\"lazy\" decoding=\"async\" width=\"1024\" height=\"683\" src=\"https:\/\/marcali.plebania.hu\/wp-content\/uploads\/2020\/02\/03-1-1024x683.jpg\" alt=\"\" data-id=\"1599\" data-link=\"https:\/\/marcali.plebania.hu\/?attachment_id=1599\" class=\"wp-image-1599\" srcset=\"https:\/\/marcali.plebania.hu\/wp-content\/uploads\/2020\/02\/03-1-1024x683.jpg 1024w, https:\/\/marcali.plebania.hu\/wp-content\/uploads\/2020\/02\/03-1-300x200.jpg 300w, https:\/\/marcali.plebania.hu\/wp-content\/uploads\/2020\/02\/03-1-768x512.jpg 768w, https:\/\/marcali.plebania.hu\/wp-content\/uploads\/2020\/02\/03-1-1536x1024.jpg 1536w, https:\/\/marcali.plebania.hu\/wp-content\/uploads\/2020\/02\/03-1-2048x1365.jpg 2048w, https:\/\/marcali.plebania.hu\/wp-content\/uploads\/2020\/02\/03-1-405x270.jpg 405w\" sizes=\"auto, (max-width: 1024px) 100vw, 1024px\" \/><\/figure><\/li><li class=\"blocks-gallery-item\"><figure><img loading=\"lazy\" decoding=\"async\" width=\"1024\" height=\"683\" src=\"https:\/\/marcali.plebania.hu\/wp-content\/uploads\/2020\/02\/04-1024x683.jpg\" alt=\"\" data-id=\"1600\" data-link=\"https:\/\/marcali.plebania.hu\/?attachment_id=1600\" class=\"wp-image-1600\" srcset=\"https:\/\/marcali.plebania.hu\/wp-content\/uploads\/2020\/02\/04-1024x683.jpg 1024w, https:\/\/marcali.plebania.hu\/wp-content\/uploads\/2020\/02\/04-300x200.jpg 300w, https:\/\/marcali.plebania.hu\/wp-content\/uploads\/2020\/02\/04-768x512.jpg 768w, https:\/\/marcali.plebania.hu\/wp-content\/uploads\/2020\/02\/04-1536x1024.jpg 1536w, https:\/\/marcali.plebania.hu\/wp-content\/uploads\/2020\/02\/04-2048x1365.jpg 2048w, https:\/\/marcali.plebania.hu\/wp-content\/uploads\/2020\/02\/04-405x270.jpg 405w\" sizes=\"auto, (max-width: 1024px) 100vw, 1024px\" \/><\/figure><\/li><li class=\"blocks-gallery-item\"><figure><img loading=\"lazy\" decoding=\"async\" width=\"1024\" height=\"683\" src=\"https:\/\/marcali.plebania.hu\/wp-content\/uploads\/2020\/02\/05-1024x683.jpg\" alt=\"\" data-id=\"1601\" data-link=\"https:\/\/marcali.plebania.hu\/?attachment_id=1601\" class=\"wp-image-1601\" srcset=\"https:\/\/marcali.plebania.hu\/wp-content\/uploads\/2020\/02\/05-1024x683.jpg 1024w, https:\/\/marcali.plebania.hu\/wp-content\/uploads\/2020\/02\/05-300x200.jpg 300w, https:\/\/marcali.plebania.hu\/wp-content\/uploads\/2020\/02\/05-768x512.jpg 768w, https:\/\/marcali.plebania.hu\/wp-content\/uploads\/2020\/02\/05-1536x1024.jpg 1536w, https:\/\/marcali.plebania.hu\/wp-content\/uploads\/2020\/02\/05-2048x1365.jpg 2048w, https:\/\/marcali.plebania.hu\/wp-content\/uploads\/2020\/02\/05-405x270.jpg 405w\" sizes=\"auto, (max-width: 1024px) 100vw, 1024px\" \/><\/figure><\/li><li class=\"blocks-gallery-item\"><figure><img loading=\"lazy\" decoding=\"async\" width=\"1024\" height=\"683\" src=\"https:\/\/marcali.plebania.hu\/wp-content\/uploads\/2020\/02\/07-1024x683.jpg\" alt=\"\" data-id=\"1602\" data-full-url=\"https:\/\/marcali.plebania.hu\/wp-content\/uploads\/2020\/02\/07-scaled.jpg\" data-link=\"https:\/\/marcali.plebania.hu\/?attachment_id=1602\" class=\"wp-image-1602\" srcset=\"https:\/\/marcali.plebania.hu\/wp-content\/uploads\/2020\/02\/07-1024x683.jpg 1024w, https:\/\/marcali.plebania.hu\/wp-content\/uploads\/2020\/02\/07-300x200.jpg 300w, https:\/\/marcali.plebania.hu\/wp-content\/uploads\/2020\/02\/07-768x512.jpg 768w, https:\/\/marcali.plebania.hu\/wp-content\/uploads\/2020\/02\/07-1536x1024.jpg 1536w, https:\/\/marcali.plebania.hu\/wp-content\/uploads\/2020\/02\/07-2048x1365.jpg 2048w, https:\/\/marcali.plebania.hu\/wp-content\/uploads\/2020\/02\/07-405x270.jpg 405w\" sizes=\"auto, (max-width: 1024px) 100vw, 1024px\" \/><\/figure><\/li><\/ul><\/figure>\n\n\n\n<p>A Betegek Vil\u00e1gnapj\u00e1t minden \u00e9vben a lourdes-i Sz\u0171zanya megjelen\u00e9s\u00e9nek napj\u00e1n \u00fcnneplik az eg\u00e9sz Egyh\u00e1zban. Marcaliban, ebben az \u00e9vben t\u00f6bb mint 50 id\u0151s \u00e9s beteg testv\u00e9rnek szolg\u00e1ltatt\u00e1k ki a szents\u00e9get, melyet egy \u00e9vben csak egyszer lehet felvenni, kegyelmi \u00e1llapotban.<\/p>\n\n\n\n<figure class=\"wp-block-gallery columns-3 is-cropped wp-block-gallery-2 is-layout-flex wp-block-gallery-is-layout-flex\"><ul class=\"blocks-gallery-grid\"><li class=\"blocks-gallery-item\"><figure><img loading=\"lazy\" decoding=\"async\" width=\"1024\" height=\"683\" src=\"https:\/\/marcali.plebania.hu\/wp-content\/uploads\/2020\/02\/10-1024x683.jpg\" alt=\"\" data-id=\"1603\" data-link=\"https:\/\/marcali.plebania.hu\/?attachment_id=1603\" class=\"wp-image-1603\" srcset=\"https:\/\/marcali.plebania.hu\/wp-content\/uploads\/2020\/02\/10-1024x683.jpg 1024w, https:\/\/marcali.plebania.hu\/wp-content\/uploads\/2020\/02\/10-300x200.jpg 300w, https:\/\/marcali.plebania.hu\/wp-content\/uploads\/2020\/02\/10-768x512.jpg 768w, https:\/\/marcali.plebania.hu\/wp-content\/uploads\/2020\/02\/10-1536x1024.jpg 1536w, https:\/\/marcali.plebania.hu\/wp-content\/uploads\/2020\/02\/10-2048x1365.jpg 2048w, https:\/\/marcali.plebania.hu\/wp-content\/uploads\/2020\/02\/10-405x270.jpg 405w\" sizes=\"auto, (max-width: 1024px) 100vw, 1024px\" \/><\/figure><\/li><li class=\"blocks-gallery-item\"><figure><img loading=\"lazy\" decoding=\"async\" width=\"1024\" height=\"683\" src=\"https:\/\/marcali.plebania.hu\/wp-content\/uploads\/2020\/02\/13-1024x683.jpg\" alt=\"\" data-id=\"1604\" data-link=\"https:\/\/marcali.plebania.hu\/?attachment_id=1604\" class=\"wp-image-1604\" srcset=\"https:\/\/marcali.plebania.hu\/wp-content\/uploads\/2020\/02\/13-1024x683.jpg 1024w, https:\/\/marcali.plebania.hu\/wp-content\/uploads\/2020\/02\/13-300x200.jpg 300w, https:\/\/marcali.plebania.hu\/wp-content\/uploads\/2020\/02\/13-768x512.jpg 768w, https:\/\/marcali.plebania.hu\/wp-content\/uploads\/2020\/02\/13-1536x1024.jpg 1536w, https:\/\/marcali.plebania.hu\/wp-content\/uploads\/2020\/02\/13-2048x1365.jpg 2048w, https:\/\/marcali.plebania.hu\/wp-content\/uploads\/2020\/02\/13-405x270.jpg 405w\" sizes=\"auto, (max-width: 1024px) 100vw, 1024px\" \/><\/figure><\/li><li class=\"blocks-gallery-item\"><figure><img loading=\"lazy\" decoding=\"async\" width=\"1024\" height=\"683\" src=\"https:\/\/marcali.plebania.hu\/wp-content\/uploads\/2020\/02\/14-1024x683.jpg\" alt=\"\" data-id=\"1605\" data-link=\"https:\/\/marcali.plebania.hu\/?attachment_id=1605\" class=\"wp-image-1605\" srcset=\"https:\/\/marcali.plebania.hu\/wp-content\/uploads\/2020\/02\/14-1024x683.jpg 1024w, https:\/\/marcali.plebania.hu\/wp-content\/uploads\/2020\/02\/14-300x200.jpg 300w, https:\/\/marcali.plebania.hu\/wp-content\/uploads\/2020\/02\/14-768x512.jpg 768w, https:\/\/marcali.plebania.hu\/wp-content\/uploads\/2020\/02\/14-1536x1024.jpg 1536w, https:\/\/marcali.plebania.hu\/wp-content\/uploads\/2020\/02\/14-2048x1365.jpg 2048w, https:\/\/marcali.plebania.hu\/wp-content\/uploads\/2020\/02\/14-405x270.jpg 405w\" sizes=\"auto, (max-width: 1024px) 100vw, 1024px\" \/><\/figure><\/li><li class=\"blocks-gallery-item\"><figure><img loading=\"lazy\" decoding=\"async\" width=\"1024\" height=\"683\" src=\"https:\/\/marcali.plebania.hu\/wp-content\/uploads\/2020\/02\/15-1024x683.jpg\" alt=\"\" data-id=\"1606\" data-full-url=\"https:\/\/marcali.plebania.hu\/wp-content\/uploads\/2020\/02\/15-scaled.jpg\" data-link=\"https:\/\/marcali.plebania.hu\/?attachment_id=1606\" class=\"wp-image-1606\" srcset=\"https:\/\/marcali.plebania.hu\/wp-content\/uploads\/2020\/02\/15-1024x683.jpg 1024w, https:\/\/marcali.plebania.hu\/wp-content\/uploads\/2020\/02\/15-300x200.jpg 300w, https:\/\/marcali.plebania.hu\/wp-content\/uploads\/2020\/02\/15-768x512.jpg 768w, https:\/\/marcali.plebania.hu\/wp-content\/uploads\/2020\/02\/15-1536x1024.jpg 1536w, https:\/\/marcali.plebania.hu\/wp-content\/uploads\/2020\/02\/15-2048x1365.jpg 2048w, https:\/\/marcali.plebania.hu\/wp-content\/uploads\/2020\/02\/15-405x270.jpg 405w\" sizes=\"auto, (max-width: 1024px) 100vw, 1024px\" \/><\/figure><\/li><\/ul><\/figure>\n\n\n\n<p>A\nMarcali K\u00f3rh\u00e1z betegeihez szok\u00e1sosan cs\u00fct\u00f6rt\u00f6k\u00f6n ment el a k\u00f3rh\u00e1zl\u00e1togat\u00f3\ncsoport \u00e9s a k\u00f3rh\u00e1z kr\u00f3nikus \u00e9s \u00e1pol\u00e1si oszt\u00e1ly\u00e1n mintegy 60 betegnek\nszolg\u00e1ltatta ki Iv\u00e1n atya a betegek kenet\u00e9t.<\/p>\n\n\n\n<p>A mostani 28. Betegek vil\u00e1gnapj\u00e1nak mott\u00f3ja a szent\u00edr\u00e1sb\u00f3l vett id\u00e9zet: \u201eJ\u00f6jjetek hozz\u00e1m mindny\u00e1jan, akik elf\u00e1radtatok, s akik terhet hordoztok \u2013 \u00e9n megk\u00f6nny\u00edtlek titeket\u201d (Mt 11,28).<\/p>\n\n\n\n<figure class=\"wp-block-gallery columns-3 is-cropped wp-block-gallery-3 is-layout-flex wp-block-gallery-is-layout-flex\"><ul class=\"blocks-gallery-grid\"><li class=\"blocks-gallery-item\"><figure><img loading=\"lazy\" decoding=\"async\" width=\"1024\" height=\"683\" src=\"https:\/\/marcali.plebania.hu\/wp-content\/uploads\/2020\/02\/19-1024x683.jpg\" alt=\"\" data-id=\"1607\" data-link=\"https:\/\/marcali.plebania.hu\/?attachment_id=1607\" class=\"wp-image-1607\" srcset=\"https:\/\/marcali.plebania.hu\/wp-content\/uploads\/2020\/02\/19-1024x683.jpg 1024w, https:\/\/marcali.plebania.hu\/wp-content\/uploads\/2020\/02\/19-300x200.jpg 300w, https:\/\/marcali.plebania.hu\/wp-content\/uploads\/2020\/02\/19-768x512.jpg 768w, https:\/\/marcali.plebania.hu\/wp-content\/uploads\/2020\/02\/19-1536x1024.jpg 1536w, https:\/\/marcali.plebania.hu\/wp-content\/uploads\/2020\/02\/19-2048x1365.jpg 2048w, https:\/\/marcali.plebania.hu\/wp-content\/uploads\/2020\/02\/19-405x270.jpg 405w\" sizes=\"auto, (max-width: 1024px) 100vw, 1024px\" \/><\/figure><\/li><li class=\"blocks-gallery-item\"><figure><img loading=\"lazy\" decoding=\"async\" width=\"1024\" height=\"683\" src=\"https:\/\/marcali.plebania.hu\/wp-content\/uploads\/2020\/02\/24-1024x683.jpg\" alt=\"\" data-id=\"1608\" data-link=\"https:\/\/marcali.plebania.hu\/?attachment_id=1608\" class=\"wp-image-1608\" srcset=\"https:\/\/marcali.plebania.hu\/wp-content\/uploads\/2020\/02\/24-1024x683.jpg 1024w, https:\/\/marcali.plebania.hu\/wp-content\/uploads\/2020\/02\/24-300x200.jpg 300w, https:\/\/marcali.plebania.hu\/wp-content\/uploads\/2020\/02\/24-768x512.jpg 768w, https:\/\/marcali.plebania.hu\/wp-content\/uploads\/2020\/02\/24-1536x1024.jpg 1536w, https:\/\/marcali.plebania.hu\/wp-content\/uploads\/2020\/02\/24-2048x1365.jpg 2048w, https:\/\/marcali.plebania.hu\/wp-content\/uploads\/2020\/02\/24-405x270.jpg 405w\" sizes=\"auto, (max-width: 1024px) 100vw, 1024px\" \/><\/figure><\/li><li class=\"blocks-gallery-item\"><figure><img loading=\"lazy\" decoding=\"async\" width=\"1024\" height=\"683\" src=\"https:\/\/marcali.plebania.hu\/wp-content\/uploads\/2020\/02\/25-1024x683.jpg\" alt=\"\" data-id=\"1609\" data-link=\"https:\/\/marcali.plebania.hu\/?attachment_id=1609\" class=\"wp-image-1609\" srcset=\"https:\/\/marcali.plebania.hu\/wp-content\/uploads\/2020\/02\/25-1024x683.jpg 1024w, https:\/\/marcali.plebania.hu\/wp-content\/uploads\/2020\/02\/25-300x200.jpg 300w, https:\/\/marcali.plebania.hu\/wp-content\/uploads\/2020\/02\/25-768x512.jpg 768w, https:\/\/marcali.plebania.hu\/wp-content\/uploads\/2020\/02\/25-1536x1024.jpg 1536w, https:\/\/marcali.plebania.hu\/wp-content\/uploads\/2020\/02\/25-2048x1365.jpg 2048w, https:\/\/marcali.plebania.hu\/wp-content\/uploads\/2020\/02\/25-405x270.jpg 405w\" sizes=\"auto, (max-width: 1024px) 100vw, 1024px\" \/><\/figure><\/li><li class=\"blocks-gallery-item\"><figure><img loading=\"lazy\" decoding=\"async\" width=\"1024\" height=\"683\" src=\"https:\/\/marcali.plebania.hu\/wp-content\/uploads\/2020\/02\/22-1024x683.jpg\" alt=\"\" data-id=\"1610\" data-full-url=\"https:\/\/marcali.plebania.hu\/wp-content\/uploads\/2020\/02\/22-scaled.jpg\" data-link=\"https:\/\/marcali.plebania.hu\/?attachment_id=1610\" class=\"wp-image-1610\" srcset=\"https:\/\/marcali.plebania.hu\/wp-content\/uploads\/2020\/02\/22-1024x683.jpg 1024w, https:\/\/marcali.plebania.hu\/wp-content\/uploads\/2020\/02\/22-300x200.jpg 300w, https:\/\/marcali.plebania.hu\/wp-content\/uploads\/2020\/02\/22-768x512.jpg 768w, https:\/\/marcali.plebania.hu\/wp-content\/uploads\/2020\/02\/22-1536x1024.jpg 1536w, https:\/\/marcali.plebania.hu\/wp-content\/uploads\/2020\/02\/22-2048x1365.jpg 2048w, https:\/\/marcali.plebania.hu\/wp-content\/uploads\/2020\/02\/22-405x270.jpg 405w\" sizes=\"auto, (max-width: 1024px) 100vw, 1024px\" \/><\/figure><\/li><\/ul><\/figure>\n\n\n\n<p>Ferenc\np\u00e1pa idei \u00fczenet\u00e9ben azt \u00edrja:\u201d Minden embert, aki a betegs\u00e9g terh\u00e9t hordozza,\ncsal\u00e1dtagjaikat \u00e9s az eg\u00e9szs\u00e9g\u00fcgyi dolgoz\u00f3kat is a Boldogs\u00e1gos Sz\u0171z M\u00e1ria, a\nBetegek gy\u00f3gy\u00edt\u00f3ja oltalm\u00e1ba aj\u00e1nlom. Szeretettel biztos\u00edtalak titeket arr\u00f3l,\nhogy im\u00e1imban mellettetek vagyok \u00e9s sz\u00edvb\u0151l adom apostoli \u00e1ld\u00e1som.\u201d Ezt a\nvil\u00e1gnapot Szent II. J\u00e1nos P\u00e1l p\u00e1pa vezetett be 1992-ben, \u00e9s el\u0151sz\u00f6r 1993.\nfebru\u00e1r 11-\u00e9n \u00e9ppen Lourdes-ban \u00fcnnepeltek meg. Ferenc p\u00e1pa \u00fczenet\u00e9ben teh\u00e1t\nism\u00e9t a beteg, id\u0151s emberek m\u00e9lt\u00f3s\u00e1g\u00e1ra h\u00edvja fel a vil\u00e1g figyelm\u00e9t.<\/p>\n","protected":false},"excerpt":{"rendered":"<p>2020. febru\u00e1r 12-\u00e9n, szerd\u00e1n az esti szentmise keret\u00e9ben Kiss Iv\u00e1n c. pr\u00e9post, esperes-pl\u00e9b\u00e1nos az id\u00e9n is kiszolg\u00e1ltatta a betegek kenet\u00e9t a Gy\u00fcm\u00f6lcsolt\u00f3 Boldogasszony pl\u00e9b\u00e1niatemplomban. A Betegek Vil\u00e1gnapj\u00e1t minden \u00e9vben a lourdes-i Sz\u0171zanya megjelen\u00e9s\u00e9nek napj\u00e1n \u00fcnneplik az eg\u00e9sz Egyh\u00e1zban. Marcaliban, ebben az \u00e9vben t\u00f6bb mint 50 id\u0151s \u00e9s beteg testv\u00e9rnek szolg\u00e1ltatt\u00e1k ki a szents\u00e9get, melyet egy \u00e9vben csak egyszer lehet felvenni, kegyelmi \u00e1llapotban. A Marcali K\u00f3rh\u00e1z betegeihez szok\u00e1sosan cs\u00fct\u00f6rt\u00f6k\u00f6n ment el a k\u00f3rh\u00e1zl\u00e1togat\u00f3 csoport \u00e9s a k\u00f3rh\u00e1z kr\u00f3nikus \u00e9s \u00e1pol\u00e1si oszt\u00e1ly\u00e1n&#8230;<\/p>\n<p class=\"read-more\"><a class=\"btn btn-default\" href=\"https:\/\/marcali.plebania.hu\/?p=1598\"> Read More<span class=\"screen-reader-text\">  Read More<\/span><\/a><\/p>\n","protected":false},"author":2,"featured_media":0,"comment_status":"closed","ping_status":"open","sticky":false,"template":"","format":"standard","meta":{"footnotes":""},"categories":[1],"tags":[],"class_list":["post-1598","post","type-post","status-publish","format-standard","hentry","category-egyeb"],"_links":{"self":[{"href":"https:\/\/marcali.plebania.hu\/index.php?rest_route=\/wp\/v2\/posts\/1598","targetHints":{"allow":["GET"]}}],"collection":[{"href":"https:\/\/marcali.plebania.hu\/index.php?rest_route=\/wp\/v2\/posts"}],"about":[{"href":"https:\/\/marcali.plebania.hu\/index.php?rest_route=\/wp\/v2\/types\/post"}],"author":[{"embeddable":true,"href":"https:\/\/marcali.plebania.hu\/index.php?rest_route=\/wp\/v2\/users\/2"}],"replies":[{"embeddable":true,"href":"https:\/\/marcali.plebania.hu\/index.php?rest_route=%2Fwp%2Fv2%2Fcomments&post=1598"}],"version-history":[{"count":1,"href":"https:\/\/marcali.plebania.hu\/index.php?rest_route=\/wp\/v2\/posts\/1598\/revisions"}],"predecessor-version":[{"id":1611,"href":"https:\/\/marcali.plebania.hu\/index.php?rest_route=\/wp\/v2\/posts\/1598\/revisions\/1611"}],"wp:attachment":[{"href":"https:\/\/marcali.plebania.hu\/index.php?rest_route=%2Fwp%2Fv2%2Fmedia&parent=1598"}],"wp:term":[{"taxonomy":"category","embeddable":true,"href":"https:\/\/marcali.plebania.hu\/index.php?rest_route=%2Fwp%2Fv2%2Fcategories&post=1598"},{"taxonomy":"post_tag","embeddable":true,"href":"https:\/\/marcali.plebania.hu\/index.php?rest_route=%2Fwp%2Fv2%2Ftags&post=1598"}],"curies":[{"name":"wp","href":"https:\/\/api.w.org\/{rel}","templated":true}]}}