{"id":161,"date":"2018-04-14T17:48:33","date_gmt":"2018-04-14T17:48:33","guid":{"rendered":"https:\/\/marcali.plebania.hu\/?p=161"},"modified":"2018-04-24T17:51:27","modified_gmt":"2018-04-24T17:51:27","slug":"kaposvari-egyhazmegyei-hittanverseny-marcali-elso-tudasprobaban","status":"publish","type":"post","link":"https:\/\/marcali.plebania.hu\/?p=161","title":{"rendered":"Kaposv\u00e1ri Egyh\u00e1zmegyei Hittanverseny &#8211; Marcali els\u0151 tud\u00e1spr\u00f3b\u00e1ban"},"content":{"rendered":"<p>2018. \u00e1prilis 14-\u00e9n, Csurg\u00f3n a Csokonai Vit\u00e9z Mih\u00e1ly M\u0171vel\u0151d\u00e9si K\u00f6zpontban \u00e9s a mellette l\u00e9v\u0151 Reform\u00e1tus Gimn\u00e1ziumban rendezt\u00e9k meg az idei egyh\u00e1zmegyei hittanversenyt, melyen marcali csoportok is r\u00e9szt vettek. A mintegy 400 r\u00e9sztvev\u0151 hittanost F\u00fcst\u0151s J\u00e1nos csurg\u00f3i polg\u00e1rmester \u00e9s F\u00fcst\u00f6sn\u00e9 \u00c1brah\u00e1m Judit a Reform\u00e1tus Gimn\u00e1zium igazgat\u00f3n\u0151je k\u00f6sz\u00f6nt\u00f6tte, majd Kiss Iv\u00e1n a Kaposv\u00e1ri Egyh\u00e1zmegye hitoktat\u00e1si referense nyitotta meg a tal\u00e1lkoz\u00f3t. A hittanversenyen tud\u00e1spr\u00f3b\u00e1ban els\u0151 helyez\u00e9st \u00e9rt el a marcali Noszlopy Iskola als\u00f3s csoportja: Boh\u00e1r Marcell, Boh\u00e1r B\u00e1lint, Kir\u00e1ly Krist\u00f3f, Simon G\u00e1bor. Felk\u00e9sz\u00edt\u0151 hitoktat\u00f3juk: Tombor Erzs\u00e9bet. \u00c9nek sz\u00f3l\u00f3 kateg\u00f3ri\u00e1ban 2. helyez\u00e9st \u00e9rt el T\u00e9rdig Vikt\u00f3ria. Az \u00e9nek csoport kateg\u00f3ri\u00e1ban 3. helyez\u00e9st \u00e9rt el: T\u00e9rdig Vikt\u00f3ria, T\u00f3th Eszter, Szab\u00f3 Emese, Bojtor N\u00f3ra Lilli, Monostori Ot\u00edlia, Varga Inez, M\u00e1ndi Dalma. Felk\u00e9sz\u00edt\u0151j\u00fck: Szab\u00f3 Andrea \u00e9s Bojtorn\u00e9 Kir\u00e1ly M\u00e1rta voltak. Az aszfaltrajz kateg\u00f3ri\u00e1ban sz\u00e9p eredm\u00e9nyt \u00e9rt el: Bogn\u00e1r Emese, Boh\u00e1r Zs\u00f3fia, Liszkai Rozi.<\/p>\n<p><img loading=\"lazy\" decoding=\"async\" class=\"alignnone size-full wp-image-172\" src=\"https:\/\/marcali.plebania.hu\/wp-content\/uploads\/2018\/04\/80414.jpg\" alt=\"\" width=\"1000\" height=\"750\" srcset=\"https:\/\/marcali.plebania.hu\/wp-content\/uploads\/2018\/04\/80414.jpg 1000w, https:\/\/marcali.plebania.hu\/wp-content\/uploads\/2018\/04\/80414-300x225.jpg 300w, https:\/\/marcali.plebania.hu\/wp-content\/uploads\/2018\/04\/80414-768x576.jpg 768w, https:\/\/marcali.plebania.hu\/wp-content\/uploads\/2018\/04\/80414-360x270.jpg 360w\" sizes=\"auto, (max-width: 1000px) 100vw, 1000px\" \/><\/p>\n","protected":false},"excerpt":{"rendered":"<p>2018. \u00e1prilis 14-\u00e9n, Csurg\u00f3n a Csokonai Vit\u00e9z Mih\u00e1ly M\u0171vel\u0151d\u00e9si K\u00f6zpontban \u00e9s a mellette l\u00e9v\u0151 Reform\u00e1tus Gimn\u00e1ziumban rendezt\u00e9k meg az idei egyh\u00e1zmegyei hittanversenyt, melyen marcali csoportok is r\u00e9szt vettek. A mintegy 400 r\u00e9sztvev\u0151 hittanost F\u00fcst\u0151s J\u00e1nos csurg\u00f3i polg\u00e1rmester \u00e9s F\u00fcst\u00f6sn\u00e9 \u00c1brah\u00e1m Judit a Reform\u00e1tus Gimn\u00e1zium igazgat\u00f3n\u0151je k\u00f6sz\u00f6nt\u00f6tte, majd Kiss Iv\u00e1n a Kaposv\u00e1ri Egyh\u00e1zmegye hitoktat\u00e1si referense nyitotta meg a tal\u00e1lkoz\u00f3t. A hittanversenyen tud\u00e1spr\u00f3b\u00e1ban els\u0151 helyez\u00e9st \u00e9rt el a marcali Noszlopy Iskola als\u00f3s csoportja: Boh\u00e1r Marcell, Boh\u00e1r B\u00e1lint, Kir\u00e1ly Krist\u00f3f, Simon G\u00e1bor. Felk\u00e9sz\u00edt\u0151&#8230;<\/p>\n<p class=\"read-more\"><a class=\"btn btn-default\" href=\"https:\/\/marcali.plebania.hu\/?p=161\"> Read More<span class=\"screen-reader-text\">  Read More<\/span><\/a><\/p>\n","protected":false},"author":2,"featured_media":0,"comment_status":"closed","ping_status":"open","sticky":false,"template":"","format":"standard","meta":{"footnotes":""},"categories":[4],"tags":[],"class_list":["post-161","post","type-post","status-publish","format-standard","hentry","category-hirek"],"_links":{"self":[{"href":"https:\/\/marcali.plebania.hu\/index.php?rest_route=\/wp\/v2\/posts\/161","targetHints":{"allow":["GET"]}}],"collection":[{"href":"https:\/\/marcali.plebania.hu\/index.php?rest_route=\/wp\/v2\/posts"}],"about":[{"href":"https:\/\/marcali.plebania.hu\/index.php?rest_route=\/wp\/v2\/types\/post"}],"author":[{"embeddable":true,"href":"https:\/\/marcali.plebania.hu\/index.php?rest_route=\/wp\/v2\/users\/2"}],"replies":[{"embeddable":true,"href":"https:\/\/marcali.plebania.hu\/index.php?rest_route=%2Fwp%2Fv2%2Fcomments&post=161"}],"version-history":[{"count":2,"href":"https:\/\/marcali.plebania.hu\/index.php?rest_route=\/wp\/v2\/posts\/161\/revisions"}],"predecessor-version":[{"id":173,"href":"https:\/\/marcali.plebania.hu\/index.php?rest_route=\/wp\/v2\/posts\/161\/revisions\/173"}],"wp:attachment":[{"href":"https:\/\/marcali.plebania.hu\/index.php?rest_route=%2Fwp%2Fv2%2Fmedia&parent=161"}],"wp:term":[{"taxonomy":"category","embeddable":true,"href":"https:\/\/marcali.plebania.hu\/index.php?rest_route=%2Fwp%2Fv2%2Fcategories&post=161"},{"taxonomy":"post_tag","embeddable":true,"href":"https:\/\/marcali.plebania.hu\/index.php?rest_route=%2Fwp%2Fv2%2Ftags&post=161"}],"curies":[{"name":"wp","href":"https:\/\/api.w.org\/{rel}","templated":true}]}}