{"id":1612,"date":"2020-02-14T09:01:04","date_gmt":"2020-02-14T09:01:04","guid":{"rendered":"https:\/\/marcali.plebania.hu\/?p=1612"},"modified":"2020-02-14T09:01:04","modified_gmt":"2020-02-14T09:01:04","slug":"hirdetesek-2020-02-16","status":"publish","type":"post","link":"https:\/\/marcali.plebania.hu\/?p=1612","title":{"rendered":"Hirdet\u00e9sek, 2020. 02. 16."},"content":{"rendered":"\n<ol class=\"wp-block-list\"><li>Ma\nvan az \u00e9vk\u00f6zi 6. vas\u00e1rnap.<\/li><li>P\u00e9nteken\n16.30-kor szents\u00e9gim\u00e1d\u00e1s, ut\u00e1na szentmise.<\/li><li>A\nMarcali Pl\u00e9b\u00e1nia is csatlakozik a H\u00e1zass\u00e1g het\u00e9hez. J\u00f6v\u0151 vas\u00e1rnap szeretettel\nh\u00edvjuk \u00e9s v\u00e1rjuk a h\u00e1zasp\u00e1rokat a 9 \u00f3r\u00e1s szentmis\u00e9re, h\u00e1zass\u00e1gi \u00edg\u00e9ret\u00fck\nmeg\u00faj\u00edt\u00e1s\u00e1ra \u00e9s egy \u00e1ld\u00e1sra. K\u00e9rj\u00fck a hittanos gyermekek sz\u00fcleit is, hogy\ncsatlakozzanak ehhez a kezdem\u00e9nyez\u00e9shez \u00e9s templomba j\u00e1r\u00f3 id\u0151sebb h\u00e1zasp\u00e1rokat\nis h\u00edvjuk szeretettel.<\/li><li>J\u00f6v\u0151\nvas\u00e1rnap az orsz\u00e1g valamennyi katolikus templom\u00e1ban gy\u0171jt\u00e9s lesz a katolikus\niskol\u00e1k jav\u00e1ra.<\/li><li>Az\nEgyh\u00e1zk\u00f6zs\u00e9g szervez\u00e9s\u00e9ben Boldog II. J\u00e1nos P\u00e1l p\u00e1p\u00e1t \u00e1br\u00e1zol\u00f3 szobor k\u00e9sz\u00fcl a\npl\u00e9b\u00e1niatemplom el\u00e9. A szoborra adakozni lehet, k\u00e9szp\u00e9nzben a pl\u00e9b\u00e1ni\u00e1n, \u00e9s\nbanki \u00e1tutal\u00e1ssal a: <strong>10403947-00026735-00000001<\/strong> sz\u00e1mlasz\u00e1mon.\nSz\u00e1mlatulajdonos: <em>R\u00f3mai Katolikus Egyh\u00e1zk\u00f6zs\u00e9g.<\/em> K\u00f6sz\u00f6nj\u00fck a\nfelaj\u00e1nl\u00e1sokat!<\/li><li>Az\nEukarisztikus kongresszusra val\u00f3 jelentkez\u00e9s elindult. Gelencs\u00e9r R\u00f3bert vil\u00e1gi\neln\u00f6k\u00f6t jel\u00f6ltem ki csoportvezet\u0151nek, akin\u00e9l jelentkezni lehet. Terveink\nszerint a kongresszusra szombati napon menn\u00e9nk, amikor a Kossuth t\u00e9ri\nszentmis\u00e9r\u0151l f\u00e1kly\u00e1s k\u00f6rmenettel a H\u0151s\u00f6k ter\u00e9ig megy\u00fcnk.<\/li><\/ol>\n","protected":false},"excerpt":{"rendered":"<p>Ma van az \u00e9vk\u00f6zi 6. vas\u00e1rnap. P\u00e9nteken 16.30-kor szents\u00e9gim\u00e1d\u00e1s, ut\u00e1na szentmise. A Marcali Pl\u00e9b\u00e1nia is csatlakozik a H\u00e1zass\u00e1g het\u00e9hez. J\u00f6v\u0151 vas\u00e1rnap szeretettel h\u00edvjuk \u00e9s v\u00e1rjuk a h\u00e1zasp\u00e1rokat a 9 \u00f3r\u00e1s szentmis\u00e9re, h\u00e1zass\u00e1gi \u00edg\u00e9ret\u00fck meg\u00faj\u00edt\u00e1s\u00e1ra \u00e9s egy \u00e1ld\u00e1sra. K\u00e9rj\u00fck a hittanos gyermekek sz\u00fcleit is, hogy csatlakozzanak ehhez a kezdem\u00e9nyez\u00e9shez \u00e9s templomba j\u00e1r\u00f3 id\u0151sebb h\u00e1zasp\u00e1rokat is h\u00edvjuk szeretettel. J\u00f6v\u0151 vas\u00e1rnap az orsz\u00e1g valamennyi katolikus templom\u00e1ban gy\u0171jt\u00e9s lesz a katolikus iskol\u00e1k jav\u00e1ra. Az Egyh\u00e1zk\u00f6zs\u00e9g szervez\u00e9s\u00e9ben Boldog II. J\u00e1nos P\u00e1l p\u00e1p\u00e1t \u00e1br\u00e1zol\u00f3 szobor k\u00e9sz\u00fcl&#8230;<\/p>\n<p class=\"read-more\"><a class=\"btn btn-default\" href=\"https:\/\/marcali.plebania.hu\/?p=1612\"> Read More<span class=\"screen-reader-text\">  Read More<\/span><\/a><\/p>\n","protected":false},"author":2,"featured_media":0,"comment_status":"closed","ping_status":"open","sticky":false,"template":"","format":"standard","meta":{"footnotes":""},"categories":[1],"tags":[],"class_list":["post-1612","post","type-post","status-publish","format-standard","hentry","category-egyeb"],"_links":{"self":[{"href":"https:\/\/marcali.plebania.hu\/index.php?rest_route=\/wp\/v2\/posts\/1612","targetHints":{"allow":["GET"]}}],"collection":[{"href":"https:\/\/marcali.plebania.hu\/index.php?rest_route=\/wp\/v2\/posts"}],"about":[{"href":"https:\/\/marcali.plebania.hu\/index.php?rest_route=\/wp\/v2\/types\/post"}],"author":[{"embeddable":true,"href":"https:\/\/marcali.plebania.hu\/index.php?rest_route=\/wp\/v2\/users\/2"}],"replies":[{"embeddable":true,"href":"https:\/\/marcali.plebania.hu\/index.php?rest_route=%2Fwp%2Fv2%2Fcomments&post=1612"}],"version-history":[{"count":1,"href":"https:\/\/marcali.plebania.hu\/index.php?rest_route=\/wp\/v2\/posts\/1612\/revisions"}],"predecessor-version":[{"id":1613,"href":"https:\/\/marcali.plebania.hu\/index.php?rest_route=\/wp\/v2\/posts\/1612\/revisions\/1613"}],"wp:attachment":[{"href":"https:\/\/marcali.plebania.hu\/index.php?rest_route=%2Fwp%2Fv2%2Fmedia&parent=1612"}],"wp:term":[{"taxonomy":"category","embeddable":true,"href":"https:\/\/marcali.plebania.hu\/index.php?rest_route=%2Fwp%2Fv2%2Fcategories&post=1612"},{"taxonomy":"post_tag","embeddable":true,"href":"https:\/\/marcali.plebania.hu\/index.php?rest_route=%2Fwp%2Fv2%2Ftags&post=1612"}],"curies":[{"name":"wp","href":"https:\/\/api.w.org\/{rel}","templated":true}]}}