{"id":1616,"date":"2020-02-18T08:08:03","date_gmt":"2020-02-18T08:08:03","guid":{"rendered":"https:\/\/marcali.plebania.hu\/?p=1616"},"modified":"2020-02-18T08:08:03","modified_gmt":"2020-02-18T08:08:03","slug":"hittanos-farsang-2020","status":"publish","type":"post","link":"https:\/\/marcali.plebania.hu\/?p=1616","title":{"rendered":"Hittanos farsang 2020"},"content":{"rendered":"\n<p>2020. febru\u00e1r 15-\u00e9n, szombaton 14 \u00f3r\u00e1t\u00f3l az X-h\u00e1z (D\u00f3zsa u. 3.) nagyterm\u00e9ben tartott\u00e1k a marcali hittanos gyermekek r\u00e9sz\u00e9re, a t\u00f6bb mint 20 \u00e9ves hagyom\u00e1nyra visszatekint\u0151 farsangi b\u00e1lt. Az idei esztend\u0151ben is lankadatlan n\u00e9pszer\u0171s\u00e9gnek \u00f6rvend a zen\u00e9s-t\u00e1ncos-j\u00e1t\u00e9kos program, melyre \u00fajfent sok gyermek j\u00f6tt el, akik k\u00f6z\u00fcl t\u00f6bbeket a sz\u00fcleik \u00e9s nagysz\u00fcleik is elk\u00eds\u00e9rtek.<\/p>\n\n\n\n<figure class=\"wp-block-gallery columns-3 is-cropped wp-block-gallery-1 is-layout-flex wp-block-gallery-is-layout-flex\"><ul class=\"blocks-gallery-grid\"><li class=\"blocks-gallery-item\"><figure><img loading=\"lazy\" decoding=\"async\" width=\"1024\" height=\"683\" src=\"https:\/\/marcali.plebania.hu\/wp-content\/uploads\/2020\/02\/08-1024x683.jpg\" alt=\"\" data-id=\"1617\" data-link=\"https:\/\/marcali.plebania.hu\/?attachment_id=1617\" class=\"wp-image-1617\" srcset=\"https:\/\/marcali.plebania.hu\/wp-content\/uploads\/2020\/02\/08-1024x683.jpg 1024w, https:\/\/marcali.plebania.hu\/wp-content\/uploads\/2020\/02\/08-300x200.jpg 300w, https:\/\/marcali.plebania.hu\/wp-content\/uploads\/2020\/02\/08-768x512.jpg 768w, https:\/\/marcali.plebania.hu\/wp-content\/uploads\/2020\/02\/08-1536x1024.jpg 1536w, https:\/\/marcali.plebania.hu\/wp-content\/uploads\/2020\/02\/08-2048x1365.jpg 2048w, https:\/\/marcali.plebania.hu\/wp-content\/uploads\/2020\/02\/08-405x270.jpg 405w\" sizes=\"auto, (max-width: 1024px) 100vw, 1024px\" \/><\/figure><\/li><li class=\"blocks-gallery-item\"><figure><img loading=\"lazy\" decoding=\"async\" width=\"1024\" height=\"683\" src=\"https:\/\/marcali.plebania.hu\/wp-content\/uploads\/2020\/02\/12-1024x683.jpg\" alt=\"\" data-id=\"1618\" data-link=\"https:\/\/marcali.plebania.hu\/?attachment_id=1618\" class=\"wp-image-1618\" srcset=\"https:\/\/marcali.plebania.hu\/wp-content\/uploads\/2020\/02\/12-1024x683.jpg 1024w, https:\/\/marcali.plebania.hu\/wp-content\/uploads\/2020\/02\/12-300x200.jpg 300w, https:\/\/marcali.plebania.hu\/wp-content\/uploads\/2020\/02\/12-768x512.jpg 768w, https:\/\/marcali.plebania.hu\/wp-content\/uploads\/2020\/02\/12-1536x1024.jpg 1536w, https:\/\/marcali.plebania.hu\/wp-content\/uploads\/2020\/02\/12-2048x1365.jpg 2048w, https:\/\/marcali.plebania.hu\/wp-content\/uploads\/2020\/02\/12-405x270.jpg 405w\" sizes=\"auto, (max-width: 1024px) 100vw, 1024px\" \/><\/figure><\/li><li class=\"blocks-gallery-item\"><figure><img loading=\"lazy\" decoding=\"async\" width=\"1024\" height=\"683\" src=\"https:\/\/marcali.plebania.hu\/wp-content\/uploads\/2020\/02\/24-1-1024x683.jpg\" alt=\"\" data-id=\"1619\" data-link=\"https:\/\/marcali.plebania.hu\/?attachment_id=1619\" class=\"wp-image-1619\" srcset=\"https:\/\/marcali.plebania.hu\/wp-content\/uploads\/2020\/02\/24-1-1024x683.jpg 1024w, https:\/\/marcali.plebania.hu\/wp-content\/uploads\/2020\/02\/24-1-300x200.jpg 300w, https:\/\/marcali.plebania.hu\/wp-content\/uploads\/2020\/02\/24-1-768x512.jpg 768w, https:\/\/marcali.plebania.hu\/wp-content\/uploads\/2020\/02\/24-1-1536x1024.jpg 1536w, https:\/\/marcali.plebania.hu\/wp-content\/uploads\/2020\/02\/24-1-2048x1365.jpg 2048w, https:\/\/marcali.plebania.hu\/wp-content\/uploads\/2020\/02\/24-1-405x270.jpg 405w\" sizes=\"auto, (max-width: 1024px) 100vw, 1024px\" \/><\/figure><\/li><li class=\"blocks-gallery-item\"><figure><img loading=\"lazy\" decoding=\"async\" width=\"1024\" height=\"683\" src=\"https:\/\/marcali.plebania.hu\/wp-content\/uploads\/2020\/02\/26-1024x683.jpg\" alt=\"\" data-id=\"1620\" data-full-url=\"https:\/\/marcali.plebania.hu\/wp-content\/uploads\/2020\/02\/26-scaled.jpg\" data-link=\"https:\/\/marcali.plebania.hu\/?attachment_id=1620\" class=\"wp-image-1620\" srcset=\"https:\/\/marcali.plebania.hu\/wp-content\/uploads\/2020\/02\/26-1024x683.jpg 1024w, https:\/\/marcali.plebania.hu\/wp-content\/uploads\/2020\/02\/26-300x200.jpg 300w, https:\/\/marcali.plebania.hu\/wp-content\/uploads\/2020\/02\/26-768x512.jpg 768w, https:\/\/marcali.plebania.hu\/wp-content\/uploads\/2020\/02\/26-1536x1024.jpg 1536w, https:\/\/marcali.plebania.hu\/wp-content\/uploads\/2020\/02\/26-2048x1365.jpg 2048w, https:\/\/marcali.plebania.hu\/wp-content\/uploads\/2020\/02\/26-405x270.jpg 405w\" sizes=\"auto, (max-width: 1024px) 100vw, 1024px\" \/><\/figure><\/li><\/ul><\/figure>\n\n\n\n<p>Az als\u00f3 \u00e9s fels\u0151 tagozatos tanul\u00f3kat Kiss Iv\u00e1n c. pr\u00e9post, esperes-pl\u00e9b\u00e1nos k\u00f6sz\u00f6nt\u00f6tte. A vid\u00e1m hangulatot a vil\u00e1g n\u00e9peit bemutat\u00f3 el\u0151ad\u00e1s alapozta meg, melyet Iv\u00e1n atya \u00e9s a hitoktat\u00f3k adtak el\u0151. A mulats\u00e1g ezut\u00e1n a szok\u00e1sos \u00e9s nagy izgalommal k\u00eds\u00e9rt jelmezversennyel folytat\u00f3dott, ahol ism\u00e9t sok gyermek vonult fel a jelenl\u00e9v\u0151k \u00e9s a szak\u00e9rt\u0151 zs\u0171ri el\u0151tt. Az id\u00e9n is voltak k\u00fcl\u00f6nf\u00e9le \u00f6tletes maskar\u00e1k \u00f6n\u00e1ll\u00f3 \u00e9s csoportos kateg\u00f3ri\u00e1ban. A neh\u00e9z helyzetben l\u00e9v\u0151 b\u00edr\u00e1l\u00f3 bizotts\u00e1g ism\u00e9t csak a lelem\u00e9nyes megold\u00e1sokat d\u00edjazta, \u00edgy p\u00e9ld\u00e1ul a TEK-et \u00e9s a katonai rep\u00fcl\u00e9st megjelentet\u0151 \u201ehaditechnikai bemutat\u00f3t\u201d, a \u201ef\u00e1ba szorult f\u00e9rget\u201d, a \u201esajtkukacot\u201d, a \u201etransformers\u201d-et, vagy \u00e9ppen a \u201eMikul\u00e1s szabads\u00e1gra megy\u201d c\u00edm\u0171 produkci\u00f3t.<\/p>\n\n\n\n<figure class=\"wp-block-gallery columns-3 is-cropped wp-block-gallery-2 is-layout-flex wp-block-gallery-is-layout-flex\"><ul class=\"blocks-gallery-grid\"><li class=\"blocks-gallery-item\"><figure><img loading=\"lazy\" decoding=\"async\" width=\"1024\" height=\"683\" src=\"https:\/\/marcali.plebania.hu\/wp-content\/uploads\/2020\/02\/34-1024x683.jpg\" alt=\"\" data-id=\"1621\" data-link=\"https:\/\/marcali.plebania.hu\/?attachment_id=1621\" class=\"wp-image-1621\" srcset=\"https:\/\/marcali.plebania.hu\/wp-content\/uploads\/2020\/02\/34-1024x683.jpg 1024w, https:\/\/marcali.plebania.hu\/wp-content\/uploads\/2020\/02\/34-300x200.jpg 300w, https:\/\/marcali.plebania.hu\/wp-content\/uploads\/2020\/02\/34-768x512.jpg 768w, https:\/\/marcali.plebania.hu\/wp-content\/uploads\/2020\/02\/34-1536x1024.jpg 1536w, https:\/\/marcali.plebania.hu\/wp-content\/uploads\/2020\/02\/34-2048x1365.jpg 2048w, https:\/\/marcali.plebania.hu\/wp-content\/uploads\/2020\/02\/34-405x270.jpg 405w\" sizes=\"auto, (max-width: 1024px) 100vw, 1024px\" \/><\/figure><\/li><li class=\"blocks-gallery-item\"><figure><img loading=\"lazy\" decoding=\"async\" width=\"1024\" height=\"683\" src=\"https:\/\/marcali.plebania.hu\/wp-content\/uploads\/2020\/02\/31-1024x683.jpg\" alt=\"\" data-id=\"1622\" data-link=\"https:\/\/marcali.plebania.hu\/?attachment_id=1622\" class=\"wp-image-1622\" srcset=\"https:\/\/marcali.plebania.hu\/wp-content\/uploads\/2020\/02\/31-1024x683.jpg 1024w, https:\/\/marcali.plebania.hu\/wp-content\/uploads\/2020\/02\/31-300x200.jpg 300w, https:\/\/marcali.plebania.hu\/wp-content\/uploads\/2020\/02\/31-768x512.jpg 768w, https:\/\/marcali.plebania.hu\/wp-content\/uploads\/2020\/02\/31-1536x1024.jpg 1536w, https:\/\/marcali.plebania.hu\/wp-content\/uploads\/2020\/02\/31-2048x1365.jpg 2048w, https:\/\/marcali.plebania.hu\/wp-content\/uploads\/2020\/02\/31-405x270.jpg 405w\" sizes=\"auto, (max-width: 1024px) 100vw, 1024px\" \/><\/figure><\/li><li class=\"blocks-gallery-item\"><figure><img loading=\"lazy\" decoding=\"async\" width=\"1024\" height=\"683\" src=\"https:\/\/marcali.plebania.hu\/wp-content\/uploads\/2020\/02\/55-1024x683.jpg\" alt=\"\" data-id=\"1623\" data-link=\"https:\/\/marcali.plebania.hu\/?attachment_id=1623\" class=\"wp-image-1623\" srcset=\"https:\/\/marcali.plebania.hu\/wp-content\/uploads\/2020\/02\/55-1024x683.jpg 1024w, https:\/\/marcali.plebania.hu\/wp-content\/uploads\/2020\/02\/55-300x200.jpg 300w, https:\/\/marcali.plebania.hu\/wp-content\/uploads\/2020\/02\/55-768x512.jpg 768w, https:\/\/marcali.plebania.hu\/wp-content\/uploads\/2020\/02\/55-1536x1024.jpg 1536w, https:\/\/marcali.plebania.hu\/wp-content\/uploads\/2020\/02\/55-2048x1365.jpg 2048w, https:\/\/marcali.plebania.hu\/wp-content\/uploads\/2020\/02\/55-405x270.jpg 405w\" sizes=\"auto, (max-width: 1024px) 100vw, 1024px\" \/><\/figure><\/li><li class=\"blocks-gallery-item\"><figure><img loading=\"lazy\" decoding=\"async\" width=\"1024\" height=\"683\" src=\"https:\/\/marcali.plebania.hu\/wp-content\/uploads\/2020\/02\/68-1024x683.jpg\" alt=\"\" data-id=\"1624\" data-full-url=\"https:\/\/marcali.plebania.hu\/wp-content\/uploads\/2020\/02\/68-scaled.jpg\" data-link=\"https:\/\/marcali.plebania.hu\/?attachment_id=1624\" class=\"wp-image-1624\" srcset=\"https:\/\/marcali.plebania.hu\/wp-content\/uploads\/2020\/02\/68-1024x683.jpg 1024w, https:\/\/marcali.plebania.hu\/wp-content\/uploads\/2020\/02\/68-300x200.jpg 300w, https:\/\/marcali.plebania.hu\/wp-content\/uploads\/2020\/02\/68-768x512.jpg 768w, https:\/\/marcali.plebania.hu\/wp-content\/uploads\/2020\/02\/68-1536x1024.jpg 1536w, https:\/\/marcali.plebania.hu\/wp-content\/uploads\/2020\/02\/68-2048x1365.jpg 2048w, https:\/\/marcali.plebania.hu\/wp-content\/uploads\/2020\/02\/68-405x270.jpg 405w\" sizes=\"auto, (max-width: 1024px) 100vw, 1024px\" \/><\/figure><\/li><\/ul><\/figure>\n\n\n\n<p>Az eredm\u00e9nyhirdet\u00e9s \u00e9s a nyerem\u00e9nyek \u00e1tad\u00e1sa ut\u00e1n k\u00fcl\u00f6nf\u00e9le k\u00e9rd\u00e9seket tehettek fel a gyermekek Iv\u00e1n aty\u00e1nak: \u201eSz\u00f3lj be a papnak\u201d c\u00edm\u0171 nyilv\u00e1nos besz\u00e9lget\u00e9s form\u00e1j\u00e1ban. Majd sz\u00e9kfoglal\u00f3val, f\u00e1nkev\u0151-versennyel, zen\u00e9vel, t\u00e1nccal fokoz\u00f3dott tov\u00e1bb a hangulat. V\u00e9g\u00fcl tombolasorsol\u00e1ssal z\u00e1rult a rendezv\u00e9ny, melyen k\u00fcl\u00f6nf\u00e9le aj\u00e1nd\u00e9kok, k\u00f6zt\u00fck \u00e9dess\u00e9gek, \u00edr\u00f3szerek, f\u00fczetek, j\u00e1t\u00e9kok, k\u00f6nyvek leltek gazd\u00e1ra.<\/p>\n\n\n\n<figure class=\"wp-block-gallery columns-3 is-cropped wp-block-gallery-3 is-layout-flex wp-block-gallery-is-layout-flex\"><ul class=\"blocks-gallery-grid\"><li class=\"blocks-gallery-item\"><figure><img loading=\"lazy\" decoding=\"async\" width=\"1024\" height=\"683\" src=\"https:\/\/marcali.plebania.hu\/wp-content\/uploads\/2020\/02\/78-1024x683.jpg\" alt=\"\" data-id=\"1625\" data-link=\"https:\/\/marcali.plebania.hu\/?attachment_id=1625\" class=\"wp-image-1625\" srcset=\"https:\/\/marcali.plebania.hu\/wp-content\/uploads\/2020\/02\/78-1024x683.jpg 1024w, https:\/\/marcali.plebania.hu\/wp-content\/uploads\/2020\/02\/78-300x200.jpg 300w, https:\/\/marcali.plebania.hu\/wp-content\/uploads\/2020\/02\/78-768x512.jpg 768w, https:\/\/marcali.plebania.hu\/wp-content\/uploads\/2020\/02\/78-1536x1024.jpg 1536w, https:\/\/marcali.plebania.hu\/wp-content\/uploads\/2020\/02\/78-2048x1365.jpg 2048w, https:\/\/marcali.plebania.hu\/wp-content\/uploads\/2020\/02\/78-405x270.jpg 405w\" sizes=\"auto, (max-width: 1024px) 100vw, 1024px\" \/><\/figure><\/li><li class=\"blocks-gallery-item\"><figure><img loading=\"lazy\" decoding=\"async\" width=\"1024\" height=\"683\" src=\"https:\/\/marcali.plebania.hu\/wp-content\/uploads\/2020\/02\/92-1024x683.jpg\" alt=\"\" data-id=\"1626\" data-link=\"https:\/\/marcali.plebania.hu\/?attachment_id=1626\" class=\"wp-image-1626\" srcset=\"https:\/\/marcali.plebania.hu\/wp-content\/uploads\/2020\/02\/92-1024x683.jpg 1024w, https:\/\/marcali.plebania.hu\/wp-content\/uploads\/2020\/02\/92-300x200.jpg 300w, https:\/\/marcali.plebania.hu\/wp-content\/uploads\/2020\/02\/92-768x512.jpg 768w, https:\/\/marcali.plebania.hu\/wp-content\/uploads\/2020\/02\/92-1536x1024.jpg 1536w, https:\/\/marcali.plebania.hu\/wp-content\/uploads\/2020\/02\/92-2048x1365.jpg 2048w, https:\/\/marcali.plebania.hu\/wp-content\/uploads\/2020\/02\/92-405x270.jpg 405w\" sizes=\"auto, (max-width: 1024px) 100vw, 1024px\" \/><\/figure><\/li><li class=\"blocks-gallery-item\"><figure><img loading=\"lazy\" decoding=\"async\" width=\"1024\" height=\"683\" src=\"https:\/\/marcali.plebania.hu\/wp-content\/uploads\/2020\/02\/94-1024x683.jpg\" alt=\"\" data-id=\"1627\" data-link=\"https:\/\/marcali.plebania.hu\/?attachment_id=1627\" class=\"wp-image-1627\" srcset=\"https:\/\/marcali.plebania.hu\/wp-content\/uploads\/2020\/02\/94-1024x683.jpg 1024w, https:\/\/marcali.plebania.hu\/wp-content\/uploads\/2020\/02\/94-300x200.jpg 300w, https:\/\/marcali.plebania.hu\/wp-content\/uploads\/2020\/02\/94-768x512.jpg 768w, https:\/\/marcali.plebania.hu\/wp-content\/uploads\/2020\/02\/94-1536x1024.jpg 1536w, https:\/\/marcali.plebania.hu\/wp-content\/uploads\/2020\/02\/94-2048x1365.jpg 2048w, https:\/\/marcali.plebania.hu\/wp-content\/uploads\/2020\/02\/94-405x270.jpg 405w\" sizes=\"auto, (max-width: 1024px) 100vw, 1024px\" \/><\/figure><\/li><li class=\"blocks-gallery-item\"><figure><img loading=\"lazy\" decoding=\"async\" width=\"1024\" height=\"683\" src=\"https:\/\/marcali.plebania.hu\/wp-content\/uploads\/2020\/02\/109-1024x683.jpg\" alt=\"\" data-id=\"1628\" data-full-url=\"https:\/\/marcali.plebania.hu\/wp-content\/uploads\/2020\/02\/109-scaled.jpg\" data-link=\"https:\/\/marcali.plebania.hu\/?attachment_id=1628\" class=\"wp-image-1628\" srcset=\"https:\/\/marcali.plebania.hu\/wp-content\/uploads\/2020\/02\/109-1024x683.jpg 1024w, https:\/\/marcali.plebania.hu\/wp-content\/uploads\/2020\/02\/109-300x200.jpg 300w, https:\/\/marcali.plebania.hu\/wp-content\/uploads\/2020\/02\/109-768x512.jpg 768w, https:\/\/marcali.plebania.hu\/wp-content\/uploads\/2020\/02\/109-1536x1024.jpg 1536w, https:\/\/marcali.plebania.hu\/wp-content\/uploads\/2020\/02\/109-2048x1365.jpg 2048w, https:\/\/marcali.plebania.hu\/wp-content\/uploads\/2020\/02\/109-405x270.jpg 405w\" sizes=\"auto, (max-width: 1024px) 100vw, 1024px\" \/><\/figure><\/li><\/ul><\/figure>\n\n\n\n<p>A k\u00f6z\u00f6ss\u00e9g-\u00f6sszekov\u00e1csol\u00f3, pomp\u00e1s hangulat\u00fa b\u00e1lban szendvicsekkel, s\u00fctem\u00e9nyekkel, valamint te\u00e1val \u00e9s friss\u00edt\u0151kkel k\u00edn\u00e1lt\u00e1k meg a gyermekeket az egyh\u00e1zk\u00f6zs\u00e9g, a sz\u00fcl\u00f6k, a hitoktat\u00f3k \u00e9s a fiatalok j\u00f3volt\u00e1b\u00f3l. A hittanos b\u00e1l sikeres megrendez\u00e9s\u00e9\u00e9rt a szervez\u0151k k\u00f6sz\u00f6net\u00fcket fejezt\u00e9k ki a sz\u00fcl\u0151knek, a k\u00f6zrem\u0171k\u00f6d\u0151knek \u00e9s t\u00e1mogat\u00f3knak.<\/p>\n\n\n\n<figure class=\"wp-block-gallery columns-3 is-cropped wp-block-gallery-4 is-layout-flex wp-block-gallery-is-layout-flex\"><ul class=\"blocks-gallery-grid\"><li class=\"blocks-gallery-item\"><figure><img loading=\"lazy\" decoding=\"async\" width=\"1024\" height=\"683\" src=\"https:\/\/marcali.plebania.hu\/wp-content\/uploads\/2020\/02\/103-1024x683.jpg\" alt=\"\" data-id=\"1629\" data-link=\"https:\/\/marcali.plebania.hu\/?attachment_id=1629\" class=\"wp-image-1629\" srcset=\"https:\/\/marcali.plebania.hu\/wp-content\/uploads\/2020\/02\/103-1024x683.jpg 1024w, https:\/\/marcali.plebania.hu\/wp-content\/uploads\/2020\/02\/103-300x200.jpg 300w, https:\/\/marcali.plebania.hu\/wp-content\/uploads\/2020\/02\/103-768x512.jpg 768w, https:\/\/marcali.plebania.hu\/wp-content\/uploads\/2020\/02\/103-1536x1024.jpg 1536w, https:\/\/marcali.plebania.hu\/wp-content\/uploads\/2020\/02\/103-2048x1365.jpg 2048w, https:\/\/marcali.plebania.hu\/wp-content\/uploads\/2020\/02\/103-405x270.jpg 405w\" sizes=\"auto, (max-width: 1024px) 100vw, 1024px\" \/><\/figure><\/li><li class=\"blocks-gallery-item\"><figure><img loading=\"lazy\" decoding=\"async\" width=\"1024\" height=\"683\" src=\"https:\/\/marcali.plebania.hu\/wp-content\/uploads\/2020\/02\/112-1024x683.jpg\" alt=\"\" data-id=\"1630\" data-link=\"https:\/\/marcali.plebania.hu\/?attachment_id=1630\" class=\"wp-image-1630\" srcset=\"https:\/\/marcali.plebania.hu\/wp-content\/uploads\/2020\/02\/112-1024x683.jpg 1024w, https:\/\/marcali.plebania.hu\/wp-content\/uploads\/2020\/02\/112-300x200.jpg 300w, https:\/\/marcali.plebania.hu\/wp-content\/uploads\/2020\/02\/112-768x512.jpg 768w, https:\/\/marcali.plebania.hu\/wp-content\/uploads\/2020\/02\/112-1536x1024.jpg 1536w, https:\/\/marcali.plebania.hu\/wp-content\/uploads\/2020\/02\/112-2048x1365.jpg 2048w, https:\/\/marcali.plebania.hu\/wp-content\/uploads\/2020\/02\/112-405x270.jpg 405w\" sizes=\"auto, (max-width: 1024px) 100vw, 1024px\" \/><\/figure><\/li><li class=\"blocks-gallery-item\"><figure><img loading=\"lazy\" decoding=\"async\" width=\"1024\" height=\"683\" src=\"https:\/\/marcali.plebania.hu\/wp-content\/uploads\/2020\/02\/113-1024x683.jpg\" alt=\"\" data-id=\"1631\" data-link=\"https:\/\/marcali.plebania.hu\/?attachment_id=1631\" class=\"wp-image-1631\" srcset=\"https:\/\/marcali.plebania.hu\/wp-content\/uploads\/2020\/02\/113-1024x683.jpg 1024w, https:\/\/marcali.plebania.hu\/wp-content\/uploads\/2020\/02\/113-300x200.jpg 300w, https:\/\/marcali.plebania.hu\/wp-content\/uploads\/2020\/02\/113-768x512.jpg 768w, https:\/\/marcali.plebania.hu\/wp-content\/uploads\/2020\/02\/113-1536x1024.jpg 1536w, https:\/\/marcali.plebania.hu\/wp-content\/uploads\/2020\/02\/113-2048x1365.jpg 2048w, https:\/\/marcali.plebania.hu\/wp-content\/uploads\/2020\/02\/113-405x270.jpg 405w\" sizes=\"auto, (max-width: 1024px) 100vw, 1024px\" \/><\/figure><\/li><li class=\"blocks-gallery-item\"><figure><img loading=\"lazy\" decoding=\"async\" width=\"1024\" height=\"683\" src=\"https:\/\/marcali.plebania.hu\/wp-content\/uploads\/2020\/02\/119-1024x683.jpg\" alt=\"\" data-id=\"1632\" data-full-url=\"https:\/\/marcali.plebania.hu\/wp-content\/uploads\/2020\/02\/119-scaled.jpg\" data-link=\"https:\/\/marcali.plebania.hu\/?attachment_id=1632\" class=\"wp-image-1632\" srcset=\"https:\/\/marcali.plebania.hu\/wp-content\/uploads\/2020\/02\/119-1024x683.jpg 1024w, https:\/\/marcali.plebania.hu\/wp-content\/uploads\/2020\/02\/119-300x200.jpg 300w, https:\/\/marcali.plebania.hu\/wp-content\/uploads\/2020\/02\/119-768x512.jpg 768w, https:\/\/marcali.plebania.hu\/wp-content\/uploads\/2020\/02\/119-1536x1024.jpg 1536w, https:\/\/marcali.plebania.hu\/wp-content\/uploads\/2020\/02\/119-2048x1365.jpg 2048w, https:\/\/marcali.plebania.hu\/wp-content\/uploads\/2020\/02\/119-405x270.jpg 405w\" sizes=\"auto, (max-width: 1024px) 100vw, 1024px\" \/><\/figure><\/li><\/ul><\/figure>\n","protected":false},"excerpt":{"rendered":"<p>2020. febru\u00e1r 15-\u00e9n, szombaton 14 \u00f3r\u00e1t\u00f3l az X-h\u00e1z (D\u00f3zsa u. 3.) nagyterm\u00e9ben tartott\u00e1k a marcali hittanos gyermekek r\u00e9sz\u00e9re, a t\u00f6bb mint 20 \u00e9ves hagyom\u00e1nyra visszatekint\u0151 farsangi b\u00e1lt. Az idei esztend\u0151ben is lankadatlan n\u00e9pszer\u0171s\u00e9gnek \u00f6rvend a zen\u00e9s-t\u00e1ncos-j\u00e1t\u00e9kos program, melyre \u00fajfent sok gyermek j\u00f6tt el, akik k\u00f6z\u00fcl t\u00f6bbeket a sz\u00fcleik \u00e9s nagysz\u00fcleik is elk\u00eds\u00e9rtek. Az als\u00f3 \u00e9s fels\u0151 tagozatos tanul\u00f3kat Kiss Iv\u00e1n c. pr\u00e9post, esperes-pl\u00e9b\u00e1nos k\u00f6sz\u00f6nt\u00f6tte. A vid\u00e1m hangulatot a vil\u00e1g n\u00e9peit bemutat\u00f3 el\u0151ad\u00e1s alapozta meg, melyet Iv\u00e1n atya \u00e9s a hitoktat\u00f3k&#8230;<\/p>\n<p class=\"read-more\"><a class=\"btn btn-default\" href=\"https:\/\/marcali.plebania.hu\/?p=1616\"> Read More<span class=\"screen-reader-text\">  Read More<\/span><\/a><\/p>\n","protected":false},"author":2,"featured_media":0,"comment_status":"closed","ping_status":"open","sticky":false,"template":"","format":"standard","meta":{"footnotes":""},"categories":[1],"tags":[],"class_list":["post-1616","post","type-post","status-publish","format-standard","hentry","category-egyeb"],"_links":{"self":[{"href":"https:\/\/marcali.plebania.hu\/index.php?rest_route=\/wp\/v2\/posts\/1616","targetHints":{"allow":["GET"]}}],"collection":[{"href":"https:\/\/marcali.plebania.hu\/index.php?rest_route=\/wp\/v2\/posts"}],"about":[{"href":"https:\/\/marcali.plebania.hu\/index.php?rest_route=\/wp\/v2\/types\/post"}],"author":[{"embeddable":true,"href":"https:\/\/marcali.plebania.hu\/index.php?rest_route=\/wp\/v2\/users\/2"}],"replies":[{"embeddable":true,"href":"https:\/\/marcali.plebania.hu\/index.php?rest_route=%2Fwp%2Fv2%2Fcomments&post=1616"}],"version-history":[{"count":1,"href":"https:\/\/marcali.plebania.hu\/index.php?rest_route=\/wp\/v2\/posts\/1616\/revisions"}],"predecessor-version":[{"id":1633,"href":"https:\/\/marcali.plebania.hu\/index.php?rest_route=\/wp\/v2\/posts\/1616\/revisions\/1633"}],"wp:attachment":[{"href":"https:\/\/marcali.plebania.hu\/index.php?rest_route=%2Fwp%2Fv2%2Fmedia&parent=1616"}],"wp:term":[{"taxonomy":"category","embeddable":true,"href":"https:\/\/marcali.plebania.hu\/index.php?rest_route=%2Fwp%2Fv2%2Fcategories&post=1616"},{"taxonomy":"post_tag","embeddable":true,"href":"https:\/\/marcali.plebania.hu\/index.php?rest_route=%2Fwp%2Fv2%2Ftags&post=1616"}],"curies":[{"name":"wp","href":"https:\/\/api.w.org\/{rel}","templated":true}]}}