{"id":1634,"date":"2020-02-21T09:56:32","date_gmt":"2020-02-21T09:56:32","guid":{"rendered":"https:\/\/marcali.plebania.hu\/?p=1634"},"modified":"2020-02-21T09:56:32","modified_gmt":"2020-02-21T09:56:32","slug":"hirdetesek-2020-02-23","status":"publish","type":"post","link":"https:\/\/marcali.plebania.hu\/?p=1634","title":{"rendered":"Hirdet\u00e9sek, 2020. 02. 23."},"content":{"rendered":"\n<ol class=\"wp-block-list\"><li>Ma van az \u00e9vk\u00f6zi 7. vas\u00e1rnap, az orsz\u00e1g valamennyi\nkatolikus templom\u00e1ban gy\u0171jt\u00e9s van a katolikus iskol\u00e1k jav\u00e1ra.<\/li><li>H\u00e9tf\u0151n 17 \u00f3rakor a kommunizmus \u00e1ldozataira eml\u00e9kez\u00fcnk\na pl\u00e9b\u00e1niatemplomban tartand\u00f3 szentmis\u00e9n, majd \u00fcnneps\u00e9g a H\u0151s\u00f6k ter\u00e9n l\u00e9v\u0151\n56-os eml\u00e9km\u0171n\u00e9l.<\/li><li>A h\u00e9ten hamvaz\u00f3szerda, este 17 \u00f3rakor hamvaz\u00f3szerdai\nszentmise, hamuszentel\u00e9ssel \u00e9s hamvaz\u00e1ssal. Szigor\u00fa b\u00f6jti nap!<\/li><li>P\u00e9nteken megkezdj\u00fck a kereszt\u00fati \u00e1jtatoss\u00e1gokat. Az\nid\u00e9n is a k\u00f6z\u00f6ss\u00e9gek vezetik. Most p\u00e9nzeken 16.30-kor a J\u00e9zus Testv\u00e9rei Kisk\u00f6z\u00f6ss\u00e9g\nim\u00e1dkozza a keresztutat. Nagyb\u00f6jt p\u00e9ntekjein h\u00fastilalom van!<\/li><li>Az Egyh\u00e1zk\u00f6zs\u00e9g szervez\u00e9s\u00e9ben Boldog II. J\u00e1nos P\u00e1l\np\u00e1p\u00e1t \u00e1br\u00e1zol\u00f3 szobor k\u00e9sz\u00fcl a pl\u00e9b\u00e1niatemplom el\u00e9. A szoborra adakozni lehet,\nk\u00e9szp\u00e9nzben a pl\u00e9b\u00e1ni\u00e1n, \u00e9s banki \u00e1tutal\u00e1ssal a: <strong>10403947-00026735-00000001<\/strong>\nsz\u00e1mlasz\u00e1mon. Sz\u00e1mlatulajdonos: <em>R\u00f3mai Katolikus Egyh\u00e1zk\u00f6zs\u00e9g.<\/em> K\u00f6sz\u00f6nj\u00fck\na felaj\u00e1nl\u00e1sokat!<\/li><li>Az Eukarisztikus kongresszusra val\u00f3 jelentkez\u00e9s\nelindult. Gelencs\u00e9r R\u00f3bert vil\u00e1gi eln\u00f6k\u00f6t jel\u00f6ltem ki csoportvezet\u0151nek, akin\u00e9l\njelentkezni lehet. Terveink szerint a kongresszusra szombati napon menn\u00e9nk,\namikor a Kossuth t\u00e9ri szentmis\u00e9r\u0151l f\u00e1kly\u00e1s k\u00f6rmenettel a H\u0151s\u00f6k ter\u00e9ig megy\u00fcnk.<\/li><li>M\u00e1rcius 28-\u00e1ra Ap\u00e1k zar\u00e1ndoklat\u00e1t szerveznek\nKaposv\u00e1ron. Az indul\u00e1s 9 \u00f3rakor lesz, a Szent Imre-templom el\u0151l Kaposszentbenedekre.\nA szervez\u0151k Marcalib\u00f3l is v\u00e1rj\u00e1k a h\u00edveket.<\/li><\/ol>\n","protected":false},"excerpt":{"rendered":"<p>Ma van az \u00e9vk\u00f6zi 7. vas\u00e1rnap, az orsz\u00e1g valamennyi katolikus templom\u00e1ban gy\u0171jt\u00e9s van a katolikus iskol\u00e1k jav\u00e1ra. H\u00e9tf\u0151n 17 \u00f3rakor a kommunizmus \u00e1ldozataira eml\u00e9kez\u00fcnk a pl\u00e9b\u00e1niatemplomban tartand\u00f3 szentmis\u00e9n, majd \u00fcnneps\u00e9g a H\u0151s\u00f6k ter\u00e9n l\u00e9v\u0151 56-os eml\u00e9km\u0171n\u00e9l. A h\u00e9ten hamvaz\u00f3szerda, este 17 \u00f3rakor hamvaz\u00f3szerdai szentmise, hamuszentel\u00e9ssel \u00e9s hamvaz\u00e1ssal. Szigor\u00fa b\u00f6jti nap! P\u00e9nteken megkezdj\u00fck a kereszt\u00fati \u00e1jtatoss\u00e1gokat. Az id\u00e9n is a k\u00f6z\u00f6ss\u00e9gek vezetik. Most p\u00e9nzeken 16.30-kor a J\u00e9zus Testv\u00e9rei Kisk\u00f6z\u00f6ss\u00e9g im\u00e1dkozza a keresztutat. Nagyb\u00f6jt p\u00e9ntekjein h\u00fastilalom van! Az Egyh\u00e1zk\u00f6zs\u00e9g szervez\u00e9s\u00e9ben Boldog II&#8230;.<\/p>\n<p class=\"read-more\"><a class=\"btn btn-default\" href=\"https:\/\/marcali.plebania.hu\/?p=1634\"> Read More<span class=\"screen-reader-text\">  Read More<\/span><\/a><\/p>\n","protected":false},"author":2,"featured_media":0,"comment_status":"closed","ping_status":"open","sticky":false,"template":"","format":"standard","meta":{"footnotes":""},"categories":[1],"tags":[],"class_list":["post-1634","post","type-post","status-publish","format-standard","hentry","category-egyeb"],"_links":{"self":[{"href":"https:\/\/marcali.plebania.hu\/index.php?rest_route=\/wp\/v2\/posts\/1634","targetHints":{"allow":["GET"]}}],"collection":[{"href":"https:\/\/marcali.plebania.hu\/index.php?rest_route=\/wp\/v2\/posts"}],"about":[{"href":"https:\/\/marcali.plebania.hu\/index.php?rest_route=\/wp\/v2\/types\/post"}],"author":[{"embeddable":true,"href":"https:\/\/marcali.plebania.hu\/index.php?rest_route=\/wp\/v2\/users\/2"}],"replies":[{"embeddable":true,"href":"https:\/\/marcali.plebania.hu\/index.php?rest_route=%2Fwp%2Fv2%2Fcomments&post=1634"}],"version-history":[{"count":1,"href":"https:\/\/marcali.plebania.hu\/index.php?rest_route=\/wp\/v2\/posts\/1634\/revisions"}],"predecessor-version":[{"id":1635,"href":"https:\/\/marcali.plebania.hu\/index.php?rest_route=\/wp\/v2\/posts\/1634\/revisions\/1635"}],"wp:attachment":[{"href":"https:\/\/marcali.plebania.hu\/index.php?rest_route=%2Fwp%2Fv2%2Fmedia&parent=1634"}],"wp:term":[{"taxonomy":"category","embeddable":true,"href":"https:\/\/marcali.plebania.hu\/index.php?rest_route=%2Fwp%2Fv2%2Fcategories&post=1634"},{"taxonomy":"post_tag","embeddable":true,"href":"https:\/\/marcali.plebania.hu\/index.php?rest_route=%2Fwp%2Fv2%2Ftags&post=1634"}],"curies":[{"name":"wp","href":"https:\/\/api.w.org\/{rel}","templated":true}]}}