{"id":1636,"date":"2020-02-25T10:40:38","date_gmt":"2020-02-25T10:40:38","guid":{"rendered":"https:\/\/marcali.plebania.hu\/?p=1636"},"modified":"2020-02-25T10:40:38","modified_gmt":"2020-02-25T10:40:38","slug":"hazassag-hete-marcaliban","status":"publish","type":"post","link":"https:\/\/marcali.plebania.hu\/?p=1636","title":{"rendered":"H\u00e1zass\u00e1g hete Marcaliban"},"content":{"rendered":"\n<p>2020. febru\u00e1r 23-\u00e1n, vas\u00e1rnap a 9 \u00f3r\u00e1s szentmis\u00e9n Kiss Iv\u00e1n c. pr\u00e9post, esperes-pl\u00e9b\u00e1nos a \u201eH\u00e1zass\u00e1g hete\u201d c\u00edm\u0171 rendezv\u00e9nysorozat keret\u00e9ben 28 h\u00e1zasp\u00e1rt \u00e1ldott meg \u00fcnnepi keretek k\u00f6z\u00f6tt, a h\u00edv\u0151k sokas\u00e1ga jelenl\u00e9t\u00e9ben, a Gy\u00fcm\u00f6lcsolt\u00f3 Boldogasszony pl\u00e9b\u00e1niatemplomban.<\/p>\n\n\n\n<figure class=\"wp-block-gallery columns-3 is-cropped wp-block-gallery-1 is-layout-flex wp-block-gallery-is-layout-flex\"><ul class=\"blocks-gallery-grid\"><li class=\"blocks-gallery-item\"><figure><img loading=\"lazy\" decoding=\"async\" width=\"1024\" height=\"683\" src=\"https:\/\/marcali.plebania.hu\/wp-content\/uploads\/2020\/02\/02-1024x683.jpg\" alt=\"\" data-id=\"1637\" data-link=\"https:\/\/marcali.plebania.hu\/?attachment_id=1637\" class=\"wp-image-1637\" srcset=\"https:\/\/marcali.plebania.hu\/wp-content\/uploads\/2020\/02\/02-1024x683.jpg 1024w, https:\/\/marcali.plebania.hu\/wp-content\/uploads\/2020\/02\/02-300x200.jpg 300w, https:\/\/marcali.plebania.hu\/wp-content\/uploads\/2020\/02\/02-768x512.jpg 768w, https:\/\/marcali.plebania.hu\/wp-content\/uploads\/2020\/02\/02-1536x1024.jpg 1536w, https:\/\/marcali.plebania.hu\/wp-content\/uploads\/2020\/02\/02-2048x1365.jpg 2048w, https:\/\/marcali.plebania.hu\/wp-content\/uploads\/2020\/02\/02-405x270.jpg 405w\" sizes=\"auto, (max-width: 1024px) 100vw, 1024px\" \/><\/figure><\/li><li class=\"blocks-gallery-item\"><figure><img loading=\"lazy\" decoding=\"async\" width=\"1024\" height=\"683\" src=\"https:\/\/marcali.plebania.hu\/wp-content\/uploads\/2020\/02\/06-1024x683.jpg\" alt=\"\" data-id=\"1638\" data-full-url=\"https:\/\/marcali.plebania.hu\/wp-content\/uploads\/2020\/02\/06-scaled.jpg\" data-link=\"https:\/\/marcali.plebania.hu\/?attachment_id=1638\" class=\"wp-image-1638\" srcset=\"https:\/\/marcali.plebania.hu\/wp-content\/uploads\/2020\/02\/06-1024x683.jpg 1024w, https:\/\/marcali.plebania.hu\/wp-content\/uploads\/2020\/02\/06-300x200.jpg 300w, https:\/\/marcali.plebania.hu\/wp-content\/uploads\/2020\/02\/06-768x512.jpg 768w, https:\/\/marcali.plebania.hu\/wp-content\/uploads\/2020\/02\/06-1536x1024.jpg 1536w, https:\/\/marcali.plebania.hu\/wp-content\/uploads\/2020\/02\/06-2048x1365.jpg 2048w, https:\/\/marcali.plebania.hu\/wp-content\/uploads\/2020\/02\/06-405x270.jpg 405w\" sizes=\"auto, (max-width: 1024px) 100vw, 1024px\" \/><\/figure><\/li><li class=\"blocks-gallery-item\"><figure><img loading=\"lazy\" decoding=\"async\" width=\"1024\" height=\"683\" src=\"https:\/\/marcali.plebania.hu\/wp-content\/uploads\/2020\/02\/07-1-1024x683.jpg\" alt=\"\" data-id=\"1639\" data-full-url=\"https:\/\/marcali.plebania.hu\/wp-content\/uploads\/2020\/02\/07-1-scaled.jpg\" data-link=\"https:\/\/marcali.plebania.hu\/?attachment_id=1639\" class=\"wp-image-1639\" srcset=\"https:\/\/marcali.plebania.hu\/wp-content\/uploads\/2020\/02\/07-1-1024x683.jpg 1024w, https:\/\/marcali.plebania.hu\/wp-content\/uploads\/2020\/02\/07-1-300x200.jpg 300w, https:\/\/marcali.plebania.hu\/wp-content\/uploads\/2020\/02\/07-1-768x512.jpg 768w, https:\/\/marcali.plebania.hu\/wp-content\/uploads\/2020\/02\/07-1-1536x1024.jpg 1536w, https:\/\/marcali.plebania.hu\/wp-content\/uploads\/2020\/02\/07-1-2048x1365.jpg 2048w, https:\/\/marcali.plebania.hu\/wp-content\/uploads\/2020\/02\/07-1-405x270.jpg 405w\" sizes=\"auto, (max-width: 1024px) 100vw, 1024px\" \/><\/figure><\/li><li class=\"blocks-gallery-item\"><figure><img loading=\"lazy\" decoding=\"async\" width=\"1024\" height=\"683\" src=\"https:\/\/marcali.plebania.hu\/wp-content\/uploads\/2020\/02\/08-1-1024x683.jpg\" alt=\"\" data-id=\"1640\" data-full-url=\"https:\/\/marcali.plebania.hu\/wp-content\/uploads\/2020\/02\/08-1-scaled.jpg\" data-link=\"https:\/\/marcali.plebania.hu\/?attachment_id=1640\" class=\"wp-image-1640\" srcset=\"https:\/\/marcali.plebania.hu\/wp-content\/uploads\/2020\/02\/08-1-1024x683.jpg 1024w, https:\/\/marcali.plebania.hu\/wp-content\/uploads\/2020\/02\/08-1-300x200.jpg 300w, https:\/\/marcali.plebania.hu\/wp-content\/uploads\/2020\/02\/08-1-768x512.jpg 768w, https:\/\/marcali.plebania.hu\/wp-content\/uploads\/2020\/02\/08-1-1536x1024.jpg 1536w, https:\/\/marcali.plebania.hu\/wp-content\/uploads\/2020\/02\/08-1-2048x1365.jpg 2048w, https:\/\/marcali.plebania.hu\/wp-content\/uploads\/2020\/02\/08-1-405x270.jpg 405w\" sizes=\"auto, (max-width: 1024px) 100vw, 1024px\" \/><\/figure><\/li><\/ul><\/figure>\n\n\n\n<p>Ez a kezdem\u00e9nyez\u00e9s 1996-ban indult el az Egyes\u00fclt Kir\u00e1lys\u00e1gb\u00f3l, amely Valentin-nap k\u00f6rny\u00e9k\u00e9n minden \u00e9vben a h\u00e1zass\u00e1g \u00e9s a csal\u00e1d fontoss\u00e1g\u00e1ra h\u00edvja fel a figyelmet. Haz\u00e1nkban ezt az esem\u00e9nysorozatot 2008 \u00f3ta rendezik meg, amely m\u00e1ra m\u00e1r 4 kontinens 21 orsz\u00e1g\u00e1ra terjed ki. A szervez\u00e9s sz\u00e9les k\u00f6r\u0171 \u00e9s nemcsak a kereszt\u00e9ny egyh\u00e1zak, hanem k\u00fcl\u00f6nb\u00f6z\u0151 civil szervezetek is r\u00e9szt vesznek benne. A magyarorsz\u00e1gi k\u00f6zponti programok f\u0151v\u00e9dn\u00f6ke 2013 \u00f3ta Herczegh Anita, a k\u00f6zt\u00e1rsas\u00e1gi eln\u00f6k feles\u00e9ge. Az idei \u00e9vben Semsei Rudolf \u00fczletember \u00e9s feles\u00e9ge, Dobay Eszter az \u00fcnnepi h\u00e9t arcai. A rendezv\u00e9ny jelmondata: \u201eCsapatj\u00e1t\u00e9k szerelemmel.\u201d<\/p>\n\n\n\n<figure class=\"wp-block-gallery columns-3 is-cropped wp-block-gallery-2 is-layout-flex wp-block-gallery-is-layout-flex\"><ul class=\"blocks-gallery-grid\"><li class=\"blocks-gallery-item\"><figure><img loading=\"lazy\" decoding=\"async\" width=\"1024\" height=\"683\" src=\"https:\/\/marcali.plebania.hu\/wp-content\/uploads\/2020\/02\/11-1024x683.jpg\" alt=\"\" data-id=\"1641\" data-link=\"https:\/\/marcali.plebania.hu\/?attachment_id=1641\" class=\"wp-image-1641\" srcset=\"https:\/\/marcali.plebania.hu\/wp-content\/uploads\/2020\/02\/11-1024x683.jpg 1024w, https:\/\/marcali.plebania.hu\/wp-content\/uploads\/2020\/02\/11-300x200.jpg 300w, https:\/\/marcali.plebania.hu\/wp-content\/uploads\/2020\/02\/11-768x512.jpg 768w, https:\/\/marcali.plebania.hu\/wp-content\/uploads\/2020\/02\/11-1536x1024.jpg 1536w, https:\/\/marcali.plebania.hu\/wp-content\/uploads\/2020\/02\/11-2048x1365.jpg 2048w, https:\/\/marcali.plebania.hu\/wp-content\/uploads\/2020\/02\/11-405x270.jpg 405w\" sizes=\"auto, (max-width: 1024px) 100vw, 1024px\" \/><\/figure><\/li><li class=\"blocks-gallery-item\"><figure><img loading=\"lazy\" decoding=\"async\" width=\"1024\" height=\"683\" src=\"https:\/\/marcali.plebania.hu\/wp-content\/uploads\/2020\/02\/12-1-1024x683.jpg\" alt=\"\" data-id=\"1642\" data-link=\"https:\/\/marcali.plebania.hu\/?attachment_id=1642\" class=\"wp-image-1642\" srcset=\"https:\/\/marcali.plebania.hu\/wp-content\/uploads\/2020\/02\/12-1-1024x683.jpg 1024w, https:\/\/marcali.plebania.hu\/wp-content\/uploads\/2020\/02\/12-1-300x200.jpg 300w, https:\/\/marcali.plebania.hu\/wp-content\/uploads\/2020\/02\/12-1-768x512.jpg 768w, https:\/\/marcali.plebania.hu\/wp-content\/uploads\/2020\/02\/12-1-1536x1024.jpg 1536w, https:\/\/marcali.plebania.hu\/wp-content\/uploads\/2020\/02\/12-1-2048x1365.jpg 2048w, https:\/\/marcali.plebania.hu\/wp-content\/uploads\/2020\/02\/12-1-405x270.jpg 405w\" sizes=\"auto, (max-width: 1024px) 100vw, 1024px\" \/><\/figure><\/li><li class=\"blocks-gallery-item\"><figure><img loading=\"lazy\" decoding=\"async\" width=\"1024\" height=\"683\" src=\"https:\/\/marcali.plebania.hu\/wp-content\/uploads\/2020\/02\/13-1-1024x683.jpg\" alt=\"\" data-id=\"1643\" data-link=\"https:\/\/marcali.plebania.hu\/?attachment_id=1643\" class=\"wp-image-1643\" srcset=\"https:\/\/marcali.plebania.hu\/wp-content\/uploads\/2020\/02\/13-1-1024x683.jpg 1024w, https:\/\/marcali.plebania.hu\/wp-content\/uploads\/2020\/02\/13-1-300x200.jpg 300w, https:\/\/marcali.plebania.hu\/wp-content\/uploads\/2020\/02\/13-1-768x512.jpg 768w, https:\/\/marcali.plebania.hu\/wp-content\/uploads\/2020\/02\/13-1-1536x1024.jpg 1536w, https:\/\/marcali.plebania.hu\/wp-content\/uploads\/2020\/02\/13-1-2048x1365.jpg 2048w, https:\/\/marcali.plebania.hu\/wp-content\/uploads\/2020\/02\/13-1-405x270.jpg 405w\" sizes=\"auto, (max-width: 1024px) 100vw, 1024px\" \/><\/figure><\/li><li class=\"blocks-gallery-item\"><figure><img loading=\"lazy\" decoding=\"async\" width=\"1024\" height=\"683\" src=\"https:\/\/marcali.plebania.hu\/wp-content\/uploads\/2020\/02\/10-1-1024x683.jpg\" alt=\"\" data-id=\"1644\" data-full-url=\"https:\/\/marcali.plebania.hu\/wp-content\/uploads\/2020\/02\/10-1-scaled.jpg\" data-link=\"https:\/\/marcali.plebania.hu\/?attachment_id=1644\" class=\"wp-image-1644\" srcset=\"https:\/\/marcali.plebania.hu\/wp-content\/uploads\/2020\/02\/10-1-1024x683.jpg 1024w, https:\/\/marcali.plebania.hu\/wp-content\/uploads\/2020\/02\/10-1-300x200.jpg 300w, https:\/\/marcali.plebania.hu\/wp-content\/uploads\/2020\/02\/10-1-768x512.jpg 768w, https:\/\/marcali.plebania.hu\/wp-content\/uploads\/2020\/02\/10-1-1536x1024.jpg 1536w, https:\/\/marcali.plebania.hu\/wp-content\/uploads\/2020\/02\/10-1-2048x1365.jpg 2048w, https:\/\/marcali.plebania.hu\/wp-content\/uploads\/2020\/02\/10-1-405x270.jpg 405w\" sizes=\"auto, (max-width: 1024px) 100vw, 1024px\" \/><\/figure><\/li><\/ul><\/figure>\n\n\n\n<p>A magyar szervez\u0151k err\u0151l a sorozatr\u00f3l a k\u00f6vetkez\u0151ket \u00edrj\u00e1k: \u201eA h\u00e1zass\u00e1g Isten csod\u00e1latos aj\u00e1nd\u00e9ka \u00e9s gondoskod\u00e1sa az ember sz\u00e1m\u00e1ra, amelyben a felek megtapasztalhatj\u00e1k a felt\u00e9tel n\u00e9lk\u00fcli szeretet, a h\u0171s\u00e9g \u00e9s az \u0151szinte megbocs\u00e1t\u00e1s \u00e9rt\u00e9k\u00e9t egy nekik rendelt, de nem t\u00f6k\u00e9letes t\u00e1rson kereszt\u00fcl. A h\u00e1zass\u00e1gban egy f\u00e9rfi \u00e9s egy n\u0151 saj\u00e1t elhat\u00e1roz\u00e1s\u00e1b\u00f3l elk\u00f6telezi mag\u00e1t, hogy egym\u00e1s b\u00e1tor\u00edt\u00e1s\u00e1ra, seg\u00edt\u00e9s\u00e9re \u00e9s v\u00e9delm\u00e9re t\u00f6rekszik eg\u00e9sz \u00e9let\u00e9ben. Ilyen m\u00f3don a h\u00e1zass\u00e1g felel\u0151ss\u00e9gteljes, biztons\u00e1gos \u00e9s meghitt k\u00f6z\u00f6ss\u00e9get jelent sz\u00e1mukra, \u00e9s \u00e1ld\u00e1sul szolg\u00e1l \u00e9let\u00fck minden m\u00e1s ter\u00fclet\u00e9n is.<\/p>\n\n\n\n<figure class=\"wp-block-gallery columns-3 is-cropped wp-block-gallery-3 is-layout-flex wp-block-gallery-is-layout-flex\"><ul class=\"blocks-gallery-grid\"><li class=\"blocks-gallery-item\"><figure><img loading=\"lazy\" decoding=\"async\" width=\"1024\" height=\"683\" src=\"https:\/\/marcali.plebania.hu\/wp-content\/uploads\/2020\/02\/14-1-1024x683.jpg\" alt=\"\" data-id=\"1645\" data-link=\"https:\/\/marcali.plebania.hu\/?attachment_id=1645\" class=\"wp-image-1645\" srcset=\"https:\/\/marcali.plebania.hu\/wp-content\/uploads\/2020\/02\/14-1-1024x683.jpg 1024w, https:\/\/marcali.plebania.hu\/wp-content\/uploads\/2020\/02\/14-1-300x200.jpg 300w, https:\/\/marcali.plebania.hu\/wp-content\/uploads\/2020\/02\/14-1-768x512.jpg 768w, https:\/\/marcali.plebania.hu\/wp-content\/uploads\/2020\/02\/14-1-1536x1024.jpg 1536w, https:\/\/marcali.plebania.hu\/wp-content\/uploads\/2020\/02\/14-1-2048x1365.jpg 2048w, https:\/\/marcali.plebania.hu\/wp-content\/uploads\/2020\/02\/14-1-405x270.jpg 405w\" sizes=\"auto, (max-width: 1024px) 100vw, 1024px\" \/><\/figure><\/li><li class=\"blocks-gallery-item\"><figure><img loading=\"lazy\" decoding=\"async\" width=\"1024\" height=\"683\" src=\"https:\/\/marcali.plebania.hu\/wp-content\/uploads\/2020\/02\/17-1024x683.jpg\" alt=\"\" data-id=\"1646\" data-full-url=\"https:\/\/marcali.plebania.hu\/wp-content\/uploads\/2020\/02\/17-scaled.jpg\" data-link=\"https:\/\/marcali.plebania.hu\/?attachment_id=1646\" class=\"wp-image-1646\" srcset=\"https:\/\/marcali.plebania.hu\/wp-content\/uploads\/2020\/02\/17-1024x683.jpg 1024w, https:\/\/marcali.plebania.hu\/wp-content\/uploads\/2020\/02\/17-300x200.jpg 300w, https:\/\/marcali.plebania.hu\/wp-content\/uploads\/2020\/02\/17-768x512.jpg 768w, https:\/\/marcali.plebania.hu\/wp-content\/uploads\/2020\/02\/17-1536x1024.jpg 1536w, https:\/\/marcali.plebania.hu\/wp-content\/uploads\/2020\/02\/17-2048x1365.jpg 2048w, https:\/\/marcali.plebania.hu\/wp-content\/uploads\/2020\/02\/17-405x270.jpg 405w\" sizes=\"auto, (max-width: 1024px) 100vw, 1024px\" \/><\/figure><\/li><li class=\"blocks-gallery-item\"><figure><img loading=\"lazy\" decoding=\"async\" width=\"1024\" height=\"683\" src=\"https:\/\/marcali.plebania.hu\/wp-content\/uploads\/2020\/02\/18-1024x683.jpg\" alt=\"\" data-id=\"1647\" data-full-url=\"https:\/\/marcali.plebania.hu\/wp-content\/uploads\/2020\/02\/18-scaled.jpg\" data-link=\"https:\/\/marcali.plebania.hu\/?attachment_id=1647\" class=\"wp-image-1647\" srcset=\"https:\/\/marcali.plebania.hu\/wp-content\/uploads\/2020\/02\/18-1024x683.jpg 1024w, https:\/\/marcali.plebania.hu\/wp-content\/uploads\/2020\/02\/18-300x200.jpg 300w, https:\/\/marcali.plebania.hu\/wp-content\/uploads\/2020\/02\/18-768x512.jpg 768w, https:\/\/marcali.plebania.hu\/wp-content\/uploads\/2020\/02\/18-1536x1024.jpg 1536w, https:\/\/marcali.plebania.hu\/wp-content\/uploads\/2020\/02\/18-2048x1365.jpg 2048w, https:\/\/marcali.plebania.hu\/wp-content\/uploads\/2020\/02\/18-405x270.jpg 405w\" sizes=\"auto, (max-width: 1024px) 100vw, 1024px\" \/><\/figure><\/li><li class=\"blocks-gallery-item\"><figure><img loading=\"lazy\" decoding=\"async\" width=\"1024\" height=\"683\" src=\"https:\/\/marcali.plebania.hu\/wp-content\/uploads\/2020\/02\/19-1-1024x683.jpg\" alt=\"\" data-id=\"1648\" data-full-url=\"https:\/\/marcali.plebania.hu\/wp-content\/uploads\/2020\/02\/19-1-scaled.jpg\" data-link=\"https:\/\/marcali.plebania.hu\/?attachment_id=1648\" class=\"wp-image-1648\" srcset=\"https:\/\/marcali.plebania.hu\/wp-content\/uploads\/2020\/02\/19-1-1024x683.jpg 1024w, https:\/\/marcali.plebania.hu\/wp-content\/uploads\/2020\/02\/19-1-300x200.jpg 300w, https:\/\/marcali.plebania.hu\/wp-content\/uploads\/2020\/02\/19-1-768x512.jpg 768w, https:\/\/marcali.plebania.hu\/wp-content\/uploads\/2020\/02\/19-1-1536x1024.jpg 1536w, https:\/\/marcali.plebania.hu\/wp-content\/uploads\/2020\/02\/19-1-2048x1365.jpg 2048w, https:\/\/marcali.plebania.hu\/wp-content\/uploads\/2020\/02\/19-1-405x270.jpg 405w\" sizes=\"auto, (max-width: 1024px) 100vw, 1024px\" \/><\/figure><\/li><\/ul><\/figure>\n\n\n\n<p>A h\u00e1zass\u00e1g hete olyan sz\u00e9les k\u00f6r\u0171 \u00f6sszefog\u00e1sra t\u00f6rekszik, mely gyakorlati p\u00e9ldamutat\u00e1ssal, tudom\u00e1nyos kutat\u00e1sok eredm\u00e9nyeivel, bibliai \u00e9s erk\u00f6lcsi \u00e9rvekkel t\u00e1masztja al\u00e1 a h\u00e1zass\u00e1g \u00f6r\u00f6kk\u00e9val\u00f3 \u00e9rt\u00e9k\u00e9t. B\u00e1tor\u00edt minden olyan helyi kezdem\u00e9nyez\u00e9st, amely hidat \u00e9p\u00edt az adott k\u00f6z\u00f6ss\u00e9g k\u00f6rnyezet\u00e9ben \u00e9l\u0151 h\u00e1zasp\u00e1rok \u00e9s csal\u00e1dok fel\u00e9, amely seg\u00edti \u00e9let\u00fcket, boldogul\u00e1sukat. Ny\u00edltan besz\u00e9l a h\u00e1zass\u00e1g mindennapi val\u00f3s\u00e1g\u00e1r\u00f3l, \u00f6r\u00f6meir\u0151l \u00e9s fesz\u00fclts\u00e9geir\u0151l. Igyekszik b\u00f6lcs \u00e9s gyakorlati tan\u00e1csokkal ell\u00e1tni a h\u00e1zasokat \u00e9s h\u00e1zasuland\u00f3kat, valamint a teljes helyre\u00e1ll\u00e1s rem\u00e9ny\u00e9t \u00e9bren tartani azokban, akiknek a kapcsolata v\u00e1ls\u00e1gban van, illetve valamilyen ok miatt megszakadt.\u201d<\/p>\n\n\n\n<figure class=\"wp-block-gallery columns-3 is-cropped wp-block-gallery-4 is-layout-flex wp-block-gallery-is-layout-flex\"><ul class=\"blocks-gallery-grid\"><li class=\"blocks-gallery-item\"><figure><img loading=\"lazy\" decoding=\"async\" width=\"1024\" height=\"683\" src=\"https:\/\/marcali.plebania.hu\/wp-content\/uploads\/2020\/02\/24-2-1024x683.jpg\" alt=\"\" data-id=\"1649\" data-link=\"https:\/\/marcali.plebania.hu\/?attachment_id=1649\" class=\"wp-image-1649\" srcset=\"https:\/\/marcali.plebania.hu\/wp-content\/uploads\/2020\/02\/24-2-1024x683.jpg 1024w, https:\/\/marcali.plebania.hu\/wp-content\/uploads\/2020\/02\/24-2-300x200.jpg 300w, https:\/\/marcali.plebania.hu\/wp-content\/uploads\/2020\/02\/24-2-768x512.jpg 768w, https:\/\/marcali.plebania.hu\/wp-content\/uploads\/2020\/02\/24-2-1536x1024.jpg 1536w, https:\/\/marcali.plebania.hu\/wp-content\/uploads\/2020\/02\/24-2-2048x1365.jpg 2048w, https:\/\/marcali.plebania.hu\/wp-content\/uploads\/2020\/02\/24-2-405x270.jpg 405w\" sizes=\"auto, (max-width: 1024px) 100vw, 1024px\" \/><\/figure><\/li><li class=\"blocks-gallery-item\"><figure><img loading=\"lazy\" decoding=\"async\" width=\"1024\" height=\"683\" src=\"https:\/\/marcali.plebania.hu\/wp-content\/uploads\/2020\/02\/25-1-1024x683.jpg\" alt=\"\" data-id=\"1650\" data-link=\"https:\/\/marcali.plebania.hu\/?attachment_id=1650\" class=\"wp-image-1650\" srcset=\"https:\/\/marcali.plebania.hu\/wp-content\/uploads\/2020\/02\/25-1-1024x683.jpg 1024w, https:\/\/marcali.plebania.hu\/wp-content\/uploads\/2020\/02\/25-1-300x200.jpg 300w, https:\/\/marcali.plebania.hu\/wp-content\/uploads\/2020\/02\/25-1-768x512.jpg 768w, https:\/\/marcali.plebania.hu\/wp-content\/uploads\/2020\/02\/25-1-1536x1024.jpg 1536w, https:\/\/marcali.plebania.hu\/wp-content\/uploads\/2020\/02\/25-1-2048x1365.jpg 2048w, https:\/\/marcali.plebania.hu\/wp-content\/uploads\/2020\/02\/25-1-405x270.jpg 405w\" sizes=\"auto, (max-width: 1024px) 100vw, 1024px\" \/><\/figure><\/li><li class=\"blocks-gallery-item\"><figure><img loading=\"lazy\" decoding=\"async\" width=\"1024\" height=\"683\" src=\"https:\/\/marcali.plebania.hu\/wp-content\/uploads\/2020\/02\/27-1024x683.jpg\" alt=\"\" data-id=\"1652\" data-link=\"https:\/\/marcali.plebania.hu\/?attachment_id=1652\" class=\"wp-image-1652\" srcset=\"https:\/\/marcali.plebania.hu\/wp-content\/uploads\/2020\/02\/27-1024x683.jpg 1024w, https:\/\/marcali.plebania.hu\/wp-content\/uploads\/2020\/02\/27-300x200.jpg 300w, https:\/\/marcali.plebania.hu\/wp-content\/uploads\/2020\/02\/27-768x512.jpg 768w, https:\/\/marcali.plebania.hu\/wp-content\/uploads\/2020\/02\/27-1536x1024.jpg 1536w, https:\/\/marcali.plebania.hu\/wp-content\/uploads\/2020\/02\/27-2048x1365.jpg 2048w, https:\/\/marcali.plebania.hu\/wp-content\/uploads\/2020\/02\/27-405x270.jpg 405w\" sizes=\"auto, (max-width: 1024px) 100vw, 1024px\" \/><\/figure><\/li><li class=\"blocks-gallery-item\"><figure><img loading=\"lazy\" decoding=\"async\" width=\"1024\" height=\"683\" src=\"https:\/\/marcali.plebania.hu\/wp-content\/uploads\/2020\/02\/32-1024x683.jpg\" alt=\"\" data-id=\"1653\" data-full-url=\"https:\/\/marcali.plebania.hu\/wp-content\/uploads\/2020\/02\/32-scaled.jpg\" data-link=\"https:\/\/marcali.plebania.hu\/?attachment_id=1653\" class=\"wp-image-1653\" srcset=\"https:\/\/marcali.plebania.hu\/wp-content\/uploads\/2020\/02\/32-1024x683.jpg 1024w, https:\/\/marcali.plebania.hu\/wp-content\/uploads\/2020\/02\/32-300x200.jpg 300w, https:\/\/marcali.plebania.hu\/wp-content\/uploads\/2020\/02\/32-768x512.jpg 768w, https:\/\/marcali.plebania.hu\/wp-content\/uploads\/2020\/02\/32-1536x1024.jpg 1536w, https:\/\/marcali.plebania.hu\/wp-content\/uploads\/2020\/02\/32-2048x1365.jpg 2048w, https:\/\/marcali.plebania.hu\/wp-content\/uploads\/2020\/02\/32-405x270.jpg 405w\" sizes=\"auto, (max-width: 1024px) 100vw, 1024px\" \/><\/figure><\/li><\/ul><\/figure>\n\n\n\n<p>Marcaliban\nez az \u00faj\u00edt\u00f3 sz\u00e1nd\u00e9k\u00fa kezdem\u00e9nyez\u00e9s olyan j\u00f3l siker\u00fclt, hogy Iv\u00e1n atya\nkijelentette, hogy ezent\u00fal minden \u00e9vben meg fogj\u00e1k tartani \u00e9s szeretettel v\u00e1rnak\nminden olyan h\u00e1zasp\u00e1rt, akik \u00e9let\u00fck tov\u00e1bbi r\u00e9sz\u00e9ben szeretn\u00e9nek Isten\n\u00e1ld\u00e1s\u00e1ban r\u00e9szes\u00fclni.<\/p>\n","protected":false},"excerpt":{"rendered":"<p>2020. febru\u00e1r 23-\u00e1n, vas\u00e1rnap a 9 \u00f3r\u00e1s szentmis\u00e9n Kiss Iv\u00e1n c. pr\u00e9post, esperes-pl\u00e9b\u00e1nos a \u201eH\u00e1zass\u00e1g hete\u201d c\u00edm\u0171 rendezv\u00e9nysorozat keret\u00e9ben 28 h\u00e1zasp\u00e1rt \u00e1ldott meg \u00fcnnepi keretek k\u00f6z\u00f6tt, a h\u00edv\u0151k sokas\u00e1ga jelenl\u00e9t\u00e9ben, a Gy\u00fcm\u00f6lcsolt\u00f3 Boldogasszony pl\u00e9b\u00e1niatemplomban. Ez a kezdem\u00e9nyez\u00e9s 1996-ban indult el az Egyes\u00fclt Kir\u00e1lys\u00e1gb\u00f3l, amely Valentin-nap k\u00f6rny\u00e9k\u00e9n minden \u00e9vben a h\u00e1zass\u00e1g \u00e9s a csal\u00e1d fontoss\u00e1g\u00e1ra h\u00edvja fel a figyelmet. Haz\u00e1nkban ezt az esem\u00e9nysorozatot 2008 \u00f3ta rendezik meg, amely m\u00e1ra m\u00e1r 4 kontinens 21 orsz\u00e1g\u00e1ra terjed ki. A szervez\u00e9s sz\u00e9les k\u00f6r\u0171 \u00e9s&#8230;<\/p>\n<p class=\"read-more\"><a class=\"btn btn-default\" href=\"https:\/\/marcali.plebania.hu\/?p=1636\"> Read More<span class=\"screen-reader-text\">  Read More<\/span><\/a><\/p>\n","protected":false},"author":2,"featured_media":0,"comment_status":"closed","ping_status":"open","sticky":false,"template":"","format":"standard","meta":{"footnotes":""},"categories":[1],"tags":[],"class_list":["post-1636","post","type-post","status-publish","format-standard","hentry","category-egyeb"],"_links":{"self":[{"href":"https:\/\/marcali.plebania.hu\/index.php?rest_route=\/wp\/v2\/posts\/1636","targetHints":{"allow":["GET"]}}],"collection":[{"href":"https:\/\/marcali.plebania.hu\/index.php?rest_route=\/wp\/v2\/posts"}],"about":[{"href":"https:\/\/marcali.plebania.hu\/index.php?rest_route=\/wp\/v2\/types\/post"}],"author":[{"embeddable":true,"href":"https:\/\/marcali.plebania.hu\/index.php?rest_route=\/wp\/v2\/users\/2"}],"replies":[{"embeddable":true,"href":"https:\/\/marcali.plebania.hu\/index.php?rest_route=%2Fwp%2Fv2%2Fcomments&post=1636"}],"version-history":[{"count":1,"href":"https:\/\/marcali.plebania.hu\/index.php?rest_route=\/wp\/v2\/posts\/1636\/revisions"}],"predecessor-version":[{"id":1654,"href":"https:\/\/marcali.plebania.hu\/index.php?rest_route=\/wp\/v2\/posts\/1636\/revisions\/1654"}],"wp:attachment":[{"href":"https:\/\/marcali.plebania.hu\/index.php?rest_route=%2Fwp%2Fv2%2Fmedia&parent=1636"}],"wp:term":[{"taxonomy":"category","embeddable":true,"href":"https:\/\/marcali.plebania.hu\/index.php?rest_route=%2Fwp%2Fv2%2Fcategories&post=1636"},{"taxonomy":"post_tag","embeddable":true,"href":"https:\/\/marcali.plebania.hu\/index.php?rest_route=%2Fwp%2Fv2%2Ftags&post=1636"}],"curies":[{"name":"wp","href":"https:\/\/api.w.org\/{rel}","templated":true}]}}