{"id":1655,"date":"2020-02-25T10:48:52","date_gmt":"2020-02-25T10:48:52","guid":{"rendered":"https:\/\/marcali.plebania.hu\/?p=1655"},"modified":"2020-02-25T10:48:52","modified_gmt":"2020-02-25T10:48:52","slug":"a-kommunizmus-aldozataira-emlekeztek-marcaliban","status":"publish","type":"post","link":"https:\/\/marcali.plebania.hu\/?p=1655","title":{"rendered":"A kommunizmus \u00e1ldozataira eml\u00e9keztek Marcaliban"},"content":{"rendered":"\n<p>2020. febru\u00e1r 24-\u00e9n, h\u00e9tf\u0151n 17 \u00f3r\u00e1t\u00f3l Kiss Iv\u00e1n c. pr\u00e9post, esperes-pl\u00e9b\u00e1nos engesztel\u0151 szentmis\u00e9t mutatott be a kommunizmus \u00e1ldozatai\u00e9rt a Marcali Gy\u00fcm\u00f6lcsolt\u00f3 Boldogasszony pl\u00e9b\u00e1niatemplomban. Pr\u00e9dik\u00e1ci\u00f3j\u00e1ban a t\u00f6bb mint 100 milli\u00f3 \u00e1ldozatot k\u00f6vetel\u0151 diktat\u00far\u00e1r\u00f3l besz\u00e9lt \u00e9s felid\u00e9zte eml\u00e9keit, melyet maga is \u00e1t\u00e9lt annakidej\u00e9n. Elmondta, hogy az Isten- \u00e9s emberellenes \u00f6nk\u00e9nyuralom mennyi embert nyomor\u00edtott meg, s ez al\u00f3l az egyh\u00e1z \u00e9s papok sem voltak kiv\u00e9telek. Ezen k\u00edv\u00fcl az eml\u00e9kez\u00e9s fontoss\u00e1g\u00e1ra h\u00edvta fel a jelenl\u00e9v\u0151k figyelm\u00e9t, v\u00e9g\u00fcl egy\u00fctt im\u00e1dkozott a m\u00e1rt\u00edrok\u00e9rt \u00e9s a diktat\u00fara \u00fcld\u00f6z\u00f6ttjei\u00e9rt.<\/p>\n\n\n\n<figure class=\"wp-block-gallery columns-3 is-cropped wp-block-gallery-1 is-layout-flex wp-block-gallery-is-layout-flex\"><ul class=\"blocks-gallery-grid\"><li class=\"blocks-gallery-item\"><figure><img loading=\"lazy\" decoding=\"async\" width=\"1024\" height=\"683\" src=\"https:\/\/marcali.plebania.hu\/wp-content\/uploads\/2020\/02\/02-1-1024x683.jpg\" alt=\"\" data-id=\"1657\" data-link=\"https:\/\/marcali.plebania.hu\/?attachment_id=1657\" class=\"wp-image-1657\" srcset=\"https:\/\/marcali.plebania.hu\/wp-content\/uploads\/2020\/02\/02-1-1024x683.jpg 1024w, https:\/\/marcali.plebania.hu\/wp-content\/uploads\/2020\/02\/02-1-300x200.jpg 300w, https:\/\/marcali.plebania.hu\/wp-content\/uploads\/2020\/02\/02-1-768x512.jpg 768w, https:\/\/marcali.plebania.hu\/wp-content\/uploads\/2020\/02\/02-1-1536x1024.jpg 1536w, https:\/\/marcali.plebania.hu\/wp-content\/uploads\/2020\/02\/02-1-2048x1365.jpg 2048w, https:\/\/marcali.plebania.hu\/wp-content\/uploads\/2020\/02\/02-1-405x270.jpg 405w\" sizes=\"auto, (max-width: 1024px) 100vw, 1024px\" \/><\/figure><\/li><li class=\"blocks-gallery-item\"><figure><img loading=\"lazy\" decoding=\"async\" width=\"1024\" height=\"683\" src=\"https:\/\/marcali.plebania.hu\/wp-content\/uploads\/2020\/02\/03-2-1024x683.jpg\" alt=\"\" data-id=\"1658\" data-link=\"https:\/\/marcali.plebania.hu\/?attachment_id=1658\" class=\"wp-image-1658\" srcset=\"https:\/\/marcali.plebania.hu\/wp-content\/uploads\/2020\/02\/03-2-1024x683.jpg 1024w, https:\/\/marcali.plebania.hu\/wp-content\/uploads\/2020\/02\/03-2-300x200.jpg 300w, https:\/\/marcali.plebania.hu\/wp-content\/uploads\/2020\/02\/03-2-768x512.jpg 768w, https:\/\/marcali.plebania.hu\/wp-content\/uploads\/2020\/02\/03-2-1536x1024.jpg 1536w, https:\/\/marcali.plebania.hu\/wp-content\/uploads\/2020\/02\/03-2-2048x1365.jpg 2048w, https:\/\/marcali.plebania.hu\/wp-content\/uploads\/2020\/02\/03-2-405x270.jpg 405w\" sizes=\"auto, (max-width: 1024px) 100vw, 1024px\" \/><\/figure><\/li><li class=\"blocks-gallery-item\"><figure><img loading=\"lazy\" decoding=\"async\" width=\"1024\" height=\"683\" src=\"https:\/\/marcali.plebania.hu\/wp-content\/uploads\/2020\/02\/05-1-1024x683.jpg\" alt=\"\" data-id=\"1659\" data-link=\"https:\/\/marcali.plebania.hu\/?attachment_id=1659\" class=\"wp-image-1659\" srcset=\"https:\/\/marcali.plebania.hu\/wp-content\/uploads\/2020\/02\/05-1-1024x683.jpg 1024w, https:\/\/marcali.plebania.hu\/wp-content\/uploads\/2020\/02\/05-1-300x200.jpg 300w, https:\/\/marcali.plebania.hu\/wp-content\/uploads\/2020\/02\/05-1-768x512.jpg 768w, https:\/\/marcali.plebania.hu\/wp-content\/uploads\/2020\/02\/05-1-1536x1024.jpg 1536w, https:\/\/marcali.plebania.hu\/wp-content\/uploads\/2020\/02\/05-1-2048x1365.jpg 2048w, https:\/\/marcali.plebania.hu\/wp-content\/uploads\/2020\/02\/05-1-405x270.jpg 405w\" sizes=\"auto, (max-width: 1024px) 100vw, 1024px\" \/><\/figure><\/li><li class=\"blocks-gallery-item\"><figure><img loading=\"lazy\" decoding=\"async\" width=\"1024\" height=\"683\" src=\"https:\/\/marcali.plebania.hu\/wp-content\/uploads\/2020\/02\/01-1-1024x683.jpg\" alt=\"\" data-id=\"1660\" data-full-url=\"https:\/\/marcali.plebania.hu\/wp-content\/uploads\/2020\/02\/01-1-scaled.jpg\" data-link=\"https:\/\/marcali.plebania.hu\/?attachment_id=1660\" class=\"wp-image-1660\" srcset=\"https:\/\/marcali.plebania.hu\/wp-content\/uploads\/2020\/02\/01-1-1024x683.jpg 1024w, https:\/\/marcali.plebania.hu\/wp-content\/uploads\/2020\/02\/01-1-300x200.jpg 300w, https:\/\/marcali.plebania.hu\/wp-content\/uploads\/2020\/02\/01-1-768x512.jpg 768w, https:\/\/marcali.plebania.hu\/wp-content\/uploads\/2020\/02\/01-1-1536x1024.jpg 1536w, https:\/\/marcali.plebania.hu\/wp-content\/uploads\/2020\/02\/01-1-2048x1365.jpg 2048w, https:\/\/marcali.plebania.hu\/wp-content\/uploads\/2020\/02\/01-1-405x270.jpg 405w\" sizes=\"auto, (max-width: 1024px) 100vw, 1024px\" \/><\/figure><\/li><\/ul><\/figure>\n\n\n\n<p>Az istentiszteletet k\u00f6vet\u0151en a megjelentek m\u00e9csesekkel \u00e1tvonultak a H\u0151s\u00f6k ter\u00e9re, az \u201956-os eml\u00e9km\u0171h\u00f6z, ahol Huszti G\u00e1bor, a Somogy Megyei K\u00f6zgy\u0171l\u00e9s aleln\u00f6ke mondott megeml\u00e9kez\u0151 besz\u00e9det. A felsz\u00f3lal\u00f3 kijelentette, hogy: \u201eA kommunizmust sokan sokf\u00e9lek\u00e9ppen magyar\u00e1zt\u00e1k egykor, s magyar\u00e1zz\u00e1k ma is. Maga az eszme nyugatr\u00f3l sz\u00e1rmazik, ahogy a nemzetiszocializmus is. Emberek milli\u00f3it beh\u00e1l\u00f3z\u00f3 ide\u00e1ikat sokan elhitt\u00e9k, \u00e9ltett\u00e9k \u00fagy, hogy nem vettek vagy nem akartak tudom\u00e1st venni azok l\u00e9nyeg\u00e9r\u0151l, a zsarnoks\u00e1gr\u00f3l. S b\u00e1r mindk\u00e9t eszme nyugati, a kommunizmus megval\u00f3s\u00edt\u00e1sa nem ott kezd\u0151d\u00f6tt meg, hanem keleten. A nyugat \u00f6lbe tett k\u00e9zzel n\u00e9zte, mik\u00e9nt \u00e9p\u00fcl ki egy \u00faj vil\u00e1grend, mik\u00e9nt \u00e9p\u00fcl ki a diktat\u00far\u00e1k \u00faj form\u00e1ja, a n\u00e9pi demokr\u00e1ci\u00e1nak nevezett, bes\u00fag\u00e1sra, feljelent\u00e9sre alapozott v\u00f6r\u00f6s terror.\u201d<\/p>\n\n\n\n<figure class=\"wp-block-gallery columns-3 is-cropped wp-block-gallery-2 is-layout-flex wp-block-gallery-is-layout-flex\"><ul class=\"blocks-gallery-grid\"><li class=\"blocks-gallery-item\"><figure><img loading=\"lazy\" decoding=\"async\" width=\"1024\" height=\"683\" src=\"https:\/\/marcali.plebania.hu\/wp-content\/uploads\/2020\/02\/08-2-1024x683.jpg\" alt=\"\" data-id=\"1661\" data-link=\"https:\/\/marcali.plebania.hu\/?attachment_id=1661\" class=\"wp-image-1661\" srcset=\"https:\/\/marcali.plebania.hu\/wp-content\/uploads\/2020\/02\/08-2-1024x683.jpg 1024w, https:\/\/marcali.plebania.hu\/wp-content\/uploads\/2020\/02\/08-2-300x200.jpg 300w, https:\/\/marcali.plebania.hu\/wp-content\/uploads\/2020\/02\/08-2-768x512.jpg 768w, https:\/\/marcali.plebania.hu\/wp-content\/uploads\/2020\/02\/08-2-1536x1024.jpg 1536w, https:\/\/marcali.plebania.hu\/wp-content\/uploads\/2020\/02\/08-2-2048x1365.jpg 2048w, https:\/\/marcali.plebania.hu\/wp-content\/uploads\/2020\/02\/08-2-405x270.jpg 405w\" sizes=\"auto, (max-width: 1024px) 100vw, 1024px\" \/><\/figure><\/li><li class=\"blocks-gallery-item\"><figure><img loading=\"lazy\" decoding=\"async\" width=\"1024\" height=\"683\" src=\"https:\/\/marcali.plebania.hu\/wp-content\/uploads\/2020\/02\/09-1024x683.jpg\" alt=\"\" data-id=\"1662\" data-link=\"https:\/\/marcali.plebania.hu\/?attachment_id=1662\" class=\"wp-image-1662\" srcset=\"https:\/\/marcali.plebania.hu\/wp-content\/uploads\/2020\/02\/09-1024x683.jpg 1024w, https:\/\/marcali.plebania.hu\/wp-content\/uploads\/2020\/02\/09-300x200.jpg 300w, https:\/\/marcali.plebania.hu\/wp-content\/uploads\/2020\/02\/09-768x512.jpg 768w, https:\/\/marcali.plebania.hu\/wp-content\/uploads\/2020\/02\/09-1536x1024.jpg 1536w, https:\/\/marcali.plebania.hu\/wp-content\/uploads\/2020\/02\/09-2048x1365.jpg 2048w, https:\/\/marcali.plebania.hu\/wp-content\/uploads\/2020\/02\/09-405x270.jpg 405w\" sizes=\"auto, (max-width: 1024px) 100vw, 1024px\" \/><\/figure><\/li><li class=\"blocks-gallery-item\"><figure><img loading=\"lazy\" decoding=\"async\" width=\"1024\" height=\"683\" src=\"https:\/\/marcali.plebania.hu\/wp-content\/uploads\/2020\/02\/11-1-1024x683.jpg\" alt=\"\" data-id=\"1663\" data-link=\"https:\/\/marcali.plebania.hu\/?attachment_id=1663\" class=\"wp-image-1663\" srcset=\"https:\/\/marcali.plebania.hu\/wp-content\/uploads\/2020\/02\/11-1-1024x683.jpg 1024w, https:\/\/marcali.plebania.hu\/wp-content\/uploads\/2020\/02\/11-1-300x200.jpg 300w, https:\/\/marcali.plebania.hu\/wp-content\/uploads\/2020\/02\/11-1-768x512.jpg 768w, https:\/\/marcali.plebania.hu\/wp-content\/uploads\/2020\/02\/11-1-1536x1024.jpg 1536w, https:\/\/marcali.plebania.hu\/wp-content\/uploads\/2020\/02\/11-1-2048x1365.jpg 2048w, https:\/\/marcali.plebania.hu\/wp-content\/uploads\/2020\/02\/11-1-405x270.jpg 405w\" sizes=\"auto, (max-width: 1024px) 100vw, 1024px\" \/><\/figure><\/li><li class=\"blocks-gallery-item\"><figure><img loading=\"lazy\" decoding=\"async\" width=\"1024\" height=\"683\" src=\"https:\/\/marcali.plebania.hu\/wp-content\/uploads\/2020\/02\/12-2-1024x683.jpg\" alt=\"\" data-id=\"1664\" data-full-url=\"https:\/\/marcali.plebania.hu\/wp-content\/uploads\/2020\/02\/12-2-scaled.jpg\" data-link=\"https:\/\/marcali.plebania.hu\/?attachment_id=1664\" class=\"wp-image-1664\" srcset=\"https:\/\/marcali.plebania.hu\/wp-content\/uploads\/2020\/02\/12-2-1024x683.jpg 1024w, https:\/\/marcali.plebania.hu\/wp-content\/uploads\/2020\/02\/12-2-300x200.jpg 300w, https:\/\/marcali.plebania.hu\/wp-content\/uploads\/2020\/02\/12-2-768x512.jpg 768w, https:\/\/marcali.plebania.hu\/wp-content\/uploads\/2020\/02\/12-2-1536x1024.jpg 1536w, https:\/\/marcali.plebania.hu\/wp-content\/uploads\/2020\/02\/12-2-2048x1365.jpg 2048w, https:\/\/marcali.plebania.hu\/wp-content\/uploads\/2020\/02\/12-2-405x270.jpg 405w\" sizes=\"auto, (max-width: 1024px) 100vw, 1024px\" \/><\/figure><\/li><\/ul><\/figure>\n\n\n\n<p>Majd gondolat\u00e1t a k\u00f6vetkez\u0151kkel folytatta: \u201eA halad\u00f3 nyugat a kommunista diktat\u00far\u00e1k ideje alatt elt\u0171rte a vasf\u00fcgg\u00f6nyt, elt\u0171rte, hogy milli\u00f3k haljanak meg, hogy igaztalan v\u00e1dakkal b\u00f6rt\u00f6nbe vagy GUL\u00c1G-ra jussanak azok, akik nem \u00e9rtettek egyet a lenini, szt\u00e1lini \u00fattal, a R\u00e1kosi \u00e9s K\u00e1d\u00e1r \u00e1ltal hirdetett propagand\u00e1val. Elt\u0171rt\u00e9k, hogy megb\u00e9lyegezve, a lehet\u0151s\u00e9gekt\u0151l elz\u00e1rva \u00e9lj\u00e9k \u00e9let\u00fcket csal\u00e1dtagjaik.\u201d<\/p>\n\n\n\n<figure class=\"wp-block-gallery columns-3 is-cropped wp-block-gallery-3 is-layout-flex wp-block-gallery-is-layout-flex\"><ul class=\"blocks-gallery-grid\"><li class=\"blocks-gallery-item\"><figure><img loading=\"lazy\" decoding=\"async\" width=\"1024\" height=\"683\" src=\"https:\/\/marcali.plebania.hu\/wp-content\/uploads\/2020\/02\/16-1024x683.jpg\" alt=\"\" data-id=\"1667\" data-link=\"https:\/\/marcali.plebania.hu\/?attachment_id=1667\" class=\"wp-image-1667\" srcset=\"https:\/\/marcali.plebania.hu\/wp-content\/uploads\/2020\/02\/16-1024x683.jpg 1024w, https:\/\/marcali.plebania.hu\/wp-content\/uploads\/2020\/02\/16-300x200.jpg 300w, https:\/\/marcali.plebania.hu\/wp-content\/uploads\/2020\/02\/16-768x512.jpg 768w, https:\/\/marcali.plebania.hu\/wp-content\/uploads\/2020\/02\/16-1536x1024.jpg 1536w, https:\/\/marcali.plebania.hu\/wp-content\/uploads\/2020\/02\/16-2048x1365.jpg 2048w, https:\/\/marcali.plebania.hu\/wp-content\/uploads\/2020\/02\/16-405x270.jpg 405w\" sizes=\"auto, (max-width: 1024px) 100vw, 1024px\" \/><\/figure><\/li><li class=\"blocks-gallery-item\"><figure><img loading=\"lazy\" decoding=\"async\" width=\"1024\" height=\"683\" src=\"https:\/\/marcali.plebania.hu\/wp-content\/uploads\/2020\/02\/17-1-1024x683.jpg\" alt=\"\" data-id=\"1668\" data-link=\"https:\/\/marcali.plebania.hu\/?attachment_id=1668\" class=\"wp-image-1668\" srcset=\"https:\/\/marcali.plebania.hu\/wp-content\/uploads\/2020\/02\/17-1-1024x683.jpg 1024w, https:\/\/marcali.plebania.hu\/wp-content\/uploads\/2020\/02\/17-1-300x200.jpg 300w, https:\/\/marcali.plebania.hu\/wp-content\/uploads\/2020\/02\/17-1-768x512.jpg 768w, https:\/\/marcali.plebania.hu\/wp-content\/uploads\/2020\/02\/17-1-1536x1024.jpg 1536w, https:\/\/marcali.plebania.hu\/wp-content\/uploads\/2020\/02\/17-1-2048x1365.jpg 2048w, https:\/\/marcali.plebania.hu\/wp-content\/uploads\/2020\/02\/17-1-405x270.jpg 405w\" sizes=\"auto, (max-width: 1024px) 100vw, 1024px\" \/><\/figure><\/li><li class=\"blocks-gallery-item\"><figure><img loading=\"lazy\" decoding=\"async\" width=\"1024\" height=\"683\" src=\"https:\/\/marcali.plebania.hu\/wp-content\/uploads\/2020\/02\/18-1-1024x683.jpg\" alt=\"\" data-id=\"1669\" data-link=\"https:\/\/marcali.plebania.hu\/?attachment_id=1669\" class=\"wp-image-1669\" srcset=\"https:\/\/marcali.plebania.hu\/wp-content\/uploads\/2020\/02\/18-1-1024x683.jpg 1024w, https:\/\/marcali.plebania.hu\/wp-content\/uploads\/2020\/02\/18-1-300x200.jpg 300w, https:\/\/marcali.plebania.hu\/wp-content\/uploads\/2020\/02\/18-1-768x512.jpg 768w, https:\/\/marcali.plebania.hu\/wp-content\/uploads\/2020\/02\/18-1-1536x1024.jpg 1536w, https:\/\/marcali.plebania.hu\/wp-content\/uploads\/2020\/02\/18-1-2048x1365.jpg 2048w, https:\/\/marcali.plebania.hu\/wp-content\/uploads\/2020\/02\/18-1-405x270.jpg 405w\" sizes=\"auto, (max-width: 1024px) 100vw, 1024px\" \/><\/figure><\/li><li class=\"blocks-gallery-item\"><figure><img loading=\"lazy\" decoding=\"async\" width=\"1024\" height=\"683\" src=\"https:\/\/marcali.plebania.hu\/wp-content\/uploads\/2020\/02\/19-2-1024x683.jpg\" alt=\"\" data-id=\"1670\" data-full-url=\"https:\/\/marcali.plebania.hu\/wp-content\/uploads\/2020\/02\/19-2-scaled.jpg\" data-link=\"https:\/\/marcali.plebania.hu\/?attachment_id=1670\" class=\"wp-image-1670\" srcset=\"https:\/\/marcali.plebania.hu\/wp-content\/uploads\/2020\/02\/19-2-1024x683.jpg 1024w, https:\/\/marcali.plebania.hu\/wp-content\/uploads\/2020\/02\/19-2-300x200.jpg 300w, https:\/\/marcali.plebania.hu\/wp-content\/uploads\/2020\/02\/19-2-768x512.jpg 768w, https:\/\/marcali.plebania.hu\/wp-content\/uploads\/2020\/02\/19-2-1536x1024.jpg 1536w, https:\/\/marcali.plebania.hu\/wp-content\/uploads\/2020\/02\/19-2-2048x1365.jpg 2048w, https:\/\/marcali.plebania.hu\/wp-content\/uploads\/2020\/02\/19-2-405x270.jpg 405w\" sizes=\"auto, (max-width: 1024px) 100vw, 1024px\" \/><\/figure><\/li><\/ul><\/figure>\n\n\n\n<p>V\u00e9g\u00fcl az aleln\u00f6k mondand\u00f3j\u00e1t a k\u00f6vetkez\u0151kkel z\u00e1rta: \u201eHa valaki, a magyarok tudj\u00e1k, hogy mi az internacionalizmus \u00e1ra. Hogy mi az \u00e9letet, nemzetet megnyomor\u00edt\u00f3 elnyom\u00e1s \u00e9s a szabads\u00e1g k\u00f6z\u00f6tti k\u00fcl\u00f6nbs\u00e9g. \u00c9lt\u00fcnk szabads\u00e1gban \u00e9s \u00e9lt\u00fcnk elnyom\u00e1sban is, \u00e1m hol harccal, hol v\u00e9r n\u00e9lk\u00fcl tett\u00fcnk az\u00e9rt, hogy mi magunk mondhassuk meg, milyen \u00faton szeretn\u00e9nk j\u00e1rni, merre akarunk haladni. Mi magyarok tudjuk igaz\u00e1n, hogy nem veszhet feled\u00e9sbe a terror, s nem ism\u00e9tl\u0151dhet meg mindaz a sz\u00f6rny\u0171s\u00e9g, ami hossz\u00fa \u00e9veken kereszt\u00fcl csak szomor\u00fas\u00e1got \u00e9s nyomor\u00fas\u00e1got hozott a csal\u00e1doknak. Adjunk tiszteletet \u00e9s h\u00e1l\u00e1t a m\u00faltnak, hitet \u00e9s rem\u00e9nyt a j\u00f6v\u0151nek! Hajtsunk fejet mindazok el\u0151tt, akik a diktat\u00fara \u00e1ldozatai voltak!\u201d<\/p>\n\n\n\n<figure class=\"wp-block-gallery columns-3 is-cropped wp-block-gallery-4 is-layout-flex wp-block-gallery-is-layout-flex\"><ul class=\"blocks-gallery-grid\"><li class=\"blocks-gallery-item\"><figure><img loading=\"lazy\" decoding=\"async\" width=\"1024\" height=\"683\" src=\"https:\/\/marcali.plebania.hu\/wp-content\/uploads\/2020\/02\/24-3-1024x683.jpg\" alt=\"\" data-id=\"1671\" data-link=\"https:\/\/marcali.plebania.hu\/?attachment_id=1671\" class=\"wp-image-1671\" srcset=\"https:\/\/marcali.plebania.hu\/wp-content\/uploads\/2020\/02\/24-3-1024x683.jpg 1024w, https:\/\/marcali.plebania.hu\/wp-content\/uploads\/2020\/02\/24-3-300x200.jpg 300w, https:\/\/marcali.plebania.hu\/wp-content\/uploads\/2020\/02\/24-3-768x512.jpg 768w, https:\/\/marcali.plebania.hu\/wp-content\/uploads\/2020\/02\/24-3-1536x1024.jpg 1536w, https:\/\/marcali.plebania.hu\/wp-content\/uploads\/2020\/02\/24-3-2048x1365.jpg 2048w, https:\/\/marcali.plebania.hu\/wp-content\/uploads\/2020\/02\/24-3-405x270.jpg 405w\" sizes=\"auto, (max-width: 1024px) 100vw, 1024px\" \/><\/figure><\/li><li class=\"blocks-gallery-item\"><figure><img loading=\"lazy\" decoding=\"async\" width=\"1024\" height=\"683\" src=\"https:\/\/marcali.plebania.hu\/wp-content\/uploads\/2020\/02\/25-2-1024x683.jpg\" alt=\"\" data-id=\"1672\" data-link=\"https:\/\/marcali.plebania.hu\/?attachment_id=1672\" class=\"wp-image-1672\" srcset=\"https:\/\/marcali.plebania.hu\/wp-content\/uploads\/2020\/02\/25-2-1024x683.jpg 1024w, https:\/\/marcali.plebania.hu\/wp-content\/uploads\/2020\/02\/25-2-300x200.jpg 300w, https:\/\/marcali.plebania.hu\/wp-content\/uploads\/2020\/02\/25-2-768x512.jpg 768w, https:\/\/marcali.plebania.hu\/wp-content\/uploads\/2020\/02\/25-2-1536x1024.jpg 1536w, https:\/\/marcali.plebania.hu\/wp-content\/uploads\/2020\/02\/25-2-2048x1365.jpg 2048w, https:\/\/marcali.plebania.hu\/wp-content\/uploads\/2020\/02\/25-2-405x270.jpg 405w\" sizes=\"auto, (max-width: 1024px) 100vw, 1024px\" \/><\/figure><\/li><li class=\"blocks-gallery-item\"><figure><img loading=\"lazy\" decoding=\"async\" width=\"1024\" height=\"683\" src=\"https:\/\/marcali.plebania.hu\/wp-content\/uploads\/2020\/02\/26-2-1024x683.jpg\" alt=\"\" data-id=\"1673\" data-link=\"https:\/\/marcali.plebania.hu\/?attachment_id=1673\" class=\"wp-image-1673\" srcset=\"https:\/\/marcali.plebania.hu\/wp-content\/uploads\/2020\/02\/26-2-1024x683.jpg 1024w, https:\/\/marcali.plebania.hu\/wp-content\/uploads\/2020\/02\/26-2-300x200.jpg 300w, https:\/\/marcali.plebania.hu\/wp-content\/uploads\/2020\/02\/26-2-768x512.jpg 768w, https:\/\/marcali.plebania.hu\/wp-content\/uploads\/2020\/02\/26-2-1536x1024.jpg 1536w, https:\/\/marcali.plebania.hu\/wp-content\/uploads\/2020\/02\/26-2-2048x1365.jpg 2048w, https:\/\/marcali.plebania.hu\/wp-content\/uploads\/2020\/02\/26-2-405x270.jpg 405w\" sizes=\"auto, (max-width: 1024px) 100vw, 1024px\" \/><\/figure><\/li><li class=\"blocks-gallery-item\"><figure><img loading=\"lazy\" decoding=\"async\" width=\"1024\" height=\"683\" src=\"https:\/\/marcali.plebania.hu\/wp-content\/uploads\/2020\/02\/29-1024x683.jpg\" alt=\"\" data-id=\"1674\" data-full-url=\"https:\/\/marcali.plebania.hu\/wp-content\/uploads\/2020\/02\/29-scaled.jpg\" data-link=\"https:\/\/marcali.plebania.hu\/?attachment_id=1674\" class=\"wp-image-1674\" srcset=\"https:\/\/marcali.plebania.hu\/wp-content\/uploads\/2020\/02\/29-1024x683.jpg 1024w, https:\/\/marcali.plebania.hu\/wp-content\/uploads\/2020\/02\/29-300x200.jpg 300w, https:\/\/marcali.plebania.hu\/wp-content\/uploads\/2020\/02\/29-768x512.jpg 768w, https:\/\/marcali.plebania.hu\/wp-content\/uploads\/2020\/02\/29-1536x1024.jpg 1536w, https:\/\/marcali.plebania.hu\/wp-content\/uploads\/2020\/02\/29-2048x1365.jpg 2048w, https:\/\/marcali.plebania.hu\/wp-content\/uploads\/2020\/02\/29-405x270.jpg 405w\" sizes=\"auto, (max-width: 1024px) 100vw, 1024px\" \/><\/figure><\/li><\/ul><\/figure>\n\n\n\n<p>A jelenl\u00e9v\u0151k v\u00e9g\u00fcl az eml\u00e9km\u0171n\u00e9l a m\u00e9csesek elhelyez\u00e9s\u00e9vel, f\u0151hajt\u00e1ssal tisztelegtek, valamint ler\u00f3tt\u00e1k kegyelet\u00fcket a m\u00e1rt\u00edrok eml\u00e9ke el\u0151tt.<\/p>\n\n\n\n<figure class=\"wp-block-gallery columns-3 is-cropped wp-block-gallery-5 is-layout-flex wp-block-gallery-is-layout-flex\"><ul class=\"blocks-gallery-grid\"><li class=\"blocks-gallery-item\"><figure><img loading=\"lazy\" decoding=\"async\" width=\"1024\" height=\"683\" src=\"https:\/\/marcali.plebania.hu\/wp-content\/uploads\/2020\/02\/32-1-1024x683.jpg\" alt=\"\" data-id=\"1675\" data-link=\"https:\/\/marcali.plebania.hu\/?attachment_id=1675\" class=\"wp-image-1675\" srcset=\"https:\/\/marcali.plebania.hu\/wp-content\/uploads\/2020\/02\/32-1-1024x683.jpg 1024w, https:\/\/marcali.plebania.hu\/wp-content\/uploads\/2020\/02\/32-1-300x200.jpg 300w, https:\/\/marcali.plebania.hu\/wp-content\/uploads\/2020\/02\/32-1-768x512.jpg 768w, https:\/\/marcali.plebania.hu\/wp-content\/uploads\/2020\/02\/32-1-1536x1024.jpg 1536w, https:\/\/marcali.plebania.hu\/wp-content\/uploads\/2020\/02\/32-1-2048x1365.jpg 2048w, https:\/\/marcali.plebania.hu\/wp-content\/uploads\/2020\/02\/32-1-405x270.jpg 405w\" sizes=\"auto, (max-width: 1024px) 100vw, 1024px\" \/><\/figure><\/li><li class=\"blocks-gallery-item\"><figure><img loading=\"lazy\" decoding=\"async\" width=\"1024\" height=\"683\" src=\"https:\/\/marcali.plebania.hu\/wp-content\/uploads\/2020\/02\/33-1024x683.jpg\" alt=\"\" data-id=\"1676\" data-link=\"https:\/\/marcali.plebania.hu\/?attachment_id=1676\" class=\"wp-image-1676\" srcset=\"https:\/\/marcali.plebania.hu\/wp-content\/uploads\/2020\/02\/33-1024x683.jpg 1024w, https:\/\/marcali.plebania.hu\/wp-content\/uploads\/2020\/02\/33-300x200.jpg 300w, https:\/\/marcali.plebania.hu\/wp-content\/uploads\/2020\/02\/33-768x512.jpg 768w, https:\/\/marcali.plebania.hu\/wp-content\/uploads\/2020\/02\/33-1536x1024.jpg 1536w, https:\/\/marcali.plebania.hu\/wp-content\/uploads\/2020\/02\/33-2048x1365.jpg 2048w, https:\/\/marcali.plebania.hu\/wp-content\/uploads\/2020\/02\/33-405x270.jpg 405w\" sizes=\"auto, (max-width: 1024px) 100vw, 1024px\" \/><\/figure><\/li><li class=\"blocks-gallery-item\"><figure><img loading=\"lazy\" decoding=\"async\" width=\"1024\" height=\"683\" src=\"https:\/\/marcali.plebania.hu\/wp-content\/uploads\/2020\/02\/35-1024x683.jpg\" alt=\"\" data-id=\"1677\" data-link=\"https:\/\/marcali.plebania.hu\/?attachment_id=1677\" class=\"wp-image-1677\" srcset=\"https:\/\/marcali.plebania.hu\/wp-content\/uploads\/2020\/02\/35-1024x683.jpg 1024w, https:\/\/marcali.plebania.hu\/wp-content\/uploads\/2020\/02\/35-300x200.jpg 300w, https:\/\/marcali.plebania.hu\/wp-content\/uploads\/2020\/02\/35-768x512.jpg 768w, https:\/\/marcali.plebania.hu\/wp-content\/uploads\/2020\/02\/35-1536x1024.jpg 1536w, https:\/\/marcali.plebania.hu\/wp-content\/uploads\/2020\/02\/35-2048x1365.jpg 2048w, https:\/\/marcali.plebania.hu\/wp-content\/uploads\/2020\/02\/35-405x270.jpg 405w\" sizes=\"auto, (max-width: 1024px) 100vw, 1024px\" \/><\/figure><\/li><li class=\"blocks-gallery-item\"><figure><img loading=\"lazy\" decoding=\"async\" width=\"1024\" height=\"683\" src=\"https:\/\/marcali.plebania.hu\/wp-content\/uploads\/2020\/02\/41-1024x683.jpg\" alt=\"\" data-id=\"1678\" data-full-url=\"https:\/\/marcali.plebania.hu\/wp-content\/uploads\/2020\/02\/41-scaled.jpg\" data-link=\"https:\/\/marcali.plebania.hu\/?attachment_id=1678\" class=\"wp-image-1678\" srcset=\"https:\/\/marcali.plebania.hu\/wp-content\/uploads\/2020\/02\/41-1024x683.jpg 1024w, https:\/\/marcali.plebania.hu\/wp-content\/uploads\/2020\/02\/41-300x200.jpg 300w, https:\/\/marcali.plebania.hu\/wp-content\/uploads\/2020\/02\/41-768x512.jpg 768w, https:\/\/marcali.plebania.hu\/wp-content\/uploads\/2020\/02\/41-1536x1024.jpg 1536w, https:\/\/marcali.plebania.hu\/wp-content\/uploads\/2020\/02\/41-2048x1365.jpg 2048w, https:\/\/marcali.plebania.hu\/wp-content\/uploads\/2020\/02\/41-405x270.jpg 405w\" sizes=\"auto, (max-width: 1024px) 100vw, 1024px\" \/><\/figure><\/li><\/ul><\/figure>\n\n\n\n<p>A megeml\u00e9kez\u00e9st a Marcali Pl\u00e9b\u00e1nia, a Kereszt\u00e9ny \u00c9rtelmis\u00e9giek Sz\u00f6vets\u00e9ge (K\u00c9SZ) Marcali Csoportja, valamint a Marcali \u00e9s K\u00f6rny\u00e9ke Hagyom\u00e1ny\u0151rz\u0151 Ipartest\u00fclet szervezte.<\/p>\n\n\n\n<figure class=\"wp-block-gallery columns-1 is-cropped wp-block-gallery-6 is-layout-flex wp-block-gallery-is-layout-flex\"><ul class=\"blocks-gallery-grid\"><li class=\"blocks-gallery-item\"><figure><img loading=\"lazy\" decoding=\"async\" width=\"1024\" height=\"683\" src=\"https:\/\/marcali.plebania.hu\/wp-content\/uploads\/2020\/02\/43-1024x683.jpg\" alt=\"\" data-id=\"1679\" data-full-url=\"https:\/\/marcali.plebania.hu\/wp-content\/uploads\/2020\/02\/43-scaled.jpg\" data-link=\"https:\/\/marcali.plebania.hu\/?attachment_id=1679\" class=\"wp-image-1679\" srcset=\"https:\/\/marcali.plebania.hu\/wp-content\/uploads\/2020\/02\/43-1024x683.jpg 1024w, https:\/\/marcali.plebania.hu\/wp-content\/uploads\/2020\/02\/43-300x200.jpg 300w, https:\/\/marcali.plebania.hu\/wp-content\/uploads\/2020\/02\/43-768x512.jpg 768w, https:\/\/marcali.plebania.hu\/wp-content\/uploads\/2020\/02\/43-1536x1024.jpg 1536w, https:\/\/marcali.plebania.hu\/wp-content\/uploads\/2020\/02\/43-2048x1365.jpg 2048w, https:\/\/marcali.plebania.hu\/wp-content\/uploads\/2020\/02\/43-405x270.jpg 405w\" sizes=\"auto, (max-width: 1024px) 100vw, 1024px\" \/><\/figure><\/li><\/ul><\/figure>\n","protected":false},"excerpt":{"rendered":"<p>2020. febru\u00e1r 24-\u00e9n, h\u00e9tf\u0151n 17 \u00f3r\u00e1t\u00f3l Kiss Iv\u00e1n c. pr\u00e9post, esperes-pl\u00e9b\u00e1nos engesztel\u0151 szentmis\u00e9t mutatott be a kommunizmus \u00e1ldozatai\u00e9rt a Marcali Gy\u00fcm\u00f6lcsolt\u00f3 Boldogasszony pl\u00e9b\u00e1niatemplomban. Pr\u00e9dik\u00e1ci\u00f3j\u00e1ban a t\u00f6bb mint 100 milli\u00f3 \u00e1ldozatot k\u00f6vetel\u0151 diktat\u00far\u00e1r\u00f3l besz\u00e9lt \u00e9s felid\u00e9zte eml\u00e9keit, melyet maga is \u00e1t\u00e9lt annakidej\u00e9n. Elmondta, hogy az Isten- \u00e9s emberellenes \u00f6nk\u00e9nyuralom mennyi embert nyomor\u00edtott meg, s ez al\u00f3l az egyh\u00e1z \u00e9s papok sem voltak kiv\u00e9telek. Ezen k\u00edv\u00fcl az eml\u00e9kez\u00e9s fontoss\u00e1g\u00e1ra h\u00edvta fel a jelenl\u00e9v\u0151k figyelm\u00e9t, v\u00e9g\u00fcl egy\u00fctt im\u00e1dkozott a m\u00e1rt\u00edrok\u00e9rt \u00e9s a diktat\u00fara&#8230;<\/p>\n<p class=\"read-more\"><a class=\"btn btn-default\" href=\"https:\/\/marcali.plebania.hu\/?p=1655\"> Read More<span class=\"screen-reader-text\">  Read More<\/span><\/a><\/p>\n","protected":false},"author":2,"featured_media":0,"comment_status":"closed","ping_status":"open","sticky":false,"template":"","format":"standard","meta":{"footnotes":""},"categories":[1],"tags":[],"class_list":["post-1655","post","type-post","status-publish","format-standard","hentry","category-egyeb"],"_links":{"self":[{"href":"https:\/\/marcali.plebania.hu\/index.php?rest_route=\/wp\/v2\/posts\/1655","targetHints":{"allow":["GET"]}}],"collection":[{"href":"https:\/\/marcali.plebania.hu\/index.php?rest_route=\/wp\/v2\/posts"}],"about":[{"href":"https:\/\/marcali.plebania.hu\/index.php?rest_route=\/wp\/v2\/types\/post"}],"author":[{"embeddable":true,"href":"https:\/\/marcali.plebania.hu\/index.php?rest_route=\/wp\/v2\/users\/2"}],"replies":[{"embeddable":true,"href":"https:\/\/marcali.plebania.hu\/index.php?rest_route=%2Fwp%2Fv2%2Fcomments&post=1655"}],"version-history":[{"count":1,"href":"https:\/\/marcali.plebania.hu\/index.php?rest_route=\/wp\/v2\/posts\/1655\/revisions"}],"predecessor-version":[{"id":1680,"href":"https:\/\/marcali.plebania.hu\/index.php?rest_route=\/wp\/v2\/posts\/1655\/revisions\/1680"}],"wp:attachment":[{"href":"https:\/\/marcali.plebania.hu\/index.php?rest_route=%2Fwp%2Fv2%2Fmedia&parent=1655"}],"wp:term":[{"taxonomy":"category","embeddable":true,"href":"https:\/\/marcali.plebania.hu\/index.php?rest_route=%2Fwp%2Fv2%2Fcategories&post=1655"},{"taxonomy":"post_tag","embeddable":true,"href":"https:\/\/marcali.plebania.hu\/index.php?rest_route=%2Fwp%2Fv2%2Ftags&post=1655"}],"curies":[{"name":"wp","href":"https:\/\/api.w.org\/{rel}","templated":true}]}}