{"id":1682,"date":"2020-02-28T08:09:34","date_gmt":"2020-02-28T08:09:34","guid":{"rendered":"https:\/\/marcali.plebania.hu\/?p=1682"},"modified":"2020-02-28T08:09:34","modified_gmt":"2020-02-28T08:09:34","slug":"hirdetesek-2020-03-01","status":"publish","type":"post","link":"https:\/\/marcali.plebania.hu\/?p=1682","title":{"rendered":"Hirdet\u00e9sek, 2020. 03. 01."},"content":{"rendered":"\n<ol class=\"wp-block-list\"><li>Ma\nvan Nagyb\u00f6jt 1. vas\u00e1rnapja.<\/li><li>A\nj\u00f6v\u0151 h\u00e9ten els\u0151 p\u00e9ntek, 16.30-t\u00f3l gy\u00f3ntat\u00e1s, kereszt\u00fat a Szent Erzs\u00e9bet Imak\u00f6rrel,\nmajd 17 \u00f3r\u00e1t\u00f3l szentmise. Nagyb\u00f6jt p\u00e9ntekjein h\u00fastilalom van!<\/li><li>J\u00f6v\u0151\nszombaton vezetj\u00fck be a 18 \u00f3r\u00e1s esti szentmis\u00e9ket.<\/li><li>Az\nEgyh\u00e1zk\u00f6zs\u00e9g szervez\u00e9s\u00e9ben Boldog II. J\u00e1nos P\u00e1l p\u00e1p\u00e1t \u00e1br\u00e1zol\u00f3 szobor k\u00e9sz\u00fcl a\npl\u00e9b\u00e1niatemplom el\u00e9. A szoborra adakozni lehet, k\u00e9szp\u00e9nzben a pl\u00e9b\u00e1ni\u00e1n, \u00e9s\nbanki \u00e1tutal\u00e1ssal a: <strong>10403947-00026735-00000001<\/strong> sz\u00e1mlasz\u00e1mon.\nSz\u00e1mlatulajdonos: <em>R\u00f3mai Katolikus Egyh\u00e1zk\u00f6zs\u00e9g.<\/em> K\u00f6sz\u00f6nj\u00fck a\nfelaj\u00e1nl\u00e1sokat!<\/li><li>Az\nEukarisztikus kongresszusra val\u00f3 jelentkez\u00e9s elindult. Gelencs\u00e9r R\u00f3bert vil\u00e1gi\neln\u00f6k\u00f6t jel\u00f6ltem ki csoportvezet\u0151nek, akin\u00e9l jelentkezni lehet. Terveink\nszerint a kongresszusra szombati napon menn\u00e9nk, amikor a Kossuth t\u00e9ri\nszentmis\u00e9r\u0151l f\u00e1kly\u00e1s k\u00f6rmenettel a H\u0151s\u00f6k ter\u00e9ig megy\u00fcnk.<\/li><li>M\u00e1rcius\n28-\u00e1ra Ap\u00e1k zar\u00e1ndoklat\u00e1t szerveznek Kaposv\u00e1ron. Az indul\u00e1s 9 \u00f3rakor lesz, a\nSzent Imre-templom el\u0151l Kaposszentbenedekre. A szervez\u0151k Marcalib\u00f3l is v\u00e1rj\u00e1k a\nh\u00edveket.<\/li><li>A\nmai \u00e9lethez alkalmazkodva pl\u00e9b\u00e1ni\u00e1nkon is telep\u00edtett\u00fcnk k\u00e1rtyaleolvas\u00f3\ntermin\u00e1lt. Ezen t\u00fal k\u00e1rty\u00e1val is lehet fizetni egyh\u00e1zi ad\u00f3t, temet\u00e9st,\nszentmis\u00e9t. T\u00f3th P\u00e9ter ad\u00f3szed\u0151nk is mag\u00e1val viszi a termin\u00e1lt, \u00e9s az egyh\u00e1zi\nad\u00f3t n\u00e1la is lehet k\u00e1rty\u00e1val fizetni.<\/li><li>A\nnagyb\u00f6jti Lelki Nap \u00e1prilis 4-\u00e9n, szombaton lesz, melyet T\u00f6lgyesi D\u00e1vid\nnagykanizsai k\u00e1pl\u00e1n fog vezetni.<\/li><\/ol>\n","protected":false},"excerpt":{"rendered":"<p>Ma van Nagyb\u00f6jt 1. vas\u00e1rnapja. A j\u00f6v\u0151 h\u00e9ten els\u0151 p\u00e9ntek, 16.30-t\u00f3l gy\u00f3ntat\u00e1s, kereszt\u00fat a Szent Erzs\u00e9bet Imak\u00f6rrel, majd 17 \u00f3r\u00e1t\u00f3l szentmise. Nagyb\u00f6jt p\u00e9ntekjein h\u00fastilalom van! J\u00f6v\u0151 szombaton vezetj\u00fck be a 18 \u00f3r\u00e1s esti szentmis\u00e9ket. Az Egyh\u00e1zk\u00f6zs\u00e9g szervez\u00e9s\u00e9ben Boldog II. J\u00e1nos P\u00e1l p\u00e1p\u00e1t \u00e1br\u00e1zol\u00f3 szobor k\u00e9sz\u00fcl a pl\u00e9b\u00e1niatemplom el\u00e9. A szoborra adakozni lehet, k\u00e9szp\u00e9nzben a pl\u00e9b\u00e1ni\u00e1n, \u00e9s banki \u00e1tutal\u00e1ssal a: 10403947-00026735-00000001 sz\u00e1mlasz\u00e1mon. Sz\u00e1mlatulajdonos: R\u00f3mai Katolikus Egyh\u00e1zk\u00f6zs\u00e9g. K\u00f6sz\u00f6nj\u00fck a felaj\u00e1nl\u00e1sokat! Az Eukarisztikus kongresszusra val\u00f3 jelentkez\u00e9s elindult. Gelencs\u00e9r R\u00f3bert vil\u00e1gi eln\u00f6k\u00f6t jel\u00f6ltem ki&#8230;<\/p>\n<p class=\"read-more\"><a class=\"btn btn-default\" href=\"https:\/\/marcali.plebania.hu\/?p=1682\"> Read More<span class=\"screen-reader-text\">  Read More<\/span><\/a><\/p>\n","protected":false},"author":2,"featured_media":0,"comment_status":"closed","ping_status":"open","sticky":false,"template":"","format":"standard","meta":{"footnotes":""},"categories":[1],"tags":[],"class_list":["post-1682","post","type-post","status-publish","format-standard","hentry","category-egyeb"],"_links":{"self":[{"href":"https:\/\/marcali.plebania.hu\/index.php?rest_route=\/wp\/v2\/posts\/1682","targetHints":{"allow":["GET"]}}],"collection":[{"href":"https:\/\/marcali.plebania.hu\/index.php?rest_route=\/wp\/v2\/posts"}],"about":[{"href":"https:\/\/marcali.plebania.hu\/index.php?rest_route=\/wp\/v2\/types\/post"}],"author":[{"embeddable":true,"href":"https:\/\/marcali.plebania.hu\/index.php?rest_route=\/wp\/v2\/users\/2"}],"replies":[{"embeddable":true,"href":"https:\/\/marcali.plebania.hu\/index.php?rest_route=%2Fwp%2Fv2%2Fcomments&post=1682"}],"version-history":[{"count":1,"href":"https:\/\/marcali.plebania.hu\/index.php?rest_route=\/wp\/v2\/posts\/1682\/revisions"}],"predecessor-version":[{"id":1683,"href":"https:\/\/marcali.plebania.hu\/index.php?rest_route=\/wp\/v2\/posts\/1682\/revisions\/1683"}],"wp:attachment":[{"href":"https:\/\/marcali.plebania.hu\/index.php?rest_route=%2Fwp%2Fv2%2Fmedia&parent=1682"}],"wp:term":[{"taxonomy":"category","embeddable":true,"href":"https:\/\/marcali.plebania.hu\/index.php?rest_route=%2Fwp%2Fv2%2Fcategories&post=1682"},{"taxonomy":"post_tag","embeddable":true,"href":"https:\/\/marcali.plebania.hu\/index.php?rest_route=%2Fwp%2Fv2%2Ftags&post=1682"}],"curies":[{"name":"wp","href":"https:\/\/api.w.org\/{rel}","templated":true}]}}