{"id":1684,"date":"2020-03-06T10:17:09","date_gmt":"2020-03-06T10:17:09","guid":{"rendered":"https:\/\/marcali.plebania.hu\/?p=1684"},"modified":"2020-03-06T10:17:09","modified_gmt":"2020-03-06T10:17:09","slug":"hirdetesek-2020-03-08","status":"publish","type":"post","link":"https:\/\/marcali.plebania.hu\/?p=1684","title":{"rendered":"Hirdet\u00e9sek, 2020. 03. 08."},"content":{"rendered":"\n<ol class=\"wp-block-list\"><li>Ma van Nagyb\u00f6jt 2. vas\u00e1rnapja.<\/li><li>P\u00e9nteken 17 \u00f3rakor fatimai \u00e1jtatoss\u00e1got tartunk, 17.30-kor\nkezd\u0151dik a kereszt\u00fati \u00e1jtatoss\u00e1g, melyet az Engesztel\u0151 Imak\u00f6r vezet, 18 \u00f3rakor\nszentmise.<\/li><li>Szombaton az esti szentmise ut\u00e1n a pl\u00e9b\u00e1niatemplom\nfal\u00e1n\u00e1l l\u00e9v\u0151 eml\u00e9kt\u00e1bl\u00e1n\u00e1l eml\u00e9kez\u00fcnk a 48-as szabads\u00e1gharc marcali\nnemzet\u0151reire.<\/li><li>A koronav\u00edrus megel\u0151z\u00e9se \u00e9rdek\u00e9ben az MKPK templomi\nszab\u00e1lyokat vezetett be. Ami a h\u00edvekre vonatkozik:<\/li><\/ol>\n\n\n\n<p>&#8211; a templomba bel\u00e9pve nem ny\u00falunk a szenteltv\u00edz tart\u00f3ba, mert nincs benne szenteltv\u00edz,<\/p>\n\n\n\n<p>&#8211; a\nszentmise alatt nincs k\u00e9zfog\u00e1s,<\/p>\n\n\n\n<p>&#8211; csak\nteny\u00e9rbe \u00e1ldozunk (a bal tenyer\u00fcnk f\u00f6l\u00e9 helyezz\u00fck a jobb tenyeret \u00e9s az abba\nhelyezett szentosty\u00e1t mindj\u00e1rt magunkhoz vessz\u00fck),<\/p>\n\n\n\n<p>&#8211; a\ngy\u00f3ntat\u00f3sz\u00e9kben a r\u00e1cson f\u00f3li\u00e1val tal\u00e1lkozunk,<\/p>\n\n\n\n<p>&#8211; \u00fcgyelj\u00fcnk templomb\u00f3l j\u00f6vet-menet a k\u00e9zmos\u00e1sra!<\/p>\n\n\n\n<p>5. A Magyar Katolikus Karit\u00e1sz tart\u00f3s \u00e9lelmiszer gy\u0171jt\u00e9st hirdet nagyb\u00f6jtre m\u00e1rcius 15-t\u0151l 22-ig. M\u00e1r a j\u00f6v\u0151 vas\u00e1rnap lehet tart\u00f3s \u00e9lelmiszer hozni \u00e9s a fatimai olt\u00e1r el\u00e9 helyezni. A gy\u0171jt\u00f6tt \u00e9lelmiszereket a karit\u00e1sz h\u00fasv\u00e9t el\u0151tt osztja sz\u00e9t a helyi r\u00e1szorul\u00f3knak.<\/p>\n\n\n\n<p>6. Tov\u00e1bbra is adakozni lehet a Boldog II. J\u00e1nos P\u00e1l p\u00e1pa szobr\u00e1ra.<\/p>\n\n\n\n<p>7. M\u00e1jus 30-\u00e1n Egyh\u00e1zmegyei Napot szervez a Kaposv\u00e1ri P\u00fcsp\u00f6ks\u00e9g, melyre jelentkezni lehet Gelencs\u00e9r R\u00f3bertn\u00e9l.<\/p>\n","protected":false},"excerpt":{"rendered":"<p>Ma van Nagyb\u00f6jt 2. vas\u00e1rnapja. P\u00e9nteken 17 \u00f3rakor fatimai \u00e1jtatoss\u00e1got tartunk, 17.30-kor kezd\u0151dik a kereszt\u00fati \u00e1jtatoss\u00e1g, melyet az Engesztel\u0151 Imak\u00f6r vezet, 18 \u00f3rakor szentmise. Szombaton az esti szentmise ut\u00e1n a pl\u00e9b\u00e1niatemplom fal\u00e1n\u00e1l l\u00e9v\u0151 eml\u00e9kt\u00e1bl\u00e1n\u00e1l eml\u00e9kez\u00fcnk a 48-as szabads\u00e1gharc marcali nemzet\u0151reire. A koronav\u00edrus megel\u0151z\u00e9se \u00e9rdek\u00e9ben az MKPK templomi szab\u00e1lyokat vezetett be. Ami a h\u00edvekre vonatkozik: &#8211; a templomba bel\u00e9pve nem ny\u00falunk a szenteltv\u00edz tart\u00f3ba, mert nincs benne szenteltv\u00edz, &#8211; a szentmise alatt nincs k\u00e9zfog\u00e1s, &#8211; csak teny\u00e9rbe \u00e1ldozunk (a bal tenyer\u00fcnk&#8230;<\/p>\n<p class=\"read-more\"><a class=\"btn btn-default\" href=\"https:\/\/marcali.plebania.hu\/?p=1684\"> Read More<span class=\"screen-reader-text\">  Read More<\/span><\/a><\/p>\n","protected":false},"author":2,"featured_media":0,"comment_status":"closed","ping_status":"open","sticky":false,"template":"","format":"standard","meta":{"footnotes":""},"categories":[1],"tags":[],"class_list":["post-1684","post","type-post","status-publish","format-standard","hentry","category-egyeb"],"_links":{"self":[{"href":"https:\/\/marcali.plebania.hu\/index.php?rest_route=\/wp\/v2\/posts\/1684","targetHints":{"allow":["GET"]}}],"collection":[{"href":"https:\/\/marcali.plebania.hu\/index.php?rest_route=\/wp\/v2\/posts"}],"about":[{"href":"https:\/\/marcali.plebania.hu\/index.php?rest_route=\/wp\/v2\/types\/post"}],"author":[{"embeddable":true,"href":"https:\/\/marcali.plebania.hu\/index.php?rest_route=\/wp\/v2\/users\/2"}],"replies":[{"embeddable":true,"href":"https:\/\/marcali.plebania.hu\/index.php?rest_route=%2Fwp%2Fv2%2Fcomments&post=1684"}],"version-history":[{"count":1,"href":"https:\/\/marcali.plebania.hu\/index.php?rest_route=\/wp\/v2\/posts\/1684\/revisions"}],"predecessor-version":[{"id":1685,"href":"https:\/\/marcali.plebania.hu\/index.php?rest_route=\/wp\/v2\/posts\/1684\/revisions\/1685"}],"wp:attachment":[{"href":"https:\/\/marcali.plebania.hu\/index.php?rest_route=%2Fwp%2Fv2%2Fmedia&parent=1684"}],"wp:term":[{"taxonomy":"category","embeddable":true,"href":"https:\/\/marcali.plebania.hu\/index.php?rest_route=%2Fwp%2Fv2%2Fcategories&post=1684"},{"taxonomy":"post_tag","embeddable":true,"href":"https:\/\/marcali.plebania.hu\/index.php?rest_route=%2Fwp%2Fv2%2Ftags&post=1684"}],"curies":[{"name":"wp","href":"https:\/\/api.w.org\/{rel}","templated":true}]}}