{"id":1692,"date":"2020-03-13T10:36:10","date_gmt":"2020-03-13T10:36:10","guid":{"rendered":"https:\/\/marcali.plebania.hu\/?p=1692"},"modified":"2020-03-13T10:36:10","modified_gmt":"2020-03-13T10:36:10","slug":"hirdetesek-2020-03-15","status":"publish","type":"post","link":"https:\/\/marcali.plebania.hu\/?p=1692","title":{"rendered":"Hirdet\u00e9sek, 2020. 03. 15."},"content":{"rendered":"\n<ol class=\"wp-block-list\"><li>Ma\nvan Nagyb\u00f6jt 3. vas\u00e1rnapja. Az orsz\u00e1g katolikus templomaiban tart\u00f3s \u00e9lelmiszergy\u0171jt\u00e9s\nvan a szeg\u00e9nyek r\u00e9sz\u00e9re. Az \u00e9lelmiszergy\u0171jt\u00e9s a j\u00f6v\u0151 vas\u00e1rnapig tart.<\/li><li>J\u00f6v\u0151\np\u00e9nteken 17.30-kor kereszt\u00fati \u00e1jtatoss\u00e1got tartunk, melyet a R\u00f3zsaf\u00fcz\u00e9r\nT\u00e1rsulat vezet.<\/li><li>A\nkoronav\u00edrussal kapcsolatban azt a t\u00e1j\u00e9koztat\u00e1st kaptuk, hogy az egyh\u00e1z a\ntemplomokban zavartalanul v\u00e9gezheti a liturgikus tev\u00e9kenys\u00e9geket az el\u0151\u00edrt\nel\u0151vigy\u00e1zatoss\u00e1g mellett. K\u00e9rj\u00fck, aki \u00fagy \u00e9rzi, hogy beteg, vagy gyenge, az maradjon\notthon \u00e9s telev\u00edzi\u00f3n n\u00e9zze a szentmis\u00e9t. Az elm\u00falt vas\u00e1rnap el\u0151\u00edrt int\u00e9zked\u00e9sek\n\u00e9rv\u00e9nyesek: nincs k\u00e9zfog\u00e1s, k\u00e9zbe \u00e1ldozunk, nem ny\u00falunk a szenteltv\u00edz tart\u00f3ba\n\u00e9s kezet mosunk.<\/li><li>Tov\u00e1bbra is adakozni lehet a Boldog\nII. J\u00e1nos P\u00e1l p\u00e1pa szobr\u00e1ra.<\/li><li>M\u00e1jus 30-\u00e1n Egyh\u00e1zmegyei Napot\nszervez a Kaposv\u00e1ri P\u00fcsp\u00f6ks\u00e9g, melyre jelentkezni lehet Gelencs\u00e9r R\u00f3bertn\u00e9l.<\/li><\/ol>\n","protected":false},"excerpt":{"rendered":"<p>Ma van Nagyb\u00f6jt 3. vas\u00e1rnapja. Az orsz\u00e1g katolikus templomaiban tart\u00f3s \u00e9lelmiszergy\u0171jt\u00e9s van a szeg\u00e9nyek r\u00e9sz\u00e9re. Az \u00e9lelmiszergy\u0171jt\u00e9s a j\u00f6v\u0151 vas\u00e1rnapig tart. J\u00f6v\u0151 p\u00e9nteken 17.30-kor kereszt\u00fati \u00e1jtatoss\u00e1got tartunk, melyet a R\u00f3zsaf\u00fcz\u00e9r T\u00e1rsulat vezet. A koronav\u00edrussal kapcsolatban azt a t\u00e1j\u00e9koztat\u00e1st kaptuk, hogy az egyh\u00e1z a templomokban zavartalanul v\u00e9gezheti a liturgikus tev\u00e9kenys\u00e9geket az el\u0151\u00edrt el\u0151vigy\u00e1zatoss\u00e1g mellett. K\u00e9rj\u00fck, aki \u00fagy \u00e9rzi, hogy beteg, vagy gyenge, az maradjon otthon \u00e9s telev\u00edzi\u00f3n n\u00e9zze a szentmis\u00e9t. Az elm\u00falt vas\u00e1rnap el\u0151\u00edrt int\u00e9zked\u00e9sek \u00e9rv\u00e9nyesek: nincs k\u00e9zfog\u00e1s, k\u00e9zbe \u00e1ldozunk, nem&#8230;<\/p>\n<p class=\"read-more\"><a class=\"btn btn-default\" href=\"https:\/\/marcali.plebania.hu\/?p=1692\"> Read More<span class=\"screen-reader-text\">  Read More<\/span><\/a><\/p>\n","protected":false},"author":2,"featured_media":0,"comment_status":"closed","ping_status":"open","sticky":false,"template":"","format":"standard","meta":{"footnotes":""},"categories":[1],"tags":[],"class_list":["post-1692","post","type-post","status-publish","format-standard","hentry","category-egyeb"],"_links":{"self":[{"href":"https:\/\/marcali.plebania.hu\/index.php?rest_route=\/wp\/v2\/posts\/1692","targetHints":{"allow":["GET"]}}],"collection":[{"href":"https:\/\/marcali.plebania.hu\/index.php?rest_route=\/wp\/v2\/posts"}],"about":[{"href":"https:\/\/marcali.plebania.hu\/index.php?rest_route=\/wp\/v2\/types\/post"}],"author":[{"embeddable":true,"href":"https:\/\/marcali.plebania.hu\/index.php?rest_route=\/wp\/v2\/users\/2"}],"replies":[{"embeddable":true,"href":"https:\/\/marcali.plebania.hu\/index.php?rest_route=%2Fwp%2Fv2%2Fcomments&post=1692"}],"version-history":[{"count":1,"href":"https:\/\/marcali.plebania.hu\/index.php?rest_route=\/wp\/v2\/posts\/1692\/revisions"}],"predecessor-version":[{"id":1693,"href":"https:\/\/marcali.plebania.hu\/index.php?rest_route=\/wp\/v2\/posts\/1692\/revisions\/1693"}],"wp:attachment":[{"href":"https:\/\/marcali.plebania.hu\/index.php?rest_route=%2Fwp%2Fv2%2Fmedia&parent=1692"}],"wp:term":[{"taxonomy":"category","embeddable":true,"href":"https:\/\/marcali.plebania.hu\/index.php?rest_route=%2Fwp%2Fv2%2Fcategories&post=1692"},{"taxonomy":"post_tag","embeddable":true,"href":"https:\/\/marcali.plebania.hu\/index.php?rest_route=%2Fwp%2Fv2%2Ftags&post=1692"}],"curies":[{"name":"wp","href":"https:\/\/api.w.org\/{rel}","templated":true}]}}