{"id":1694,"date":"2020-03-17T09:06:54","date_gmt":"2020-03-17T09:06:54","guid":{"rendered":"https:\/\/marcali.plebania.hu\/?p=1694"},"modified":"2020-03-17T09:06:54","modified_gmt":"2020-03-17T09:06:54","slug":"nemzeti-unnep-a-plebaniatemplomban","status":"publish","type":"post","link":"https:\/\/marcali.plebania.hu\/?p=1694","title":{"rendered":"Nemzeti \u00fcnnep a pl\u00e9b\u00e1niatemplomban"},"content":{"rendered":"\n<p>A Kereszt\u00e9ny \u00c9rtelmis\u00e9giek Sz\u00f6vets\u00e9ge (K\u00c9SZ) Marcali Csoportja, valamint a Marcali \u00e9s K\u00f6rny\u00e9ke Hagyom\u00e1ny\u0151rz\u0151 Ipartest\u00fclet \u00e1ltal m\u00e1rcius 14-e est\u00e9j\u00e9re hirdetett f\u00e1kly\u00e1s felvonul\u00e1s a koronav\u00edrus-j\u00e1rv\u00e1ny miatt elmaradt.   B\u00e1r az \u00fcnnep nem maradt el, csak a meghirdetett orsz\u00e1gos \u00e9s v\u00e1rosi megeml\u00e9kez\u00e9sek, de az\u00e9rt sz\u0171k keretek k\u00f6z\u00f6tt a koszor\u00faz\u00e1sokat megtartott\u00e1k.<\/p>\n\n\n\n<figure class=\"wp-block-gallery columns-3 is-cropped wp-block-gallery-1 is-layout-flex wp-block-gallery-is-layout-flex\"><ul class=\"blocks-gallery-grid\"><li class=\"blocks-gallery-item\"><figure><img loading=\"lazy\" decoding=\"async\" width=\"1024\" height=\"683\" src=\"https:\/\/marcali.plebania.hu\/wp-content\/uploads\/2020\/03\/07-1024x683.jpg\" alt=\"\" data-id=\"1695\" data-link=\"https:\/\/marcali.plebania.hu\/?attachment_id=1695\" class=\"wp-image-1695\" srcset=\"https:\/\/marcali.plebania.hu\/wp-content\/uploads\/2020\/03\/07-1024x683.jpg 1024w, https:\/\/marcali.plebania.hu\/wp-content\/uploads\/2020\/03\/07-300x200.jpg 300w, https:\/\/marcali.plebania.hu\/wp-content\/uploads\/2020\/03\/07-768x512.jpg 768w, https:\/\/marcali.plebania.hu\/wp-content\/uploads\/2020\/03\/07-1536x1024.jpg 1536w, https:\/\/marcali.plebania.hu\/wp-content\/uploads\/2020\/03\/07-2048x1365.jpg 2048w, https:\/\/marcali.plebania.hu\/wp-content\/uploads\/2020\/03\/07-405x270.jpg 405w\" sizes=\"auto, (max-width: 1024px) 100vw, 1024px\" \/><\/figure><\/li><li class=\"blocks-gallery-item\"><figure><img loading=\"lazy\" decoding=\"async\" width=\"1024\" height=\"683\" src=\"https:\/\/marcali.plebania.hu\/wp-content\/uploads\/2020\/03\/08-1024x683.jpg\" alt=\"\" data-id=\"1696\" data-link=\"https:\/\/marcali.plebania.hu\/?attachment_id=1696\" class=\"wp-image-1696\" srcset=\"https:\/\/marcali.plebania.hu\/wp-content\/uploads\/2020\/03\/08-1024x683.jpg 1024w, https:\/\/marcali.plebania.hu\/wp-content\/uploads\/2020\/03\/08-300x200.jpg 300w, https:\/\/marcali.plebania.hu\/wp-content\/uploads\/2020\/03\/08-768x512.jpg 768w, https:\/\/marcali.plebania.hu\/wp-content\/uploads\/2020\/03\/08-1536x1024.jpg 1536w, https:\/\/marcali.plebania.hu\/wp-content\/uploads\/2020\/03\/08-2048x1365.jpg 2048w, https:\/\/marcali.plebania.hu\/wp-content\/uploads\/2020\/03\/08-405x270.jpg 405w\" sizes=\"auto, (max-width: 1024px) 100vw, 1024px\" \/><\/figure><\/li><li class=\"blocks-gallery-item\"><figure><img loading=\"lazy\" decoding=\"async\" width=\"1024\" height=\"683\" src=\"https:\/\/marcali.plebania.hu\/wp-content\/uploads\/2020\/03\/05-1024x683.jpg\" alt=\"\" data-id=\"1697\" data-link=\"https:\/\/marcali.plebania.hu\/?attachment_id=1697\" class=\"wp-image-1697\" srcset=\"https:\/\/marcali.plebania.hu\/wp-content\/uploads\/2020\/03\/05-1024x683.jpg 1024w, https:\/\/marcali.plebania.hu\/wp-content\/uploads\/2020\/03\/05-300x200.jpg 300w, https:\/\/marcali.plebania.hu\/wp-content\/uploads\/2020\/03\/05-768x512.jpg 768w, https:\/\/marcali.plebania.hu\/wp-content\/uploads\/2020\/03\/05-1536x1024.jpg 1536w, https:\/\/marcali.plebania.hu\/wp-content\/uploads\/2020\/03\/05-2048x1365.jpg 2048w, https:\/\/marcali.plebania.hu\/wp-content\/uploads\/2020\/03\/05-405x270.jpg 405w\" sizes=\"auto, (max-width: 1024px) 100vw, 1024px\" \/><\/figure><\/li><li class=\"blocks-gallery-item\"><figure><img loading=\"lazy\" decoding=\"async\" width=\"1024\" height=\"683\" src=\"https:\/\/marcali.plebania.hu\/wp-content\/uploads\/2020\/03\/01-1024x683.jpg\" alt=\"\" data-id=\"1698\" data-full-url=\"https:\/\/marcali.plebania.hu\/wp-content\/uploads\/2020\/03\/01-scaled.jpg\" data-link=\"https:\/\/marcali.plebania.hu\/?attachment_id=1698\" class=\"wp-image-1698\" srcset=\"https:\/\/marcali.plebania.hu\/wp-content\/uploads\/2020\/03\/01-1024x683.jpg 1024w, https:\/\/marcali.plebania.hu\/wp-content\/uploads\/2020\/03\/01-300x200.jpg 300w, https:\/\/marcali.plebania.hu\/wp-content\/uploads\/2020\/03\/01-768x512.jpg 768w, https:\/\/marcali.plebania.hu\/wp-content\/uploads\/2020\/03\/01-1536x1024.jpg 1536w, https:\/\/marcali.plebania.hu\/wp-content\/uploads\/2020\/03\/01-2048x1365.jpg 2048w, https:\/\/marcali.plebania.hu\/wp-content\/uploads\/2020\/03\/01-405x270.jpg 405w\" sizes=\"auto, (max-width: 1024px) 100vw, 1024px\" \/><\/figure><\/li><\/ul><\/figure>\n\n\n\n<p>2020. m\u00e1rcius 15-\u00e9n, vas\u00e1rnap a 9 \u00f3r\u00e1s szentmis\u00e9n, a pl\u00e9b\u00e1niatemplomban  Kiss Iv\u00e1n c. pr\u00e9post, esperes-pl\u00e9b\u00e1nos a szertart\u00e1s r\u00e9szek\u00e9nt felolvasta Varga L\u00e1szl\u00f3 kaposv\u00e1ri megy\u00e9sp\u00fcsp\u00f6k intelmeit \u00e9s tan\u00e1csait a jelenlegi koronav\u00edrus helyzettel kapcsolatosan, majd a h\u00edvekkel egy\u00fctt elim\u00e1dkozta Erd\u0151 P\u00e9ter b\u00edboros, p\u00edrm\u00e1s im\u00e1ds\u00e1g\u00e1t a j\u00e1rv\u00e1ny idej\u00e9n.  <\/p>\n\n\n\n<figure class=\"wp-block-gallery columns-3 is-cropped wp-block-gallery-2 is-layout-flex wp-block-gallery-is-layout-flex\"><ul class=\"blocks-gallery-grid\"><li class=\"blocks-gallery-item\"><figure><img loading=\"lazy\" decoding=\"async\" width=\"1024\" height=\"683\" src=\"https:\/\/marcali.plebania.hu\/wp-content\/uploads\/2020\/03\/09-1024x683.jpg\" alt=\"\" data-id=\"1699\" data-link=\"https:\/\/marcali.plebania.hu\/?attachment_id=1699\" class=\"wp-image-1699\" srcset=\"https:\/\/marcali.plebania.hu\/wp-content\/uploads\/2020\/03\/09-1024x683.jpg 1024w, https:\/\/marcali.plebania.hu\/wp-content\/uploads\/2020\/03\/09-300x200.jpg 300w, https:\/\/marcali.plebania.hu\/wp-content\/uploads\/2020\/03\/09-768x512.jpg 768w, https:\/\/marcali.plebania.hu\/wp-content\/uploads\/2020\/03\/09-1536x1024.jpg 1536w, https:\/\/marcali.plebania.hu\/wp-content\/uploads\/2020\/03\/09-2048x1365.jpg 2048w, https:\/\/marcali.plebania.hu\/wp-content\/uploads\/2020\/03\/09-405x270.jpg 405w\" sizes=\"auto, (max-width: 1024px) 100vw, 1024px\" \/><\/figure><\/li><li class=\"blocks-gallery-item\"><figure><img loading=\"lazy\" decoding=\"async\" width=\"1024\" height=\"683\" src=\"https:\/\/marcali.plebania.hu\/wp-content\/uploads\/2020\/03\/10-1024x683.jpg\" alt=\"\" data-id=\"1700\" data-link=\"https:\/\/marcali.plebania.hu\/?attachment_id=1700\" class=\"wp-image-1700\" srcset=\"https:\/\/marcali.plebania.hu\/wp-content\/uploads\/2020\/03\/10-1024x683.jpg 1024w, https:\/\/marcali.plebania.hu\/wp-content\/uploads\/2020\/03\/10-300x200.jpg 300w, https:\/\/marcali.plebania.hu\/wp-content\/uploads\/2020\/03\/10-768x512.jpg 768w, https:\/\/marcali.plebania.hu\/wp-content\/uploads\/2020\/03\/10-1536x1024.jpg 1536w, https:\/\/marcali.plebania.hu\/wp-content\/uploads\/2020\/03\/10-2048x1365.jpg 2048w, https:\/\/marcali.plebania.hu\/wp-content\/uploads\/2020\/03\/10-405x270.jpg 405w\" sizes=\"auto, (max-width: 1024px) 100vw, 1024px\" \/><\/figure><\/li><li class=\"blocks-gallery-item\"><figure><img loading=\"lazy\" decoding=\"async\" width=\"1024\" height=\"683\" src=\"https:\/\/marcali.plebania.hu\/wp-content\/uploads\/2020\/03\/12-1024x683.jpg\" alt=\"\" data-id=\"1701\" data-link=\"https:\/\/marcali.plebania.hu\/?attachment_id=1701\" class=\"wp-image-1701\" srcset=\"https:\/\/marcali.plebania.hu\/wp-content\/uploads\/2020\/03\/12-1024x683.jpg 1024w, https:\/\/marcali.plebania.hu\/wp-content\/uploads\/2020\/03\/12-300x200.jpg 300w, https:\/\/marcali.plebania.hu\/wp-content\/uploads\/2020\/03\/12-768x512.jpg 768w, https:\/\/marcali.plebania.hu\/wp-content\/uploads\/2020\/03\/12-1536x1024.jpg 1536w, https:\/\/marcali.plebania.hu\/wp-content\/uploads\/2020\/03\/12-2048x1365.jpg 2048w, https:\/\/marcali.plebania.hu\/wp-content\/uploads\/2020\/03\/12-405x270.jpg 405w\" sizes=\"auto, (max-width: 1024px) 100vw, 1024px\" \/><\/figure><\/li><li class=\"blocks-gallery-item\"><figure><img loading=\"lazy\" decoding=\"async\" width=\"1024\" height=\"683\" src=\"https:\/\/marcali.plebania.hu\/wp-content\/uploads\/2020\/03\/15-1024x683.jpg\" alt=\"\" data-id=\"1702\" data-full-url=\"https:\/\/marcali.plebania.hu\/wp-content\/uploads\/2020\/03\/15-scaled.jpg\" data-link=\"https:\/\/marcali.plebania.hu\/?attachment_id=1702\" class=\"wp-image-1702\" srcset=\"https:\/\/marcali.plebania.hu\/wp-content\/uploads\/2020\/03\/15-1024x683.jpg 1024w, https:\/\/marcali.plebania.hu\/wp-content\/uploads\/2020\/03\/15-300x200.jpg 300w, https:\/\/marcali.plebania.hu\/wp-content\/uploads\/2020\/03\/15-768x512.jpg 768w, https:\/\/marcali.plebania.hu\/wp-content\/uploads\/2020\/03\/15-1536x1024.jpg 1536w, https:\/\/marcali.plebania.hu\/wp-content\/uploads\/2020\/03\/15-2048x1365.jpg 2048w, https:\/\/marcali.plebania.hu\/wp-content\/uploads\/2020\/03\/15-405x270.jpg 405w\" sizes=\"auto, (max-width: 1024px) 100vw, 1024px\" \/><\/figure><\/li><\/ul><\/figure>\n\n\n\n<p>A templom falai k\u00f6z\u00f6tt Kozma Kriszti\u00e1n Kazinczy-d\u00edjas versmond\u00f3 el\u0151ad\u00e1s\u00e1ban hangzott el a Nemzeti dal. A Himnusz el\u00e9nekl\u00e9se ut\u00e1n, a szentmise v\u00e9gezt\u00e9vel a pl\u00e9b\u00e1niatemplom \u00e9szaki oldal\u00e1n l\u00e9v\u0151 48-as eml\u00e9kt\u00e1bl\u00e1n\u00e1l a Somogy Megyei K\u00f6zgy\u0171l\u00e9s nev\u00e9ben Huszti G\u00e1bor aleln\u00f6k, a Marcali \u00e9s K\u00f6rny\u00e9ke Hagyom\u00e1ny\u0151rz\u0151 Ipartest\u00fclet nev\u00e9ben pedig Szaka Zsolt eln\u00f6k helyeztek el koszor\u00fat. Ezt k\u00f6vet\u0151en Kiss Iv\u00e1n c. pr\u00e9post, esperes-pl\u00e9b\u00e1nos , Gelencs\u00e9r R\u00f3bert vil\u00e1gi eln\u00f6k \u00e9s Kir\u00e1ly Jen\u0151 templomatya koszor\u00faztak az Egyh\u00e1zk\u00f6zs\u00e9g nev\u00e9ben. <\/p>\n\n\n\n<figure class=\"wp-block-gallery columns-3 is-cropped wp-block-gallery-3 is-layout-flex wp-block-gallery-is-layout-flex\"><ul class=\"blocks-gallery-grid\"><li class=\"blocks-gallery-item\"><figure><img loading=\"lazy\" decoding=\"async\" width=\"1024\" height=\"683\" src=\"https:\/\/marcali.plebania.hu\/wp-content\/uploads\/2020\/03\/16-1024x683.jpg\" alt=\"\" data-id=\"1703\" data-link=\"https:\/\/marcali.plebania.hu\/?attachment_id=1703\" class=\"wp-image-1703\" srcset=\"https:\/\/marcali.plebania.hu\/wp-content\/uploads\/2020\/03\/16-1024x683.jpg 1024w, https:\/\/marcali.plebania.hu\/wp-content\/uploads\/2020\/03\/16-300x200.jpg 300w, https:\/\/marcali.plebania.hu\/wp-content\/uploads\/2020\/03\/16-768x512.jpg 768w, https:\/\/marcali.plebania.hu\/wp-content\/uploads\/2020\/03\/16-1536x1024.jpg 1536w, https:\/\/marcali.plebania.hu\/wp-content\/uploads\/2020\/03\/16-2048x1365.jpg 2048w, https:\/\/marcali.plebania.hu\/wp-content\/uploads\/2020\/03\/16-405x270.jpg 405w\" sizes=\"auto, (max-width: 1024px) 100vw, 1024px\" \/><\/figure><\/li><li class=\"blocks-gallery-item\"><figure><img loading=\"lazy\" decoding=\"async\" width=\"1024\" height=\"683\" src=\"https:\/\/marcali.plebania.hu\/wp-content\/uploads\/2020\/03\/17-1024x683.jpg\" alt=\"\" data-id=\"1704\" data-link=\"https:\/\/marcali.plebania.hu\/?attachment_id=1704\" class=\"wp-image-1704\" srcset=\"https:\/\/marcali.plebania.hu\/wp-content\/uploads\/2020\/03\/17-1024x683.jpg 1024w, https:\/\/marcali.plebania.hu\/wp-content\/uploads\/2020\/03\/17-300x200.jpg 300w, https:\/\/marcali.plebania.hu\/wp-content\/uploads\/2020\/03\/17-768x512.jpg 768w, https:\/\/marcali.plebania.hu\/wp-content\/uploads\/2020\/03\/17-1536x1024.jpg 1536w, https:\/\/marcali.plebania.hu\/wp-content\/uploads\/2020\/03\/17-2048x1365.jpg 2048w, https:\/\/marcali.plebania.hu\/wp-content\/uploads\/2020\/03\/17-405x270.jpg 405w\" sizes=\"auto, (max-width: 1024px) 100vw, 1024px\" \/><\/figure><\/li><li class=\"blocks-gallery-item\"><figure><img loading=\"lazy\" decoding=\"async\" width=\"1024\" height=\"683\" src=\"https:\/\/marcali.plebania.hu\/wp-content\/uploads\/2020\/03\/18-1024x683.jpg\" alt=\"\" data-id=\"1705\" data-link=\"https:\/\/marcali.plebania.hu\/?attachment_id=1705\" class=\"wp-image-1705\" srcset=\"https:\/\/marcali.plebania.hu\/wp-content\/uploads\/2020\/03\/18-1024x683.jpg 1024w, https:\/\/marcali.plebania.hu\/wp-content\/uploads\/2020\/03\/18-300x200.jpg 300w, https:\/\/marcali.plebania.hu\/wp-content\/uploads\/2020\/03\/18-768x512.jpg 768w, https:\/\/marcali.plebania.hu\/wp-content\/uploads\/2020\/03\/18-1536x1024.jpg 1536w, https:\/\/marcali.plebania.hu\/wp-content\/uploads\/2020\/03\/18-2048x1365.jpg 2048w, https:\/\/marcali.plebania.hu\/wp-content\/uploads\/2020\/03\/18-405x270.jpg 405w\" sizes=\"auto, (max-width: 1024px) 100vw, 1024px\" \/><\/figure><\/li><li class=\"blocks-gallery-item\"><figure><img loading=\"lazy\" decoding=\"async\" width=\"1024\" height=\"683\" src=\"https:\/\/marcali.plebania.hu\/wp-content\/uploads\/2020\/03\/20-1024x683.jpg\" alt=\"\" data-id=\"1706\" data-full-url=\"https:\/\/marcali.plebania.hu\/wp-content\/uploads\/2020\/03\/20-scaled.jpg\" data-link=\"https:\/\/marcali.plebania.hu\/?attachment_id=1706\" class=\"wp-image-1706\" srcset=\"https:\/\/marcali.plebania.hu\/wp-content\/uploads\/2020\/03\/20-1024x683.jpg 1024w, https:\/\/marcali.plebania.hu\/wp-content\/uploads\/2020\/03\/20-300x200.jpg 300w, https:\/\/marcali.plebania.hu\/wp-content\/uploads\/2020\/03\/20-768x512.jpg 768w, https:\/\/marcali.plebania.hu\/wp-content\/uploads\/2020\/03\/20-1536x1024.jpg 1536w, https:\/\/marcali.plebania.hu\/wp-content\/uploads\/2020\/03\/20-2048x1365.jpg 2048w, https:\/\/marcali.plebania.hu\/wp-content\/uploads\/2020\/03\/20-405x270.jpg 405w\" sizes=\"auto, (max-width: 1024px) 100vw, 1024px\" \/><\/figure><\/li><\/ul><\/figure>\n\n\n\n<p>Ezt k\u00f6vet\u0151en a V\u00e1rosi B\u00edr\u00f3s\u00e1g fal\u00e1n elhelyezett Noszlopy G\u00e1sp\u00e1r eml\u00e9kt\u00e1bl\u00e1n\u00e1l Huszti G\u00e1bor \u00e9s Szaka Zsolt mellett Kiss K\u00e1lm\u00e1n, a K\u00c9SZ Marcali Csoport titk\u00e1ra csatlakozott a koszor\u00fat elhelyez\u0151kh\u00f6z.<\/p>\n\n\n\n<p><\/p>\n","protected":false},"excerpt":{"rendered":"<p>A Kereszt\u00e9ny \u00c9rtelmis\u00e9giek Sz\u00f6vets\u00e9ge (K\u00c9SZ) Marcali Csoportja, valamint a Marcali \u00e9s K\u00f6rny\u00e9ke Hagyom\u00e1ny\u0151rz\u0151 Ipartest\u00fclet \u00e1ltal m\u00e1rcius 14-e est\u00e9j\u00e9re hirdetett f\u00e1kly\u00e1s felvonul\u00e1s a koronav\u00edrus-j\u00e1rv\u00e1ny miatt elmaradt. B\u00e1r az \u00fcnnep nem maradt el, csak a meghirdetett orsz\u00e1gos \u00e9s v\u00e1rosi megeml\u00e9kez\u00e9sek, de az\u00e9rt sz\u0171k keretek k\u00f6z\u00f6tt a koszor\u00faz\u00e1sokat megtartott\u00e1k. 2020. m\u00e1rcius 15-\u00e9n, vas\u00e1rnap a 9 \u00f3r\u00e1s szentmis\u00e9n, a pl\u00e9b\u00e1niatemplomban Kiss Iv\u00e1n c. pr\u00e9post, esperes-pl\u00e9b\u00e1nos a szertart\u00e1s r\u00e9szek\u00e9nt felolvasta Varga L\u00e1szl\u00f3 kaposv\u00e1ri megy\u00e9sp\u00fcsp\u00f6k intelmeit \u00e9s tan\u00e1csait a jelenlegi koronav\u00edrus helyzettel kapcsolatosan, majd a h\u00edvekkel&#8230;<\/p>\n<p class=\"read-more\"><a class=\"btn btn-default\" href=\"https:\/\/marcali.plebania.hu\/?p=1694\"> Read More<span class=\"screen-reader-text\">  Read More<\/span><\/a><\/p>\n","protected":false},"author":2,"featured_media":0,"comment_status":"closed","ping_status":"open","sticky":false,"template":"","format":"standard","meta":{"footnotes":""},"categories":[1],"tags":[],"class_list":["post-1694","post","type-post","status-publish","format-standard","hentry","category-egyeb"],"_links":{"self":[{"href":"https:\/\/marcali.plebania.hu\/index.php?rest_route=\/wp\/v2\/posts\/1694","targetHints":{"allow":["GET"]}}],"collection":[{"href":"https:\/\/marcali.plebania.hu\/index.php?rest_route=\/wp\/v2\/posts"}],"about":[{"href":"https:\/\/marcali.plebania.hu\/index.php?rest_route=\/wp\/v2\/types\/post"}],"author":[{"embeddable":true,"href":"https:\/\/marcali.plebania.hu\/index.php?rest_route=\/wp\/v2\/users\/2"}],"replies":[{"embeddable":true,"href":"https:\/\/marcali.plebania.hu\/index.php?rest_route=%2Fwp%2Fv2%2Fcomments&post=1694"}],"version-history":[{"count":1,"href":"https:\/\/marcali.plebania.hu\/index.php?rest_route=\/wp\/v2\/posts\/1694\/revisions"}],"predecessor-version":[{"id":1707,"href":"https:\/\/marcali.plebania.hu\/index.php?rest_route=\/wp\/v2\/posts\/1694\/revisions\/1707"}],"wp:attachment":[{"href":"https:\/\/marcali.plebania.hu\/index.php?rest_route=%2Fwp%2Fv2%2Fmedia&parent=1694"}],"wp:term":[{"taxonomy":"category","embeddable":true,"href":"https:\/\/marcali.plebania.hu\/index.php?rest_route=%2Fwp%2Fv2%2Fcategories&post=1694"},{"taxonomy":"post_tag","embeddable":true,"href":"https:\/\/marcali.plebania.hu\/index.php?rest_route=%2Fwp%2Fv2%2Ftags&post=1694"}],"curies":[{"name":"wp","href":"https:\/\/api.w.org\/{rel}","templated":true}]}}