{"id":1708,"date":"2020-03-17T10:31:31","date_gmt":"2020-03-17T10:31:31","guid":{"rendered":"https:\/\/marcali.plebania.hu\/?p=1708"},"modified":"2020-03-17T10:31:31","modified_gmt":"2020-03-17T10:31:31","slug":"az-mkpk-kozlemenye-marcius-22-tol-szunetel-a-templomi-liturgia-a-visszavonasig","status":"publish","type":"post","link":"https:\/\/marcali.plebania.hu\/?p=1708","title":{"rendered":"Az MKPK k\u00f6zlem\u00e9nye: m\u00e1rcius 22-t\u0151l sz\u00fcnetel a templomi liturgia a visszavon\u00e1sig!"},"content":{"rendered":"\n<p>A Magyar Katolikus P\u00fcsp\u00f6ki Konferencia a r\u00e1juk b\u00edzottak\u00e9rt \u00e9rzett felel\u0151ss\u00e9gt\u0151l vez\u00e9relve a koronav\u00edrus j\u00e1rv\u00e1ny Magyarorsz\u00e1gon val\u00f3 megjelen\u00e9se miatt meghirdetett vesz\u00e9lyhelyzetben, visszavon\u00e1sig a k\u00f6vetkez\u0151 rendelkez\u00e9st l\u00e9pteti \u00e9letbe:<\/p>\n\n\n\n<figure class=\"wp-block-image size-large\"><img loading=\"lazy\" decoding=\"async\" width=\"1024\" height=\"1024\" src=\"https:\/\/marcali.plebania.hu\/wp-content\/uploads\/2020\/03\/logo_conferentia_nagy-2190-1024x1024.jpg\" alt=\"\" class=\"wp-image-1709\" srcset=\"https:\/\/marcali.plebania.hu\/wp-content\/uploads\/2020\/03\/logo_conferentia_nagy-2190-1024x1024.jpg 1024w, https:\/\/marcali.plebania.hu\/wp-content\/uploads\/2020\/03\/logo_conferentia_nagy-2190-300x300.jpg 300w, https:\/\/marcali.plebania.hu\/wp-content\/uploads\/2020\/03\/logo_conferentia_nagy-2190-150x150.jpg 150w, https:\/\/marcali.plebania.hu\/wp-content\/uploads\/2020\/03\/logo_conferentia_nagy-2190-768x768.jpg 768w, https:\/\/marcali.plebania.hu\/wp-content\/uploads\/2020\/03\/logo_conferentia_nagy-2190-1536x1536.jpg 1536w, https:\/\/marcali.plebania.hu\/wp-content\/uploads\/2020\/03\/logo_conferentia_nagy-2190-270x270.jpg 270w, https:\/\/marcali.plebania.hu\/wp-content\/uploads\/2020\/03\/logo_conferentia_nagy-2190.jpg 1700w\" sizes=\"auto, (max-width: 1024px) 100vw, 1024px\" \/><\/figure>\n\n\n\n<p>A\ntemplomok mint a lelki felt\u00f6lt\u0151d\u00e9s \u00e9s im\u00e1ds\u00e1g helyei k\u00fcl\u00f6n\u00f6sen is fontosak,\nez\u00e9rt templomainkat nem z\u00e1rjuk be. M\u00e9gis felel\u0151sen \u00e9s k\u00f6r\u00fcltekint\u0151en kell\nelj\u00e1rni, ez\u00e9rt <strong>a nyilv\u00e1nos liturgia\n2020. m\u00e1rcius 22., Nagyb\u00f6jt 4. vas\u00e1rnapj\u00e1t\u00f3l a templomokban sz\u00fcnetel! <\/strong>Egyetlen\nkiv\u00e9tel a temet\u00e9s szertart\u00e1sa, amelyet egyszer\u0171 form\u00e1ban, r\u00f6viden kell\nmegtartani a temet\u0151ben.<\/p>\n\n\n\n<p>A\nj\u00e1rv\u00e1ny id\u0151szaka r\u00e1mutat t\u00f6r\u00e9kenys\u00e9g\u00fcnkre \u00e9s arra, hogy a saj\u00e1t \u00e9s m\u00e1sok\n\u00e9let\u00e9re vigy\u00e1znunk kell. Im\u00e1inkkal \u00e9s p\u00e9ld\u00e1nkkal er\u0151s\u00edts\u00fck a bizalmat Istenben\n\u00e9s egym\u00e1sban. Gyakoroljuk a nagylelk\u0171s\u00e9g er\u00e9ny\u00e9t, \u00e9s ebben a helyzetben\nk\u00fcl\u00f6n\u00f6sen is figyelj\u00fcnk egym\u00e1sra, f\u0151leg beteg \u00e9s id\u0151s embert\u00e1rsainkra. Id\u0151s\npaptestv\u00e9reinket tisztelettel k\u00e9rj\u00fck, hogy ebben a helyzetben k\u00fcl\u00f6n\u00f6sen\nvigy\u00e1zzanak eg\u00e9szs\u00e9g\u00fckre.<\/p>\n\n\n\n<p>Budapest,\n2020. m\u00e1rcius 17.<\/p>\n\n\n\n<p>a\nMagyar Katolikus P\u00fcsp\u00f6ki Konferencia<\/p>\n","protected":false},"excerpt":{"rendered":"<p>A Magyar Katolikus P\u00fcsp\u00f6ki Konferencia a r\u00e1juk b\u00edzottak\u00e9rt \u00e9rzett felel\u0151ss\u00e9gt\u0151l vez\u00e9relve a koronav\u00edrus j\u00e1rv\u00e1ny Magyarorsz\u00e1gon val\u00f3 megjelen\u00e9se miatt meghirdetett vesz\u00e9lyhelyzetben, visszavon\u00e1sig a k\u00f6vetkez\u0151 rendelkez\u00e9st l\u00e9pteti \u00e9letbe: A templomok mint a lelki felt\u00f6lt\u0151d\u00e9s \u00e9s im\u00e1ds\u00e1g helyei k\u00fcl\u00f6n\u00f6sen is fontosak, ez\u00e9rt templomainkat nem z\u00e1rjuk be. M\u00e9gis felel\u0151sen \u00e9s k\u00f6r\u00fcltekint\u0151en kell elj\u00e1rni, ez\u00e9rt a nyilv\u00e1nos liturgia 2020. m\u00e1rcius 22., Nagyb\u00f6jt 4. vas\u00e1rnapj\u00e1t\u00f3l a templomokban sz\u00fcnetel! Egyetlen kiv\u00e9tel a temet\u00e9s szertart\u00e1sa, amelyet egyszer\u0171 form\u00e1ban, r\u00f6viden kell megtartani a temet\u0151ben. A j\u00e1rv\u00e1ny id\u0151szaka r\u00e1mutat t\u00f6r\u00e9kenys\u00e9g\u00fcnkre&#8230;<\/p>\n<p class=\"read-more\"><a class=\"btn btn-default\" href=\"https:\/\/marcali.plebania.hu\/?p=1708\"> Read More<span class=\"screen-reader-text\">  Read More<\/span><\/a><\/p>\n","protected":false},"author":2,"featured_media":0,"comment_status":"closed","ping_status":"open","sticky":false,"template":"","format":"standard","meta":{"footnotes":""},"categories":[1],"tags":[],"class_list":["post-1708","post","type-post","status-publish","format-standard","hentry","category-egyeb"],"_links":{"self":[{"href":"https:\/\/marcali.plebania.hu\/index.php?rest_route=\/wp\/v2\/posts\/1708","targetHints":{"allow":["GET"]}}],"collection":[{"href":"https:\/\/marcali.plebania.hu\/index.php?rest_route=\/wp\/v2\/posts"}],"about":[{"href":"https:\/\/marcali.plebania.hu\/index.php?rest_route=\/wp\/v2\/types\/post"}],"author":[{"embeddable":true,"href":"https:\/\/marcali.plebania.hu\/index.php?rest_route=\/wp\/v2\/users\/2"}],"replies":[{"embeddable":true,"href":"https:\/\/marcali.plebania.hu\/index.php?rest_route=%2Fwp%2Fv2%2Fcomments&post=1708"}],"version-history":[{"count":1,"href":"https:\/\/marcali.plebania.hu\/index.php?rest_route=\/wp\/v2\/posts\/1708\/revisions"}],"predecessor-version":[{"id":1710,"href":"https:\/\/marcali.plebania.hu\/index.php?rest_route=\/wp\/v2\/posts\/1708\/revisions\/1710"}],"wp:attachment":[{"href":"https:\/\/marcali.plebania.hu\/index.php?rest_route=%2Fwp%2Fv2%2Fmedia&parent=1708"}],"wp:term":[{"taxonomy":"category","embeddable":true,"href":"https:\/\/marcali.plebania.hu\/index.php?rest_route=%2Fwp%2Fv2%2Fcategories&post=1708"},{"taxonomy":"post_tag","embeddable":true,"href":"https:\/\/marcali.plebania.hu\/index.php?rest_route=%2Fwp%2Fv2%2Ftags&post=1708"}],"curies":[{"name":"wp","href":"https:\/\/api.w.org\/{rel}","templated":true}]}}