{"id":1712,"date":"2020-03-20T09:29:47","date_gmt":"2020-03-20T09:29:47","guid":{"rendered":"https:\/\/marcali.plebania.hu\/?p=1712"},"modified":"2020-03-20T09:29:47","modified_gmt":"2020-03-20T09:29:47","slug":"hirdetesek-2020-03-22","status":"publish","type":"post","link":"https:\/\/marcali.plebania.hu\/?p=1712","title":{"rendered":"Hirdet\u00e9sek, 2020. 03. 22."},"content":{"rendered":"\n<ol class=\"wp-block-list\"><li>Ma van Nagyb\u00f6jt 4. vas\u00e1rnapja.<\/li><li>Az MKPK utas\u00edt\u00e1sa szerint a mai napt\u00f3l a templomokat\nugyan nem z\u00e1rjuk be, de a nyilv\u00e1nos istentiszteletek sz\u00fcnetelnek. Ez azt\njelenti, hogy sem h\u00e9tk\u00f6znap, sem vas\u00e1rnap nincsen nyilv\u00e1nos szentmise. A\nh\u00edveket a megy\u00e9sp\u00fcsp\u00f6k felmentette \u2013 a j\u00e1rv\u00e1ny v\u00e9g\u00e9ig \u2013 a vas\u00e1rnapi szentmise-l\u00e1togat\u00e1s\nk\u00f6telezetts\u00e9g\u00e9t\u0151l. A h\u00edvek a telev\u00edzi\u00f3n \u00e9s a r\u00e1di\u00f3n kereszt\u00fcl kacsol\u00f3djanak be\na liturgi\u00e1ba. Mivel a templomajt\u00f3 nyitva lesz a r\u00e1csig, ott lehet egy\u00e9ni\nim\u00e1ds\u00e1got \u00e9s szents\u00e9gim\u00e1d\u00e1st v\u00e9gezni. Azon k\u00edv\u00fcl buzd\u00edtjuk a h\u00edveket az otthoni\nim\u00e1ds\u00e1gra. Im\u00e1dkozzunk egy\u00fctt a j\u00e1rv\u00e1ny miel\u0151bbi megsz\u0171n\u00e9s\u00e9\u00e9rt.<\/li><li>A keresztel\u00e9sek \u00e9s esk\u00fcv\u0151k k\u00e9s\u0151bbi id\u0151pontban lesznek\nmegtartva.<\/li><li>A temet\u00e9sek a legr\u00f6videbb \u00e9s legegyszer\u0171bb form\u00e1ban\nzajlanak, temet\u00e9si szentmise n\u00e9lk\u00fcl. A temet\u00e9si szentmis\u00e9t egy k\u00e9s\u0151bbi\nid\u0151pontban v\u00e9gezz\u00fck el.<\/li><li>A pl\u00e9b\u00e1niai \u00fcgyf\u00e9lfogad\u00e1ssal kapcsolatban: csak a legsz\u00fcks\u00e9gesebb\n\u00fcgyben keress\u00e9k fel a pl\u00e9b\u00e1nia irod\u00e1j\u00e1t, azt is el\u0151zetes telefonos\negyeztet\u00e9ssel, h\u00edvj\u00e1k az: 510-223-as telefonsz\u00e1mot. A pl\u00e9b\u00e1ni\u00e1ra \u00fcgyet int\u00e9zni\ncsak egy szem\u00e9ly l\u00e9phet be az irod\u00e1ba.<\/li><li>A megy\u00e9sp\u00fcsp\u00f6k felhatalmaz\u00e1st adott az egyh\u00e1zmegye\npapjainak, hogy a j\u00e1rv\u00e1ny idej\u00e9n \u00e1ltal\u00e1nos feloldoz\u00e1st adjanak, a h\u00edvek\nind\u00edts\u00e1k fel a t\u00f6k\u00e9letes b\u00e1natot (a b\u00e1natim\u00e1val) \u00e9s a pap t\u00f6bbes sz\u00e1mban\nfeloldoz\u00e1st ad.<\/li><li>A k\u00f3rh\u00e1zi betegell\u00e1t\u00e1ssal kapcsolatban csak nagyon\ns\u00falyos esetben megy el a lelkip\u00e1sztor, a k\u00f3rh\u00e1zban el\u0151\u00edrt biztons\u00e1gi\nint\u00e9zked\u00e9sek betart\u00e1s\u00e1val.<\/li><\/ol>\n","protected":false},"excerpt":{"rendered":"<p>Ma van Nagyb\u00f6jt 4. vas\u00e1rnapja. Az MKPK utas\u00edt\u00e1sa szerint a mai napt\u00f3l a templomokat ugyan nem z\u00e1rjuk be, de a nyilv\u00e1nos istentiszteletek sz\u00fcnetelnek. Ez azt jelenti, hogy sem h\u00e9tk\u00f6znap, sem vas\u00e1rnap nincsen nyilv\u00e1nos szentmise. A h\u00edveket a megy\u00e9sp\u00fcsp\u00f6k felmentette \u2013 a j\u00e1rv\u00e1ny v\u00e9g\u00e9ig \u2013 a vas\u00e1rnapi szentmise-l\u00e1togat\u00e1s k\u00f6telezetts\u00e9g\u00e9t\u0151l. A h\u00edvek a telev\u00edzi\u00f3n \u00e9s a r\u00e1di\u00f3n kereszt\u00fcl kacsol\u00f3djanak be a liturgi\u00e1ba. Mivel a templomajt\u00f3 nyitva lesz a r\u00e1csig, ott lehet egy\u00e9ni im\u00e1ds\u00e1got \u00e9s szents\u00e9gim\u00e1d\u00e1st v\u00e9gezni. Azon k\u00edv\u00fcl buzd\u00edtjuk a h\u00edveket az&#8230;<\/p>\n<p class=\"read-more\"><a class=\"btn btn-default\" href=\"https:\/\/marcali.plebania.hu\/?p=1712\"> Read More<span class=\"screen-reader-text\">  Read More<\/span><\/a><\/p>\n","protected":false},"author":2,"featured_media":0,"comment_status":"closed","ping_status":"open","sticky":false,"template":"","format":"standard","meta":{"footnotes":""},"categories":[1],"tags":[],"class_list":["post-1712","post","type-post","status-publish","format-standard","hentry","category-egyeb"],"_links":{"self":[{"href":"https:\/\/marcali.plebania.hu\/index.php?rest_route=\/wp\/v2\/posts\/1712","targetHints":{"allow":["GET"]}}],"collection":[{"href":"https:\/\/marcali.plebania.hu\/index.php?rest_route=\/wp\/v2\/posts"}],"about":[{"href":"https:\/\/marcali.plebania.hu\/index.php?rest_route=\/wp\/v2\/types\/post"}],"author":[{"embeddable":true,"href":"https:\/\/marcali.plebania.hu\/index.php?rest_route=\/wp\/v2\/users\/2"}],"replies":[{"embeddable":true,"href":"https:\/\/marcali.plebania.hu\/index.php?rest_route=%2Fwp%2Fv2%2Fcomments&post=1712"}],"version-history":[{"count":1,"href":"https:\/\/marcali.plebania.hu\/index.php?rest_route=\/wp\/v2\/posts\/1712\/revisions"}],"predecessor-version":[{"id":1713,"href":"https:\/\/marcali.plebania.hu\/index.php?rest_route=\/wp\/v2\/posts\/1712\/revisions\/1713"}],"wp:attachment":[{"href":"https:\/\/marcali.plebania.hu\/index.php?rest_route=%2Fwp%2Fv2%2Fmedia&parent=1712"}],"wp:term":[{"taxonomy":"category","embeddable":true,"href":"https:\/\/marcali.plebania.hu\/index.php?rest_route=%2Fwp%2Fv2%2Fcategories&post=1712"},{"taxonomy":"post_tag","embeddable":true,"href":"https:\/\/marcali.plebania.hu\/index.php?rest_route=%2Fwp%2Fv2%2Ftags&post=1712"}],"curies":[{"name":"wp","href":"https:\/\/api.w.org\/{rel}","templated":true}]}}