{"id":1714,"date":"2020-03-27T09:37:42","date_gmt":"2020-03-27T09:37:42","guid":{"rendered":"https:\/\/marcali.plebania.hu\/?p=1714"},"modified":"2020-03-27T09:37:42","modified_gmt":"2020-03-27T09:37:42","slug":"hirdetesek-2020-03-29","status":"publish","type":"post","link":"https:\/\/marcali.plebania.hu\/?p=1714","title":{"rendered":"Hirdet\u00e9sek, 2020. 03. 29."},"content":{"rendered":"\n<ol class=\"wp-block-list\"><li>Ma\nNagyb\u00f6jt 5. vas\u00e1rnapja van.<\/li><li>K\u00f6zk\u00edv\u00e1natra\na Marcali Tavi Tv-n a vas\u00e1rnapi szentmis\u00e9k 9 \u00f3rakor l\u00e1that\u00f3k. A h\u00e9tk\u00f6zbeni ism\u00e9tl\u00e9sek\nid\u0151pontja nem v\u00e1ltozik.<\/li><li>Csatlakozzunk\nFerenc p\u00e1pa felh\u00edv\u00e1saihoz, aki k\u00f6z\u00f6s im\u00e1ds\u00e1gra h\u00edv benn\u00fcnket minden d\u00e9lben az\n\u00darangyala el\u0151tt egy Miaty\u00e1nkot is mondjunk el. A K\u00c9SZ felh\u00edv\u00e1s\u00e1ra est\u00e9nk\u00e9nt 20\n\u00f3rakor ugyancsak egy Miaty\u00e1nkot mondjunk el.<\/li><li>A\nkorm\u00e1ny rendelete \u00e9rtelm\u00e9ben a temet\u00e9seken csak a sz\u0171k csal\u00e1di k\u00f6r vehet r\u00e9szt.\nAz MKPK utas\u00edt\u00e1sa szerint a temet\u00e9sek egyszer\u0171ek \u00e9s r\u00f6videk legyenek.<\/li><li>A\npl\u00e9b\u00e1nia \u00fcgyf\u00e9lfogad\u00e1s is megv\u00e1ltozott, el\u0151zetes telefonegyeztet\u00e9sre h\u00edvj\u00e1k az\n510-233-at \u00e9s lehet\u0151leg egy szem\u00e9ly j\u00f6jj\u00f6n \u00fcgyet int\u00e9zni.<\/li><li>Mivel\nesk\u00fcv\u0151 \u00e9s keresztel\u00e9s nem lehets\u00e9ges, \u00edgy a jegyes-oktat\u00e1sok el\u0151re megegyezett\nid\u0151pontja sem megval\u00f3s\u00edthat\u00f3. A j\u00e1rv\u00e1ny megsz\u0171n\u00e9se ut\u00e1n \u00fajabb id\u0151pontot\nkeres\u00fcnk.<\/li><li>Minden\nnap a h\u00edvek r\u00e9szv\u00e9tele n\u00e9lk\u00fcl szentmis\u00e9t mutatok be a pl\u00e9b\u00e1ni\u00e1n d\u00e9lut\u00e1n 5\n\u00f3rakor, k\u00e9rem im\u00e1dkozzanak velem egy\u00fctt a j\u00e1rv\u00e1ny megsz\u0171n\u00e9s\u00e9\u00e9rt, a\nmegpr\u00f3b\u00e1ltat\u00e1sok elvisel\u00e9s\u00e9\u00e9rt.<\/li><li>A\nlelki \u00e1ldoz\u00e1s, mivel sok embernek hi\u00e1nyzik, hogy nem \u00e1ldozhat, ez\u00e9rt \u00e9lj\u00fcnk a\nlelki \u00e1ldoz\u00e1s lehet\u0151s\u00e9g\u00e9vel. Minden imak\u00f6nyvben megtal\u00e1lhat\u00f3 az ima, ami\nnaponk\u00e9nt elv\u00e9gezhet\u0151.<\/li><\/ol>\n","protected":false},"excerpt":{"rendered":"<p>Ma Nagyb\u00f6jt 5. vas\u00e1rnapja van. K\u00f6zk\u00edv\u00e1natra a Marcali Tavi Tv-n a vas\u00e1rnapi szentmis\u00e9k 9 \u00f3rakor l\u00e1that\u00f3k. A h\u00e9tk\u00f6zbeni ism\u00e9tl\u00e9sek id\u0151pontja nem v\u00e1ltozik. Csatlakozzunk Ferenc p\u00e1pa felh\u00edv\u00e1saihoz, aki k\u00f6z\u00f6s im\u00e1ds\u00e1gra h\u00edv benn\u00fcnket minden d\u00e9lben az \u00darangyala el\u0151tt egy Miaty\u00e1nkot is mondjunk el. A K\u00c9SZ felh\u00edv\u00e1s\u00e1ra est\u00e9nk\u00e9nt 20 \u00f3rakor ugyancsak egy Miaty\u00e1nkot mondjunk el. A korm\u00e1ny rendelete \u00e9rtelm\u00e9ben a temet\u00e9seken csak a sz\u0171k csal\u00e1di k\u00f6r vehet r\u00e9szt. Az MKPK utas\u00edt\u00e1sa szerint a temet\u00e9sek egyszer\u0171ek \u00e9s r\u00f6videk legyenek. A pl\u00e9b\u00e1nia \u00fcgyf\u00e9lfogad\u00e1s is megv\u00e1ltozott,&#8230;<\/p>\n<p class=\"read-more\"><a class=\"btn btn-default\" href=\"https:\/\/marcali.plebania.hu\/?p=1714\"> Read More<span class=\"screen-reader-text\">  Read More<\/span><\/a><\/p>\n","protected":false},"author":2,"featured_media":0,"comment_status":"closed","ping_status":"open","sticky":false,"template":"","format":"standard","meta":{"footnotes":""},"categories":[1],"tags":[],"class_list":["post-1714","post","type-post","status-publish","format-standard","hentry","category-egyeb"],"_links":{"self":[{"href":"https:\/\/marcali.plebania.hu\/index.php?rest_route=\/wp\/v2\/posts\/1714","targetHints":{"allow":["GET"]}}],"collection":[{"href":"https:\/\/marcali.plebania.hu\/index.php?rest_route=\/wp\/v2\/posts"}],"about":[{"href":"https:\/\/marcali.plebania.hu\/index.php?rest_route=\/wp\/v2\/types\/post"}],"author":[{"embeddable":true,"href":"https:\/\/marcali.plebania.hu\/index.php?rest_route=\/wp\/v2\/users\/2"}],"replies":[{"embeddable":true,"href":"https:\/\/marcali.plebania.hu\/index.php?rest_route=%2Fwp%2Fv2%2Fcomments&post=1714"}],"version-history":[{"count":1,"href":"https:\/\/marcali.plebania.hu\/index.php?rest_route=\/wp\/v2\/posts\/1714\/revisions"}],"predecessor-version":[{"id":1715,"href":"https:\/\/marcali.plebania.hu\/index.php?rest_route=\/wp\/v2\/posts\/1714\/revisions\/1715"}],"wp:attachment":[{"href":"https:\/\/marcali.plebania.hu\/index.php?rest_route=%2Fwp%2Fv2%2Fmedia&parent=1714"}],"wp:term":[{"taxonomy":"category","embeddable":true,"href":"https:\/\/marcali.plebania.hu\/index.php?rest_route=%2Fwp%2Fv2%2Fcategories&post=1714"},{"taxonomy":"post_tag","embeddable":true,"href":"https:\/\/marcali.plebania.hu\/index.php?rest_route=%2Fwp%2Fv2%2Ftags&post=1714"}],"curies":[{"name":"wp","href":"https:\/\/api.w.org\/{rel}","templated":true}]}}