{"id":1716,"date":"2020-03-27T10:46:55","date_gmt":"2020-03-27T10:46:55","guid":{"rendered":"https:\/\/marcali.plebania.hu\/?p=1716"},"modified":"2020-03-27T10:46:55","modified_gmt":"2020-03-27T10:46:55","slug":"maganszentmise-marcaliert-gyumolcsolto-boldogasszony-unnepen","status":"publish","type":"post","link":"https:\/\/marcali.plebania.hu\/?p=1716","title":{"rendered":"Mag\u00e1nszentmise Marcali\u00e9rt Gy\u00fcm\u00f6lcsolt\u00f3 Boldogasszony \u00fcnnep\u00e9n"},"content":{"rendered":"\n<p>2020. m\u00e1rcius 25-\u00e9n, Gy\u00fcm\u00f6lcsolt\u00f3 Boldogasszony \u00fcnnep\u00e9n Kiss Iv\u00e1n c. pr\u00e9post, esperes-pl\u00e9b\u00e1nos mag\u00e1n szentmis\u00e9t mutatott be a pl\u00e9b\u00e1niahivatal irod\u00e1j\u00e1ban.<\/p>\n\n\n\n<figure class=\"wp-block-image size-large\"><img loading=\"lazy\" decoding=\"async\" width=\"1024\" height=\"678\" src=\"https:\/\/marcali.plebania.hu\/wp-content\/uploads\/2020\/03\/mag\u00e1nmise-002.jpg\" alt=\"\" class=\"wp-image-1717\" srcset=\"https:\/\/marcali.plebania.hu\/wp-content\/uploads\/2020\/03\/mag\u00e1nmise-002.jpg 1024w, https:\/\/marcali.plebania.hu\/wp-content\/uploads\/2020\/03\/mag\u00e1nmise-002-300x199.jpg 300w, https:\/\/marcali.plebania.hu\/wp-content\/uploads\/2020\/03\/mag\u00e1nmise-002-768x509.jpg 768w, https:\/\/marcali.plebania.hu\/wp-content\/uploads\/2020\/03\/mag\u00e1nmise-002-408x270.jpg 408w\" sizes=\"auto, (max-width: 1024px) 100vw, 1024px\" \/><\/figure>\n\n\n\n<figure class=\"wp-block-gallery columns-3 is-cropped wp-block-gallery-1 is-layout-flex wp-block-gallery-is-layout-flex\"><ul class=\"blocks-gallery-grid\"><li class=\"blocks-gallery-item\"><figure><img loading=\"lazy\" decoding=\"async\" width=\"1024\" height=\"678\" src=\"https:\/\/marcali.plebania.hu\/wp-content\/uploads\/2020\/03\/mag\u00e1nmise-007.jpg\" alt=\"\" data-id=\"1718\" data-link=\"https:\/\/marcali.plebania.hu\/?attachment_id=1718\" class=\"wp-image-1718\" srcset=\"https:\/\/marcali.plebania.hu\/wp-content\/uploads\/2020\/03\/mag\u00e1nmise-007.jpg 1024w, https:\/\/marcali.plebania.hu\/wp-content\/uploads\/2020\/03\/mag\u00e1nmise-007-300x199.jpg 300w, https:\/\/marcali.plebania.hu\/wp-content\/uploads\/2020\/03\/mag\u00e1nmise-007-768x509.jpg 768w, https:\/\/marcali.plebania.hu\/wp-content\/uploads\/2020\/03\/mag\u00e1nmise-007-408x270.jpg 408w\" sizes=\"auto, (max-width: 1024px) 100vw, 1024px\" \/><\/figure><\/li><li class=\"blocks-gallery-item\"><figure><img loading=\"lazy\" decoding=\"async\" width=\"1024\" height=\"678\" src=\"https:\/\/marcali.plebania.hu\/wp-content\/uploads\/2020\/03\/mag\u00e1nmise-010.jpg\" alt=\"\" data-id=\"1719\" data-link=\"https:\/\/marcali.plebania.hu\/?attachment_id=1719\" class=\"wp-image-1719\" srcset=\"https:\/\/marcali.plebania.hu\/wp-content\/uploads\/2020\/03\/mag\u00e1nmise-010.jpg 1024w, https:\/\/marcali.plebania.hu\/wp-content\/uploads\/2020\/03\/mag\u00e1nmise-010-300x199.jpg 300w, https:\/\/marcali.plebania.hu\/wp-content\/uploads\/2020\/03\/mag\u00e1nmise-010-768x509.jpg 768w, https:\/\/marcali.plebania.hu\/wp-content\/uploads\/2020\/03\/mag\u00e1nmise-010-408x270.jpg 408w\" sizes=\"auto, (max-width: 1024px) 100vw, 1024px\" \/><\/figure><\/li><li class=\"blocks-gallery-item\"><figure><img loading=\"lazy\" decoding=\"async\" width=\"1024\" height=\"678\" src=\"https:\/\/marcali.plebania.hu\/wp-content\/uploads\/2020\/03\/mag\u00e1nmise-011.jpg\" alt=\"\" data-id=\"1720\" data-link=\"https:\/\/marcali.plebania.hu\/?attachment_id=1720\" class=\"wp-image-1720\" srcset=\"https:\/\/marcali.plebania.hu\/wp-content\/uploads\/2020\/03\/mag\u00e1nmise-011.jpg 1024w, https:\/\/marcali.plebania.hu\/wp-content\/uploads\/2020\/03\/mag\u00e1nmise-011-300x199.jpg 300w, https:\/\/marcali.plebania.hu\/wp-content\/uploads\/2020\/03\/mag\u00e1nmise-011-768x509.jpg 768w, https:\/\/marcali.plebania.hu\/wp-content\/uploads\/2020\/03\/mag\u00e1nmise-011-408x270.jpg 408w\" sizes=\"auto, (max-width: 1024px) 100vw, 1024px\" \/><\/figure><\/li><li class=\"blocks-gallery-item\"><figure><img loading=\"lazy\" decoding=\"async\" width=\"1024\" height=\"678\" src=\"https:\/\/marcali.plebania.hu\/wp-content\/uploads\/2020\/03\/mag\u00e1nmise-012.jpg\" alt=\"\" data-id=\"1721\" data-full-url=\"https:\/\/marcali.plebania.hu\/wp-content\/uploads\/2020\/03\/mag\u00e1nmise-012.jpg\" data-link=\"https:\/\/marcali.plebania.hu\/?attachment_id=1721\" class=\"wp-image-1721\" srcset=\"https:\/\/marcali.plebania.hu\/wp-content\/uploads\/2020\/03\/mag\u00e1nmise-012.jpg 1024w, https:\/\/marcali.plebania.hu\/wp-content\/uploads\/2020\/03\/mag\u00e1nmise-012-300x199.jpg 300w, https:\/\/marcali.plebania.hu\/wp-content\/uploads\/2020\/03\/mag\u00e1nmise-012-768x509.jpg 768w, https:\/\/marcali.plebania.hu\/wp-content\/uploads\/2020\/03\/mag\u00e1nmise-012-408x270.jpg 408w\" sizes=\"auto, (max-width: 1024px) 100vw, 1024px\" \/><\/figure><\/li><\/ul><\/figure>\n\n\n\n<p>Mivel nyilv\u00e1nos liturgi\u00e1t nem lehet celebr\u00e1lni a templomban, ez\u00e9rt v\u00e1lasztotta ezt a m\u00f3dj\u00e1t az istentiszteletnek. Iv\u00e1n atya a saj\u00e1t h\u00edvei\u00e9rt, Marcali\u00e9rt mutatta be a szentmise \u00e1ldozatot a megpr\u00f3b\u00e1ltat\u00e1sok idej\u00e9n, a saj\u00e1t irod\u00e1j\u00e1ban.<\/p>\n\n\n\n<figure class=\"wp-block-gallery columns-3 is-cropped wp-block-gallery-2 is-layout-flex wp-block-gallery-is-layout-flex\"><ul class=\"blocks-gallery-grid\"><li class=\"blocks-gallery-item\"><figure><img loading=\"lazy\" decoding=\"async\" width=\"1024\" height=\"678\" src=\"https:\/\/marcali.plebania.hu\/wp-content\/uploads\/2020\/03\/mag\u00e1nmise-014.jpg\" alt=\"\" data-id=\"1722\" data-full-url=\"https:\/\/marcali.plebania.hu\/wp-content\/uploads\/2020\/03\/mag\u00e1nmise-014.jpg\" data-link=\"https:\/\/marcali.plebania.hu\/?attachment_id=1722\" class=\"wp-image-1722\" srcset=\"https:\/\/marcali.plebania.hu\/wp-content\/uploads\/2020\/03\/mag\u00e1nmise-014.jpg 1024w, https:\/\/marcali.plebania.hu\/wp-content\/uploads\/2020\/03\/mag\u00e1nmise-014-300x199.jpg 300w, https:\/\/marcali.plebania.hu\/wp-content\/uploads\/2020\/03\/mag\u00e1nmise-014-768x509.jpg 768w, https:\/\/marcali.plebania.hu\/wp-content\/uploads\/2020\/03\/mag\u00e1nmise-014-408x270.jpg 408w\" sizes=\"auto, (max-width: 1024px) 100vw, 1024px\" \/><\/figure><\/li><li class=\"blocks-gallery-item\"><figure><img loading=\"lazy\" decoding=\"async\" width=\"1024\" height=\"678\" src=\"https:\/\/marcali.plebania.hu\/wp-content\/uploads\/2020\/03\/mag\u00e1nmise-015.jpg\" alt=\"\" data-id=\"1723\" data-full-url=\"https:\/\/marcali.plebania.hu\/wp-content\/uploads\/2020\/03\/mag\u00e1nmise-015.jpg\" data-link=\"https:\/\/marcali.plebania.hu\/?attachment_id=1723\" class=\"wp-image-1723\" srcset=\"https:\/\/marcali.plebania.hu\/wp-content\/uploads\/2020\/03\/mag\u00e1nmise-015.jpg 1024w, https:\/\/marcali.plebania.hu\/wp-content\/uploads\/2020\/03\/mag\u00e1nmise-015-300x199.jpg 300w, https:\/\/marcali.plebania.hu\/wp-content\/uploads\/2020\/03\/mag\u00e1nmise-015-768x509.jpg 768w, https:\/\/marcali.plebania.hu\/wp-content\/uploads\/2020\/03\/mag\u00e1nmise-015-408x270.jpg 408w\" sizes=\"auto, (max-width: 1024px) 100vw, 1024px\" \/><\/figure><\/li><li class=\"blocks-gallery-item\"><figure><img loading=\"lazy\" decoding=\"async\" width=\"1024\" height=\"678\" src=\"https:\/\/marcali.plebania.hu\/wp-content\/uploads\/2020\/03\/mag\u00e1nmise-017.jpg\" alt=\"\" data-id=\"1724\" data-full-url=\"https:\/\/marcali.plebania.hu\/wp-content\/uploads\/2020\/03\/mag\u00e1nmise-017.jpg\" data-link=\"https:\/\/marcali.plebania.hu\/?attachment_id=1724\" class=\"wp-image-1724\" srcset=\"https:\/\/marcali.plebania.hu\/wp-content\/uploads\/2020\/03\/mag\u00e1nmise-017.jpg 1024w, https:\/\/marcali.plebania.hu\/wp-content\/uploads\/2020\/03\/mag\u00e1nmise-017-300x199.jpg 300w, https:\/\/marcali.plebania.hu\/wp-content\/uploads\/2020\/03\/mag\u00e1nmise-017-768x509.jpg 768w, https:\/\/marcali.plebania.hu\/wp-content\/uploads\/2020\/03\/mag\u00e1nmise-017-408x270.jpg 408w\" sizes=\"auto, (max-width: 1024px) 100vw, 1024px\" \/><\/figure><\/li><li class=\"blocks-gallery-item\"><figure><img loading=\"lazy\" decoding=\"async\" width=\"1024\" height=\"678\" src=\"https:\/\/marcali.plebania.hu\/wp-content\/uploads\/2020\/03\/mag\u00e1nmise-020.jpg\" alt=\"\" data-id=\"1725\" data-full-url=\"https:\/\/marcali.plebania.hu\/wp-content\/uploads\/2020\/03\/mag\u00e1nmise-020.jpg\" data-link=\"https:\/\/marcali.plebania.hu\/?attachment_id=1725\" class=\"wp-image-1725\" srcset=\"https:\/\/marcali.plebania.hu\/wp-content\/uploads\/2020\/03\/mag\u00e1nmise-020.jpg 1024w, https:\/\/marcali.plebania.hu\/wp-content\/uploads\/2020\/03\/mag\u00e1nmise-020-300x199.jpg 300w, https:\/\/marcali.plebania.hu\/wp-content\/uploads\/2020\/03\/mag\u00e1nmise-020-768x509.jpg 768w, https:\/\/marcali.plebania.hu\/wp-content\/uploads\/2020\/03\/mag\u00e1nmise-020-408x270.jpg 408w\" sizes=\"auto, (max-width: 1024px) 100vw, 1024px\" \/><\/figure><\/li><\/ul><\/figure>\n\n\n\n<p>Ezen k\u00edv\u00fcl minden nap im\u00e1dkozik \u00e9s szentmis\u00e9t mutat be az eg\u00e9sz v\u00e1ros\u00e9rt, az eg\u00e9szs\u00e9g\u00fcgyben dolgoz\u00f3k\u00e9rt \u00e9s nem csak a h\u00edvei\u00e9rt, s sz\u00fcntelen\u00fcl k\u00e9ri a Sz\u0171z Anya \u00e9s a Szenth\u00e1roms\u00e1gos Egy Isten k\u00f6zbenj\u00e1r\u00e1st, hogy miel\u0151bb elm\u00faljon a koronav\u00edrus-j\u00e1rv\u00e1ny. Varga L\u00e1szl\u00f3 megy\u00e9sp\u00fcsp\u00f6k felh\u00edv\u00e1s\u00e1hoz \u00e9s papt\u00e1rsaihoz csatlakozva mindenkit arra k\u00e9r, hogy a lehet\u0151s\u00e9geikhez m\u00e9rten kapcsol\u00f3djanak be az im\u00e1ds\u00e1gokba ezekben a rendk\u00edv\u00fcli id\u0151kben.<\/p>\n\n\n\n<figure class=\"wp-block-gallery columns-1 is-cropped wp-block-gallery-3 is-layout-flex wp-block-gallery-is-layout-flex\"><ul class=\"blocks-gallery-grid\"><li class=\"blocks-gallery-item\"><figure><img loading=\"lazy\" decoding=\"async\" width=\"508\" height=\"768\" src=\"https:\/\/marcali.plebania.hu\/wp-content\/uploads\/2020\/03\/mag\u00e1nmise-013.jpg\" alt=\"\" data-id=\"1726\" data-full-url=\"https:\/\/marcali.plebania.hu\/wp-content\/uploads\/2020\/03\/mag\u00e1nmise-013.jpg\" data-link=\"https:\/\/marcali.plebania.hu\/?attachment_id=1726\" class=\"wp-image-1726\" srcset=\"https:\/\/marcali.plebania.hu\/wp-content\/uploads\/2020\/03\/mag\u00e1nmise-013.jpg 508w, https:\/\/marcali.plebania.hu\/wp-content\/uploads\/2020\/03\/mag\u00e1nmise-013-198x300.jpg 198w, https:\/\/marcali.plebania.hu\/wp-content\/uploads\/2020\/03\/mag\u00e1nmise-013-179x270.jpg 179w\" sizes=\"auto, (max-width: 508px) 100vw, 508px\" \/><\/figure><\/li><\/ul><\/figure>\n","protected":false},"excerpt":{"rendered":"<p>2020. m\u00e1rcius 25-\u00e9n, Gy\u00fcm\u00f6lcsolt\u00f3 Boldogasszony \u00fcnnep\u00e9n Kiss Iv\u00e1n c. pr\u00e9post, esperes-pl\u00e9b\u00e1nos mag\u00e1n szentmis\u00e9t mutatott be a pl\u00e9b\u00e1niahivatal irod\u00e1j\u00e1ban. Mivel nyilv\u00e1nos liturgi\u00e1t nem lehet celebr\u00e1lni a templomban, ez\u00e9rt v\u00e1lasztotta ezt a m\u00f3dj\u00e1t az istentiszteletnek. Iv\u00e1n atya a saj\u00e1t h\u00edvei\u00e9rt, Marcali\u00e9rt mutatta be a szentmise \u00e1ldozatot a megpr\u00f3b\u00e1ltat\u00e1sok idej\u00e9n, a saj\u00e1t irod\u00e1j\u00e1ban. Ezen k\u00edv\u00fcl minden nap im\u00e1dkozik \u00e9s szentmis\u00e9t mutat be az eg\u00e9sz v\u00e1ros\u00e9rt, az eg\u00e9szs\u00e9g\u00fcgyben dolgoz\u00f3k\u00e9rt \u00e9s nem csak a h\u00edvei\u00e9rt, s sz\u00fcntelen\u00fcl k\u00e9ri a Sz\u0171z Anya \u00e9s a Szenth\u00e1roms\u00e1gos Egy&#8230;<\/p>\n<p class=\"read-more\"><a class=\"btn btn-default\" href=\"https:\/\/marcali.plebania.hu\/?p=1716\"> Read More<span class=\"screen-reader-text\">  Read More<\/span><\/a><\/p>\n","protected":false},"author":2,"featured_media":0,"comment_status":"closed","ping_status":"open","sticky":false,"template":"","format":"standard","meta":{"footnotes":""},"categories":[1],"tags":[],"class_list":["post-1716","post","type-post","status-publish","format-standard","hentry","category-egyeb"],"_links":{"self":[{"href":"https:\/\/marcali.plebania.hu\/index.php?rest_route=\/wp\/v2\/posts\/1716","targetHints":{"allow":["GET"]}}],"collection":[{"href":"https:\/\/marcali.plebania.hu\/index.php?rest_route=\/wp\/v2\/posts"}],"about":[{"href":"https:\/\/marcali.plebania.hu\/index.php?rest_route=\/wp\/v2\/types\/post"}],"author":[{"embeddable":true,"href":"https:\/\/marcali.plebania.hu\/index.php?rest_route=\/wp\/v2\/users\/2"}],"replies":[{"embeddable":true,"href":"https:\/\/marcali.plebania.hu\/index.php?rest_route=%2Fwp%2Fv2%2Fcomments&post=1716"}],"version-history":[{"count":1,"href":"https:\/\/marcali.plebania.hu\/index.php?rest_route=\/wp\/v2\/posts\/1716\/revisions"}],"predecessor-version":[{"id":1727,"href":"https:\/\/marcali.plebania.hu\/index.php?rest_route=\/wp\/v2\/posts\/1716\/revisions\/1727"}],"wp:attachment":[{"href":"https:\/\/marcali.plebania.hu\/index.php?rest_route=%2Fwp%2Fv2%2Fmedia&parent=1716"}],"wp:term":[{"taxonomy":"category","embeddable":true,"href":"https:\/\/marcali.plebania.hu\/index.php?rest_route=%2Fwp%2Fv2%2Fcategories&post=1716"},{"taxonomy":"post_tag","embeddable":true,"href":"https:\/\/marcali.plebania.hu\/index.php?rest_route=%2Fwp%2Fv2%2Ftags&post=1716"}],"curies":[{"name":"wp","href":"https:\/\/api.w.org\/{rel}","templated":true}]}}