{"id":1729,"date":"2020-04-03T09:03:22","date_gmt":"2020-04-03T09:03:22","guid":{"rendered":"https:\/\/marcali.plebania.hu\/?p=1729"},"modified":"2020-04-03T09:03:22","modified_gmt":"2020-04-03T09:03:22","slug":"hirdetesek-2020-04-05","status":"publish","type":"post","link":"https:\/\/marcali.plebania.hu\/?p=1729","title":{"rendered":"Hirdet\u00e9sek, 2020. 04. 05."},"content":{"rendered":"\n<ol class=\"wp-block-list\"><li>Ma Vir\u00e1gvas\u00e1rnap van, a Nagyh\u00e9t kezdete.<\/li><li>A Nagyh\u00e9ten pr\u00f3b\u00e1ljunk a mai k\u00f6r\u00fclm\u00e9nyek miatt a m\u00e9di\u00e1kon kereszt\u00fcl bekapcsol\u00f3dni a nagyb\u00f6jti liturgi\u00e1ba. Mivel a t\u00f6megt\u00e1j\u00e9koztat\u00e1si eszk\u00f6z\u00f6k el\u00e9g sok szertart\u00e1st \u00e9s szentmis\u00e9t k\u00f6zvet\u00edtenek, pr\u00f3b\u00e1ljunk ezen alkalmakkor im\u00e1ds\u00e1ggal bekapcsol\u00f3dni a k\u00f6zvet\u00edt\u00e9sekbe.<\/li><li>Marcalib\u00f3l a Tavi Tv k\u00f6zvet\u00edti a vir\u00e1gvas\u00e1rnapi szentmis\u00e9t \u00e9s a H\u00fasv\u00e9t vas\u00e1rnap d\u00e9lel\u0151tti szentmis\u00e9t, a szokott id\u0151ben 9 \u00f3rakor.<\/li><li>Az \u00fcres pl\u00e9b\u00e1niatemplomban a pl\u00e9b\u00e1nos a n\u00e9p r\u00e9szv\u00e9tele n\u00e9lk\u00fcl elv\u00e9gzi a nagycs\u00fct\u00f6rt\u00f6ki, nagyp\u00e9nteki \u00e9s nagyszombati h\u00fasv\u00e9ti vig\u00edlia szertart\u00e1s\u00e1t, egyp\u00e1r k\u00f6zrem\u0171k\u00f6d\u0151 seg\u00edts\u00e9g\u00e9vel.<\/li><li>A h\u00fasv\u00e9ti \u00e9teleket a pl\u00e9b\u00e1nos a 9 \u00f3rakor kezd\u0151d\u0151 h\u00fasv\u00e9t vas\u00e1rnapi szentmise ut\u00e1n \u00e1ldja meg. K\u00e9rj\u00fck, hogy ablakukba rakj\u00e1k ki a h\u00fasv\u00e9ti \u00e9teleket.<\/li><li>Csatlakozzunk Ferenc p\u00e1pa felh\u00edv\u00e1saihoz, aki k\u00f6z\u00f6s im\u00e1ds\u00e1gra h\u00edv benn\u00fcnket minden d\u00e9lben az \u00darangyala el\u0151tt egy Miaty\u00e1nkot is mondjunk el. A K\u00c9SZ felh\u00edv\u00e1s\u00e1ra est\u00e9nk\u00e9nt 20 \u00f3rakor ugyancsak egy Miaty\u00e1nkot mondjunk el.<\/li><li>A pl\u00e9b\u00e1nia \u00fcgyf\u00e9lfogad\u00e1s is megv\u00e1ltozott, el\u0151zetes telefonegyeztet\u00e9sre h\u00edvj\u00e1k az 510-233-at \u00e9s lehet\u0151leg egy szem\u00e9ly j\u00f6jj\u00f6n \u00fcgyet int\u00e9zni.<\/li><li>Az \u00daj Ember \u00fajs\u00e1got nem mindig k\u00e9zbes\u00edti a Magyar Posta, akihez lehet, eljuttatjuk. Az interneten is let\u00f6lthet\u0151.<\/li><\/ol>\n","protected":false},"excerpt":{"rendered":"<p>Ma Vir\u00e1gvas\u00e1rnap van, a Nagyh\u00e9t kezdete. A Nagyh\u00e9ten pr\u00f3b\u00e1ljunk a mai k\u00f6r\u00fclm\u00e9nyek miatt a m\u00e9di\u00e1kon kereszt\u00fcl bekapcsol\u00f3dni a nagyb\u00f6jti liturgi\u00e1ba. Mivel a t\u00f6megt\u00e1j\u00e9koztat\u00e1si eszk\u00f6z\u00f6k el\u00e9g sok szertart\u00e1st \u00e9s szentmis\u00e9t k\u00f6zvet\u00edtenek, pr\u00f3b\u00e1ljunk ezen alkalmakkor im\u00e1ds\u00e1ggal bekapcsol\u00f3dni a k\u00f6zvet\u00edt\u00e9sekbe. Marcalib\u00f3l a Tavi Tv k\u00f6zvet\u00edti a vir\u00e1gvas\u00e1rnapi szentmis\u00e9t \u00e9s a H\u00fasv\u00e9t vas\u00e1rnap d\u00e9lel\u0151tti szentmis\u00e9t, a szokott id\u0151ben 9 \u00f3rakor. Az \u00fcres pl\u00e9b\u00e1niatemplomban a pl\u00e9b\u00e1nos a n\u00e9p r\u00e9szv\u00e9tele n\u00e9lk\u00fcl elv\u00e9gzi a nagycs\u00fct\u00f6rt\u00f6ki, nagyp\u00e9nteki \u00e9s nagyszombati h\u00fasv\u00e9ti vig\u00edlia szertart\u00e1s\u00e1t, egyp\u00e1r k\u00f6zrem\u0171k\u00f6d\u0151 seg\u00edts\u00e9g\u00e9vel. A h\u00fasv\u00e9ti \u00e9teleket&#8230;<\/p>\n<p class=\"read-more\"><a class=\"btn btn-default\" href=\"https:\/\/marcali.plebania.hu\/?p=1729\"> Read More<span class=\"screen-reader-text\">  Read More<\/span><\/a><\/p>\n","protected":false},"author":2,"featured_media":0,"comment_status":"closed","ping_status":"open","sticky":false,"template":"","format":"standard","meta":{"footnotes":""},"categories":[1],"tags":[],"class_list":["post-1729","post","type-post","status-publish","format-standard","hentry","category-egyeb"],"_links":{"self":[{"href":"https:\/\/marcali.plebania.hu\/index.php?rest_route=\/wp\/v2\/posts\/1729","targetHints":{"allow":["GET"]}}],"collection":[{"href":"https:\/\/marcali.plebania.hu\/index.php?rest_route=\/wp\/v2\/posts"}],"about":[{"href":"https:\/\/marcali.plebania.hu\/index.php?rest_route=\/wp\/v2\/types\/post"}],"author":[{"embeddable":true,"href":"https:\/\/marcali.plebania.hu\/index.php?rest_route=\/wp\/v2\/users\/2"}],"replies":[{"embeddable":true,"href":"https:\/\/marcali.plebania.hu\/index.php?rest_route=%2Fwp%2Fv2%2Fcomments&post=1729"}],"version-history":[{"count":1,"href":"https:\/\/marcali.plebania.hu\/index.php?rest_route=\/wp\/v2\/posts\/1729\/revisions"}],"predecessor-version":[{"id":1730,"href":"https:\/\/marcali.plebania.hu\/index.php?rest_route=\/wp\/v2\/posts\/1729\/revisions\/1730"}],"wp:attachment":[{"href":"https:\/\/marcali.plebania.hu\/index.php?rest_route=%2Fwp%2Fv2%2Fmedia&parent=1729"}],"wp:term":[{"taxonomy":"category","embeddable":true,"href":"https:\/\/marcali.plebania.hu\/index.php?rest_route=%2Fwp%2Fv2%2Fcategories&post=1729"},{"taxonomy":"post_tag","embeddable":true,"href":"https:\/\/marcali.plebania.hu\/index.php?rest_route=%2Fwp%2Fv2%2Ftags&post=1729"}],"curies":[{"name":"wp","href":"https:\/\/api.w.org\/{rel}","templated":true}]}}