{"id":1731,"date":"2020-04-06T07:27:37","date_gmt":"2020-04-06T07:27:37","guid":{"rendered":"https:\/\/marcali.plebania.hu\/?p=1731"},"modified":"2020-04-06T07:39:21","modified_gmt":"2020-04-06T07:39:21","slug":"viragvasarnap-barkaszenteles-ures-templom-koronavirus-idejen","status":"publish","type":"post","link":"https:\/\/marcali.plebania.hu\/?p=1731","title":{"rendered":"Vir\u00e1gvas\u00e1rnap, barkaszentel\u00e9s, \u00fcres templom \u2013 koronav\u00edrus idej\u00e9n"},"content":{"rendered":"\n<p>2020. \u00e1prilis 5. Vir\u00e1gvas\u00e1rnap \u2013 orsz\u00e1gszerte \u00fcres templomok, barkaszentel\u00e9s, passi\u00f3. A koronav\u00edrus j\u00e1rv\u00e1ny miatt a Gy\u00fcm\u00f6lcsolt\u00f3 Boldogasszony pl\u00e9b\u00e1niatemplomban is Kiss Iv\u00e1n c. pr\u00e9post, esperes-pl\u00e9b\u00e1nos csak egyed\u00fcl, a h\u00edvek r\u00e9szv\u00e9tele n\u00e9lk\u00fcl \u2013 mind\u00f6ssze n\u00e9h\u00e1ny k\u00f6zrem\u0171k\u00f6d\u0151 seg\u00edts\u00e9g\u00e9vel \u2013 celebr\u00e1lt \u00fcnnepi szentmis\u00e9t.<\/p>\n\n\n\n<figure class=\"wp-block-gallery columns-3 is-cropped wp-block-gallery-1 is-layout-flex wp-block-gallery-is-layout-flex\"><ul class=\"blocks-gallery-grid\"><li class=\"blocks-gallery-item\"><figure><img loading=\"lazy\" decoding=\"async\" width=\"1024\" height=\"683\" src=\"https:\/\/marcali.plebania.hu\/wp-content\/uploads\/2020\/04\/02-1024x683.jpg\" alt=\"\" data-id=\"1732\" data-full-url=\"https:\/\/marcali.plebania.hu\/wp-content\/uploads\/2020\/04\/02-scaled.jpg\" data-link=\"https:\/\/marcali.plebania.hu\/?attachment_id=1732\" class=\"wp-image-1732\" srcset=\"https:\/\/marcali.plebania.hu\/wp-content\/uploads\/2020\/04\/02-1024x683.jpg 1024w, https:\/\/marcali.plebania.hu\/wp-content\/uploads\/2020\/04\/02-300x200.jpg 300w, https:\/\/marcali.plebania.hu\/wp-content\/uploads\/2020\/04\/02-768x512.jpg 768w, https:\/\/marcali.plebania.hu\/wp-content\/uploads\/2020\/04\/02-1536x1024.jpg 1536w, https:\/\/marcali.plebania.hu\/wp-content\/uploads\/2020\/04\/02-2048x1365.jpg 2048w, https:\/\/marcali.plebania.hu\/wp-content\/uploads\/2020\/04\/02-405x270.jpg 405w\" sizes=\"auto, (max-width: 1024px) 100vw, 1024px\" \/><\/figure><\/li><li class=\"blocks-gallery-item\"><figure><img loading=\"lazy\" decoding=\"async\" width=\"1024\" height=\"683\" src=\"https:\/\/marcali.plebania.hu\/wp-content\/uploads\/2020\/04\/03-1024x683.jpg\" alt=\"\" data-id=\"1733\" data-full-url=\"https:\/\/marcali.plebania.hu\/wp-content\/uploads\/2020\/04\/03-scaled.jpg\" data-link=\"https:\/\/marcali.plebania.hu\/?attachment_id=1733\" class=\"wp-image-1733\" srcset=\"https:\/\/marcali.plebania.hu\/wp-content\/uploads\/2020\/04\/03-1024x683.jpg 1024w, https:\/\/marcali.plebania.hu\/wp-content\/uploads\/2020\/04\/03-300x200.jpg 300w, https:\/\/marcali.plebania.hu\/wp-content\/uploads\/2020\/04\/03-768x512.jpg 768w, https:\/\/marcali.plebania.hu\/wp-content\/uploads\/2020\/04\/03-1536x1024.jpg 1536w, https:\/\/marcali.plebania.hu\/wp-content\/uploads\/2020\/04\/03-2048x1365.jpg 2048w, https:\/\/marcali.plebania.hu\/wp-content\/uploads\/2020\/04\/03-405x270.jpg 405w\" sizes=\"auto, (max-width: 1024px) 100vw, 1024px\" \/><\/figure><\/li><li class=\"blocks-gallery-item\"><figure><img loading=\"lazy\" decoding=\"async\" width=\"1024\" height=\"683\" src=\"https:\/\/marcali.plebania.hu\/wp-content\/uploads\/2020\/04\/04-1024x683.jpg\" alt=\"\" data-id=\"1734\" data-full-url=\"https:\/\/marcali.plebania.hu\/wp-content\/uploads\/2020\/04\/04-scaled.jpg\" data-link=\"https:\/\/marcali.plebania.hu\/?attachment_id=1734\" class=\"wp-image-1734\" srcset=\"https:\/\/marcali.plebania.hu\/wp-content\/uploads\/2020\/04\/04-1024x683.jpg 1024w, https:\/\/marcali.plebania.hu\/wp-content\/uploads\/2020\/04\/04-300x200.jpg 300w, https:\/\/marcali.plebania.hu\/wp-content\/uploads\/2020\/04\/04-768x512.jpg 768w, https:\/\/marcali.plebania.hu\/wp-content\/uploads\/2020\/04\/04-1536x1024.jpg 1536w, https:\/\/marcali.plebania.hu\/wp-content\/uploads\/2020\/04\/04-2048x1365.jpg 2048w, https:\/\/marcali.plebania.hu\/wp-content\/uploads\/2020\/04\/04-405x270.jpg 405w\" sizes=\"auto, (max-width: 1024px) 100vw, 1024px\" \/><\/figure><\/li><li class=\"blocks-gallery-item\"><figure><img loading=\"lazy\" decoding=\"async\" width=\"1024\" height=\"683\" src=\"https:\/\/marcali.plebania.hu\/wp-content\/uploads\/2020\/04\/05-1024x683.jpg\" alt=\"\" data-id=\"1735\" data-full-url=\"https:\/\/marcali.plebania.hu\/wp-content\/uploads\/2020\/04\/05-scaled.jpg\" data-link=\"https:\/\/marcali.plebania.hu\/?attachment_id=1735\" class=\"wp-image-1735\" srcset=\"https:\/\/marcali.plebania.hu\/wp-content\/uploads\/2020\/04\/05-1024x683.jpg 1024w, https:\/\/marcali.plebania.hu\/wp-content\/uploads\/2020\/04\/05-300x200.jpg 300w, https:\/\/marcali.plebania.hu\/wp-content\/uploads\/2020\/04\/05-768x512.jpg 768w, https:\/\/marcali.plebania.hu\/wp-content\/uploads\/2020\/04\/05-1536x1024.jpg 1536w, https:\/\/marcali.plebania.hu\/wp-content\/uploads\/2020\/04\/05-2048x1365.jpg 2048w, https:\/\/marcali.plebania.hu\/wp-content\/uploads\/2020\/04\/05-405x270.jpg 405w\" sizes=\"auto, (max-width: 1024px) 100vw, 1024px\" \/><\/figure><\/li><\/ul><\/figure>\n\n\n\n<p>A vir\u00e1gvas\u00e1rnapi k\u00f6rmenet \u00e9ppen ez\u00e9rt elmaradt. Iv\u00e1n atya jelk\u00e9pesen n\u00e9h\u00e1ny barka\u00e1ggal vonult be a szokatlan istentiszteletre, ahol meg\u00e1ldotta az olt\u00e1r el\u0151tt elhelyezett bark\u00e1kat, melyeket t\u00f6bb mint egy h\u00f3nappal ezel\u0151tt a h\u00edvek hoztak erre az alkalomra. Majd a fiatalok k\u00e9pviselet\u00e9ben Kozma Kriszti\u00e1n, Kazinczy-d\u00edjas versmond\u00f3 \u00e9s T\u00f3th Eszter \u00c1gnes gimnazista egy szimbolikus kis k\u00f6rmenetet tartottak a templom falai k\u00f6z\u00f6tt. Ezt k\u00f6vet\u0151en pedig J\u00e9zus jeruzs\u00e1lemi bevonul\u00e1s\u00e1t eleven\u00edtett\u00e9k fel \u2013 ez\u00fattal pr\u00f3zai form\u00e1ban. Az idei esztend\u0151ben \u2013 a szigor\u00fa biztons\u00e1gi int\u00e9zked\u00e9sek k\u00f6vetkezt\u00e9ben \u2013 az egyh\u00e1zk\u00f6zs\u00e9g \u00e9nekkara sem adhatta el\u0151 a passi\u00f3t. A pl\u00e9b\u00e1nos szentbesz\u00e9d\u00e9nek f\u0151 t\u00e9m\u00e1i a koronav\u00edrus j\u00e1rv\u00e1ny \u00e9s Vir\u00e1gvas\u00e1rnap, illetve a H\u00fasv\u00e9tra val\u00f3 el\u0151k\u00e9sz\u00fcletek voltak. Pr\u00e9dik\u00e1ci\u00f3j\u00e1ban felh\u00edvta a figyelmet az otthonmarad\u00e1s fontoss\u00e1g\u00e1ra, melyet szem\u00e9lyes p\u00e9ldaad\u00e1ssal is nyomat\u00e9kos\u00edtott. \u0150 sem hagyja el a pl\u00e9b\u00e1ni\u00e1t, \u00f6nk\u00e9ntes karant\u00e9nban tart\u00f3zkodik, de mindennap mis\u00e9zik a v\u00e1ros\u00e9rt, az eg\u00e9szs\u00e9g\u00fcgyi dolgoz\u00f3k\u00e9rt \u00e9s a j\u00e1rv\u00e1ny megsz\u0171n\u00e9s\u00e9\u00e9rt. A Tavi Tv-n kereszt\u00fcl a h\u00edveket arra biztatta, hogy e rendk\u00edv\u00fcli vesz\u00e9lyhelyzet idej\u00e9n im\u00e1dkozzanak t\u00f6bbet, a r\u00f3zsaf\u00fcz\u00e9rt is, v\u00e9gezz\u00e9k el magukban, vagy a csal\u00e1djaikkal egy\u00fctt \u2013 az imak\u00f6nyvek alapj\u00e1n \u2013 p\u00e9ld\u00e1ul a keresztutat, de lelki \u00e1ldoz\u00e1shoz is j\u00e1rulhatnak, illet\u0151leg a k\u00f6z\u00f6ss\u00e9gi m\u00e9di\u00e1k seg\u00edts\u00e9g\u00e9vel bekapcsol\u00f3dhatnak a nagyheti szertart\u00e1sokba. A szentmis\u00e9ben ezut\u00e1n k\u00f6ny\u00f6rg\u00e9sek hangzottak el a koronav\u00edrus-j\u00e1rv\u00e1ny elh\u00e1r\u00edt\u00e1s\u00e1ban r\u00e9sztvev\u0151 minden ember\u00e9rt \u00e9s az \u00e1ldozatok\u00e9rt is, hogy ez az alattomos k\u00f3r min\u00e9l el\u0151bb m\u00falj\u00e9k el.<\/p>\n\n\n\n<figure class=\"wp-block-gallery columns-3 is-cropped wp-block-gallery-2 is-layout-flex wp-block-gallery-is-layout-flex\"><ul class=\"blocks-gallery-grid\"><li class=\"blocks-gallery-item\"><figure><img loading=\"lazy\" decoding=\"async\" width=\"1024\" height=\"683\" src=\"https:\/\/marcali.plebania.hu\/wp-content\/uploads\/2020\/04\/06-1024x683.jpg\" alt=\"\" data-id=\"1736\" data-link=\"https:\/\/marcali.plebania.hu\/?attachment_id=1736\" class=\"wp-image-1736\" srcset=\"https:\/\/marcali.plebania.hu\/wp-content\/uploads\/2020\/04\/06-1024x683.jpg 1024w, https:\/\/marcali.plebania.hu\/wp-content\/uploads\/2020\/04\/06-300x200.jpg 300w, https:\/\/marcali.plebania.hu\/wp-content\/uploads\/2020\/04\/06-768x512.jpg 768w, https:\/\/marcali.plebania.hu\/wp-content\/uploads\/2020\/04\/06-1536x1024.jpg 1536w, https:\/\/marcali.plebania.hu\/wp-content\/uploads\/2020\/04\/06-2048x1365.jpg 2048w, https:\/\/marcali.plebania.hu\/wp-content\/uploads\/2020\/04\/06-405x270.jpg 405w\" sizes=\"auto, (max-width: 1024px) 100vw, 1024px\" \/><\/figure><\/li><li class=\"blocks-gallery-item\"><figure><img loading=\"lazy\" decoding=\"async\" width=\"1024\" height=\"683\" src=\"https:\/\/marcali.plebania.hu\/wp-content\/uploads\/2020\/04\/07-1024x683.jpg\" alt=\"\" data-id=\"1737\" data-link=\"https:\/\/marcali.plebania.hu\/?attachment_id=1737\" class=\"wp-image-1737\" srcset=\"https:\/\/marcali.plebania.hu\/wp-content\/uploads\/2020\/04\/07-1024x683.jpg 1024w, https:\/\/marcali.plebania.hu\/wp-content\/uploads\/2020\/04\/07-300x200.jpg 300w, https:\/\/marcali.plebania.hu\/wp-content\/uploads\/2020\/04\/07-768x512.jpg 768w, https:\/\/marcali.plebania.hu\/wp-content\/uploads\/2020\/04\/07-1536x1024.jpg 1536w, https:\/\/marcali.plebania.hu\/wp-content\/uploads\/2020\/04\/07-2048x1365.jpg 2048w, https:\/\/marcali.plebania.hu\/wp-content\/uploads\/2020\/04\/07-405x270.jpg 405w\" sizes=\"auto, (max-width: 1024px) 100vw, 1024px\" \/><\/figure><\/li><li class=\"blocks-gallery-item\"><figure><img loading=\"lazy\" decoding=\"async\" width=\"1024\" height=\"683\" src=\"https:\/\/marcali.plebania.hu\/wp-content\/uploads\/2020\/04\/14-1024x683.jpg\" alt=\"\" data-id=\"1738\" data-link=\"https:\/\/marcali.plebania.hu\/?attachment_id=1738\" class=\"wp-image-1738\" srcset=\"https:\/\/marcali.plebania.hu\/wp-content\/uploads\/2020\/04\/14-1024x683.jpg 1024w, https:\/\/marcali.plebania.hu\/wp-content\/uploads\/2020\/04\/14-300x200.jpg 300w, https:\/\/marcali.plebania.hu\/wp-content\/uploads\/2020\/04\/14-768x512.jpg 768w, https:\/\/marcali.plebania.hu\/wp-content\/uploads\/2020\/04\/14-1536x1024.jpg 1536w, https:\/\/marcali.plebania.hu\/wp-content\/uploads\/2020\/04\/14-2048x1365.jpg 2048w, https:\/\/marcali.plebania.hu\/wp-content\/uploads\/2020\/04\/14-405x270.jpg 405w\" sizes=\"auto, (max-width: 1024px) 100vw, 1024px\" \/><\/figure><\/li><li class=\"blocks-gallery-item\"><figure><img loading=\"lazy\" decoding=\"async\" width=\"1024\" height=\"683\" src=\"https:\/\/marcali.plebania.hu\/wp-content\/uploads\/2020\/04\/15-1024x683.jpg\" alt=\"\" data-id=\"1739\" data-full-url=\"https:\/\/marcali.plebania.hu\/wp-content\/uploads\/2020\/04\/15-scaled.jpg\" data-link=\"https:\/\/marcali.plebania.hu\/?attachment_id=1739\" class=\"wp-image-1739\" srcset=\"https:\/\/marcali.plebania.hu\/wp-content\/uploads\/2020\/04\/15-1024x683.jpg 1024w, https:\/\/marcali.plebania.hu\/wp-content\/uploads\/2020\/04\/15-300x200.jpg 300w, https:\/\/marcali.plebania.hu\/wp-content\/uploads\/2020\/04\/15-768x512.jpg 768w, https:\/\/marcali.plebania.hu\/wp-content\/uploads\/2020\/04\/15-1536x1024.jpg 1536w, https:\/\/marcali.plebania.hu\/wp-content\/uploads\/2020\/04\/15-2048x1365.jpg 2048w, https:\/\/marcali.plebania.hu\/wp-content\/uploads\/2020\/04\/15-405x270.jpg 405w\" sizes=\"auto, (max-width: 1024px) 100vw, 1024px\" \/><\/figure><\/li><\/ul><\/figure>\n\n\n\n<p>A szentmis\u00e9n Balogh B\u00e1lint k\u00e1ntor, \u00e9s a J\u00e9zus Testv\u00e9rei Kisk\u00f6z\u00f6ss\u00e9g n\u00e9h\u00e1ny tagja m\u0171k\u00f6d\u00f6tt k\u00f6zre. A marcali istentiszteleteket \u2013 a h\u00edvek r\u00e9szv\u00e9tele n\u00e9lk\u00fcl \u2013 a Tavi Tv tov\u00e1bbra is vas\u00e1rnap, 9 \u00f3rakor k\u00f6zvet\u00edti, \u00e9s a k\u00f6vetkez\u0151 h\u00e9ten a megszokott id\u0151kben megism\u00e9tli. Iv\u00e1n atya hirdette m\u00e9g, hogy a h\u00fasv\u00e9ti \u00fcnnepi szentmise is hasonl\u00f3an zajlik majd \u00e9s az \u00e9telszentel\u00e9s is a telev\u00edzi\u00f3n kereszt\u00fcl t\u00f6rt\u00e9nik.<\/p>\n\n\n\n<figure class=\"wp-block-gallery columns-3 is-cropped wp-block-gallery-3 is-layout-flex wp-block-gallery-is-layout-flex\"><ul class=\"blocks-gallery-grid\"><li class=\"blocks-gallery-item\"><figure><img loading=\"lazy\" decoding=\"async\" width=\"1024\" height=\"683\" src=\"https:\/\/marcali.plebania.hu\/wp-content\/uploads\/2020\/04\/20-1024x683.jpg\" alt=\"\" data-id=\"1740\" data-link=\"https:\/\/marcali.plebania.hu\/?attachment_id=1740\" class=\"wp-image-1740\" srcset=\"https:\/\/marcali.plebania.hu\/wp-content\/uploads\/2020\/04\/20-1024x683.jpg 1024w, https:\/\/marcali.plebania.hu\/wp-content\/uploads\/2020\/04\/20-300x200.jpg 300w, https:\/\/marcali.plebania.hu\/wp-content\/uploads\/2020\/04\/20-768x512.jpg 768w, https:\/\/marcali.plebania.hu\/wp-content\/uploads\/2020\/04\/20-1536x1024.jpg 1536w, https:\/\/marcali.plebania.hu\/wp-content\/uploads\/2020\/04\/20-2048x1365.jpg 2048w, https:\/\/marcali.plebania.hu\/wp-content\/uploads\/2020\/04\/20-405x270.jpg 405w\" sizes=\"auto, (max-width: 1024px) 100vw, 1024px\" \/><\/figure><\/li><li class=\"blocks-gallery-item\"><figure><img loading=\"lazy\" decoding=\"async\" width=\"1024\" height=\"683\" src=\"https:\/\/marcali.plebania.hu\/wp-content\/uploads\/2020\/04\/21-1024x683.jpg\" alt=\"\" data-id=\"1741\" data-link=\"https:\/\/marcali.plebania.hu\/?attachment_id=1741\" class=\"wp-image-1741\" srcset=\"https:\/\/marcali.plebania.hu\/wp-content\/uploads\/2020\/04\/21-1024x683.jpg 1024w, https:\/\/marcali.plebania.hu\/wp-content\/uploads\/2020\/04\/21-300x200.jpg 300w, https:\/\/marcali.plebania.hu\/wp-content\/uploads\/2020\/04\/21-768x512.jpg 768w, https:\/\/marcali.plebania.hu\/wp-content\/uploads\/2020\/04\/21-1536x1024.jpg 1536w, https:\/\/marcali.plebania.hu\/wp-content\/uploads\/2020\/04\/21-2048x1365.jpg 2048w, https:\/\/marcali.plebania.hu\/wp-content\/uploads\/2020\/04\/21-405x270.jpg 405w\" sizes=\"auto, (max-width: 1024px) 100vw, 1024px\" \/><\/figure><\/li><li class=\"blocks-gallery-item\"><figure><img loading=\"lazy\" decoding=\"async\" width=\"1024\" height=\"683\" src=\"https:\/\/marcali.plebania.hu\/wp-content\/uploads\/2020\/04\/22-1024x683.jpg\" alt=\"\" data-id=\"1742\" data-link=\"https:\/\/marcali.plebania.hu\/?attachment_id=1742\" class=\"wp-image-1742\" srcset=\"https:\/\/marcali.plebania.hu\/wp-content\/uploads\/2020\/04\/22-1024x683.jpg 1024w, https:\/\/marcali.plebania.hu\/wp-content\/uploads\/2020\/04\/22-300x200.jpg 300w, https:\/\/marcali.plebania.hu\/wp-content\/uploads\/2020\/04\/22-768x512.jpg 768w, https:\/\/marcali.plebania.hu\/wp-content\/uploads\/2020\/04\/22-1536x1024.jpg 1536w, https:\/\/marcali.plebania.hu\/wp-content\/uploads\/2020\/04\/22-2048x1365.jpg 2048w, https:\/\/marcali.plebania.hu\/wp-content\/uploads\/2020\/04\/22-405x270.jpg 405w\" sizes=\"auto, (max-width: 1024px) 100vw, 1024px\" \/><\/figure><\/li><li class=\"blocks-gallery-item\"><figure><img loading=\"lazy\" decoding=\"async\" width=\"1024\" height=\"683\" src=\"https:\/\/marcali.plebania.hu\/wp-content\/uploads\/2020\/04\/10-1024x683.jpg\" alt=\"\" data-id=\"1743\" data-full-url=\"https:\/\/marcali.plebania.hu\/wp-content\/uploads\/2020\/04\/10-scaled.jpg\" data-link=\"https:\/\/marcali.plebania.hu\/?attachment_id=1743\" class=\"wp-image-1743\" srcset=\"https:\/\/marcali.plebania.hu\/wp-content\/uploads\/2020\/04\/10-1024x683.jpg 1024w, https:\/\/marcali.plebania.hu\/wp-content\/uploads\/2020\/04\/10-300x200.jpg 300w, https:\/\/marcali.plebania.hu\/wp-content\/uploads\/2020\/04\/10-768x512.jpg 768w, https:\/\/marcali.plebania.hu\/wp-content\/uploads\/2020\/04\/10-1536x1024.jpg 1536w, https:\/\/marcali.plebania.hu\/wp-content\/uploads\/2020\/04\/10-2048x1365.jpg 2048w, https:\/\/marcali.plebania.hu\/wp-content\/uploads\/2020\/04\/10-405x270.jpg 405w\" sizes=\"auto, (max-width: 1024px) 100vw, 1024px\" \/><\/figure><\/li><\/ul><\/figure>\n","protected":false},"excerpt":{"rendered":"<p>2020. \u00e1prilis 5. Vir\u00e1gvas\u00e1rnap \u2013 orsz\u00e1gszerte \u00fcres templomok, barkaszentel\u00e9s, passi\u00f3. A koronav\u00edrus j\u00e1rv\u00e1ny miatt a Gy\u00fcm\u00f6lcsolt\u00f3 Boldogasszony pl\u00e9b\u00e1niatemplomban is Kiss Iv\u00e1n c. pr\u00e9post, esperes-pl\u00e9b\u00e1nos csak egyed\u00fcl, a h\u00edvek r\u00e9szv\u00e9tele n\u00e9lk\u00fcl \u2013 mind\u00f6ssze n\u00e9h\u00e1ny k\u00f6zrem\u0171k\u00f6d\u0151 seg\u00edts\u00e9g\u00e9vel \u2013 celebr\u00e1lt \u00fcnnepi szentmis\u00e9t. A vir\u00e1gvas\u00e1rnapi k\u00f6rmenet \u00e9ppen ez\u00e9rt elmaradt. Iv\u00e1n atya jelk\u00e9pesen n\u00e9h\u00e1ny barka\u00e1ggal vonult be a szokatlan istentiszteletre, ahol meg\u00e1ldotta az olt\u00e1r el\u0151tt elhelyezett bark\u00e1kat, melyeket t\u00f6bb mint egy h\u00f3nappal ezel\u0151tt a h\u00edvek hoztak erre az alkalomra. Majd a fiatalok k\u00e9pviselet\u00e9ben Kozma Kriszti\u00e1n,&#8230;<\/p>\n<p class=\"read-more\"><a class=\"btn btn-default\" href=\"https:\/\/marcali.plebania.hu\/?p=1731\"> Read More<span class=\"screen-reader-text\">  Read More<\/span><\/a><\/p>\n","protected":false},"author":2,"featured_media":0,"comment_status":"closed","ping_status":"open","sticky":false,"template":"","format":"standard","meta":{"footnotes":""},"categories":[1],"tags":[],"class_list":["post-1731","post","type-post","status-publish","format-standard","hentry","category-egyeb"],"_links":{"self":[{"href":"https:\/\/marcali.plebania.hu\/index.php?rest_route=\/wp\/v2\/posts\/1731","targetHints":{"allow":["GET"]}}],"collection":[{"href":"https:\/\/marcali.plebania.hu\/index.php?rest_route=\/wp\/v2\/posts"}],"about":[{"href":"https:\/\/marcali.plebania.hu\/index.php?rest_route=\/wp\/v2\/types\/post"}],"author":[{"embeddable":true,"href":"https:\/\/marcali.plebania.hu\/index.php?rest_route=\/wp\/v2\/users\/2"}],"replies":[{"embeddable":true,"href":"https:\/\/marcali.plebania.hu\/index.php?rest_route=%2Fwp%2Fv2%2Fcomments&post=1731"}],"version-history":[{"count":3,"href":"https:\/\/marcali.plebania.hu\/index.php?rest_route=\/wp\/v2\/posts\/1731\/revisions"}],"predecessor-version":[{"id":1746,"href":"https:\/\/marcali.plebania.hu\/index.php?rest_route=\/wp\/v2\/posts\/1731\/revisions\/1746"}],"wp:attachment":[{"href":"https:\/\/marcali.plebania.hu\/index.php?rest_route=%2Fwp%2Fv2%2Fmedia&parent=1731"}],"wp:term":[{"taxonomy":"category","embeddable":true,"href":"https:\/\/marcali.plebania.hu\/index.php?rest_route=%2Fwp%2Fv2%2Fcategories&post=1731"},{"taxonomy":"post_tag","embeddable":true,"href":"https:\/\/marcali.plebania.hu\/index.php?rest_route=%2Fwp%2Fv2%2Ftags&post=1731"}],"curies":[{"name":"wp","href":"https:\/\/api.w.org\/{rel}","templated":true}]}}