{"id":1747,"date":"2020-04-09T08:27:13","date_gmt":"2020-04-09T08:27:13","guid":{"rendered":"https:\/\/marcali.plebania.hu\/?p=1747"},"modified":"2020-04-09T08:27:13","modified_gmt":"2020-04-09T08:27:13","slug":"hirdetesek-2020-04-12","status":"publish","type":"post","link":"https:\/\/marcali.plebania.hu\/?p=1747","title":{"rendered":"Hirdet\u00e9sek, 2020. 04. 12."},"content":{"rendered":"\n<ol class=\"wp-block-list\"><li>Ma H\u00fasv\u00e9t vas\u00e1rnapja van.<\/li><li>A rendk\u00edv\u00fcli helyzet miatt a\ntemplomok nincsenek bez\u00e1rva, csak a nyilv\u00e1nos istentiszteletek sz\u00fcnetelnek.\nNapk\u00f6zben, ahogyan a kij\u00e1r\u00e1si korl\u00e1toz\u00e1s megengedi, a templom el\u0151ter\u00e9ben lehet\nim\u00e1dkozni \u00e9s gyerty\u00e1t gy\u00fajtani.<\/li><li>A h\u00edveket arra buzd\u00edtjuk, hogy\nkapcsol\u00f3djanak be a m\u00e9di\u00e1kban l\u00e1that\u00f3 istentiszteletekbe, \u00e9s a Facebook-on\nfelt\u00f6lt\u00f6tt vide\u00f3kba.<\/li><li>A Tavi Tv minden vas\u00e1rnap k\u00f6zvet\u00edti\naz aktu\u00e1lis szentmis\u00e9t innen a pl\u00e9b\u00e1niatemplomb\u00f3l. A m\u0171sort az el\u0151tte val\u00f3\n\u00f3r\u00e1kban r\u00f6gz\u00edtj\u00fck.<\/li><li>Csatlakozzunk Ferenc p\u00e1pa\nfelh\u00edv\u00e1saihoz, aki k\u00f6z\u00f6s im\u00e1ds\u00e1gra h\u00edv benn\u00fcnket minden d\u00e9lben az \u00darangyala\nel\u0151tt egy Miaty\u00e1nkot is mondjunk el. A K\u00c9SZ felh\u00edv\u00e1s\u00e1ra est\u00e9nk\u00e9nt 20 \u00f3rakor\nugyancsak egy Miaty\u00e1nkot mondjunk el.<\/li><li>A pl\u00e9b\u00e1nia \u00fcgyf\u00e9lfogad\u00e1s is\nmegv\u00e1ltozott, el\u0151zetes telefonegyeztet\u00e9sre h\u00edvj\u00e1k az 510-233-at \u00e9s lehet\u0151leg\negy szem\u00e9ly j\u00f6jj\u00f6n \u00fcgyet int\u00e9zni.<\/li><li>Megjelent az \u00daj Ember \u00fajs\u00e1g h\u00fasv\u00e9ti dupla\nsz\u00e1ma, amelynek \u00e1ra 440 Ft\/db.<\/li><\/ol>\n","protected":false},"excerpt":{"rendered":"<p>Ma H\u00fasv\u00e9t vas\u00e1rnapja van. A rendk\u00edv\u00fcli helyzet miatt a templomok nincsenek bez\u00e1rva, csak a nyilv\u00e1nos istentiszteletek sz\u00fcnetelnek. Napk\u00f6zben, ahogyan a kij\u00e1r\u00e1si korl\u00e1toz\u00e1s megengedi, a templom el\u0151ter\u00e9ben lehet im\u00e1dkozni \u00e9s gyerty\u00e1t gy\u00fajtani. A h\u00edveket arra buzd\u00edtjuk, hogy kapcsol\u00f3djanak be a m\u00e9di\u00e1kban l\u00e1that\u00f3 istentiszteletekbe, \u00e9s a Facebook-on felt\u00f6lt\u00f6tt vide\u00f3kba. A Tavi Tv minden vas\u00e1rnap k\u00f6zvet\u00edti az aktu\u00e1lis szentmis\u00e9t innen a pl\u00e9b\u00e1niatemplomb\u00f3l. A m\u0171sort az el\u0151tte val\u00f3 \u00f3r\u00e1kban r\u00f6gz\u00edtj\u00fck. Csatlakozzunk Ferenc p\u00e1pa felh\u00edv\u00e1saihoz, aki k\u00f6z\u00f6s im\u00e1ds\u00e1gra h\u00edv benn\u00fcnket minden d\u00e9lben az \u00darangyala el\u0151tt&#8230;<\/p>\n<p class=\"read-more\"><a class=\"btn btn-default\" href=\"https:\/\/marcali.plebania.hu\/?p=1747\"> Read More<span class=\"screen-reader-text\">  Read More<\/span><\/a><\/p>\n","protected":false},"author":2,"featured_media":0,"comment_status":"closed","ping_status":"open","sticky":false,"template":"","format":"standard","meta":{"footnotes":""},"categories":[1],"tags":[],"class_list":["post-1747","post","type-post","status-publish","format-standard","hentry","category-egyeb"],"_links":{"self":[{"href":"https:\/\/marcali.plebania.hu\/index.php?rest_route=\/wp\/v2\/posts\/1747","targetHints":{"allow":["GET"]}}],"collection":[{"href":"https:\/\/marcali.plebania.hu\/index.php?rest_route=\/wp\/v2\/posts"}],"about":[{"href":"https:\/\/marcali.plebania.hu\/index.php?rest_route=\/wp\/v2\/types\/post"}],"author":[{"embeddable":true,"href":"https:\/\/marcali.plebania.hu\/index.php?rest_route=\/wp\/v2\/users\/2"}],"replies":[{"embeddable":true,"href":"https:\/\/marcali.plebania.hu\/index.php?rest_route=%2Fwp%2Fv2%2Fcomments&post=1747"}],"version-history":[{"count":1,"href":"https:\/\/marcali.plebania.hu\/index.php?rest_route=\/wp\/v2\/posts\/1747\/revisions"}],"predecessor-version":[{"id":1748,"href":"https:\/\/marcali.plebania.hu\/index.php?rest_route=\/wp\/v2\/posts\/1747\/revisions\/1748"}],"wp:attachment":[{"href":"https:\/\/marcali.plebania.hu\/index.php?rest_route=%2Fwp%2Fv2%2Fmedia&parent=1747"}],"wp:term":[{"taxonomy":"category","embeddable":true,"href":"https:\/\/marcali.plebania.hu\/index.php?rest_route=%2Fwp%2Fv2%2Fcategories&post=1747"},{"taxonomy":"post_tag","embeddable":true,"href":"https:\/\/marcali.plebania.hu\/index.php?rest_route=%2Fwp%2Fv2%2Ftags&post=1747"}],"curies":[{"name":"wp","href":"https:\/\/api.w.org\/{rel}","templated":true}]}}