{"id":175,"date":"2018-04-01T17:51:17","date_gmt":"2018-04-01T17:51:17","guid":{"rendered":"https:\/\/marcali.plebania.hu\/?p=175"},"modified":"2018-04-24T17:51:38","modified_gmt":"2018-04-24T17:51:38","slug":"etelszenteles-a-marcali-plebaniatemplomban","status":"publish","type":"post","link":"https:\/\/marcali.plebania.hu\/?p=175","title":{"rendered":"\u00c9telszentel\u00e9s a Marcali Pl\u00e9b\u00e1niatemplomban"},"content":{"rendered":"<p>2018. \u00e1prilis 1-\u00e9n 7 \u00f3rakor kezd\u0151d\u00f6tt a h\u00fasv\u00e9t reggeli \u00e9telszentel\u00e9si szentmise, melyre \u00e9vr\u0151l-\u00e9vre egyre t\u00f6bben hozz\u00e1k el h\u00fasv\u00e9ti \u00e9teleiket a Marcali Pl\u00e9b\u00e1niatemplomba. Ennek k\u00f6vetkezt\u00e9ben a kor\u00e1bbi \u00fan. csendes istentiszteleteket felv\u00e1ltotta az orgon\u00e1s-\u00e9nekes szentmise. Mindez a szok\u00e1s a bibliai id\u0151kre vezethet\u0151 vissza, amikor a zsid\u00f3k az \u00fcnnepnek megfelel\u0151 \u00e9teleket, meghat\u00e1rozott sorrendben fogyasztottak. Napjainkra azonban m\u00e1r \u00e1talakult ez a trad\u00edci\u00f3 a magyar \u00e9teleknek \u00e9s \u00edz vil\u00e1gnak megfelel\u0151en. Saj\u00e1tos hagyom\u00e1nya van p\u00e9ld\u00e1ul a sz\u00e9kelyf\u00f6ldi h\u00fasv\u00e9t reggeli \u00e9telszentel\u00e9snek. A h\u00fasv\u00e9ti \u00e9telek meg\u00e1ld\u00e1sa r\u00e9gebben f\u0151leg vid\u00e9ken volt szok\u00e1sban, ahol a sz\u00e9pen feld\u00edsz\u00edtett kosaraikban a h\u00edvek minden esztend\u0151ben elvitt\u00e9k a h\u00fasv\u00e9t reggelihez elk\u00e9sz\u00edtett sonk\u00e1t, toj\u00e1st, torm\u00e1t, kal\u00e1csot, s\u0151t a bort is. Marcaliban Kiss Iv\u00e1n c. pr\u00e9post esperes-pl\u00e9b\u00e1nos \u00far szentelte meg az \u00edzl\u00e9sesebbn\u00e9l-\u00edzl\u00e9sesebben \u00f6ssze\u00e1ll\u00edtott kosarakban hozott k\u00fcl\u00f6nf\u00e9le \u00e9teleket. A szentmise v\u00e9g\u00e9n szentk\u00e9pek, a Marcali Katolikus \u00dajs\u00e1g \u00e9s a Spiritus egyh\u00e1zmegyei \u00fajs\u00e1g oszt\u00e1s\u00e1val k\u00edv\u00e1nt mindenkinek \u00e1ldott, boldog h\u00fasv\u00e9ti \u00fcnnepeket.<img loading=\"lazy\" decoding=\"async\" class=\"alignnone size-full wp-image-176\" src=\"https:\/\/marcali.plebania.hu\/wp-content\/uploads\/2018\/04\/80401.jpg\" alt=\"\" width=\"1000\" height=\"667\" srcset=\"https:\/\/marcali.plebania.hu\/wp-content\/uploads\/2018\/04\/80401.jpg 1000w, https:\/\/marcali.plebania.hu\/wp-content\/uploads\/2018\/04\/80401-300x200.jpg 300w, https:\/\/marcali.plebania.hu\/wp-content\/uploads\/2018\/04\/80401-768x512.jpg 768w, https:\/\/marcali.plebania.hu\/wp-content\/uploads\/2018\/04\/80401-405x270.jpg 405w\" sizes=\"auto, (max-width: 1000px) 100vw, 1000px\" \/><\/p>\n","protected":false},"excerpt":{"rendered":"<p>2018. \u00e1prilis 1-\u00e9n 7 \u00f3rakor kezd\u0151d\u00f6tt a h\u00fasv\u00e9t reggeli \u00e9telszentel\u00e9si szentmise, melyre \u00e9vr\u0151l-\u00e9vre egyre t\u00f6bben hozz\u00e1k el h\u00fasv\u00e9ti \u00e9teleiket a Marcali Pl\u00e9b\u00e1niatemplomba. Ennek k\u00f6vetkezt\u00e9ben a kor\u00e1bbi \u00fan. csendes istentiszteleteket felv\u00e1ltotta az orgon\u00e1s-\u00e9nekes szentmise. Mindez a szok\u00e1s a bibliai id\u0151kre vezethet\u0151 vissza, amikor a zsid\u00f3k az \u00fcnnepnek megfelel\u0151 \u00e9teleket, meghat\u00e1rozott sorrendben fogyasztottak. Napjainkra azonban m\u00e1r \u00e1talakult ez a trad\u00edci\u00f3 a magyar \u00e9teleknek \u00e9s \u00edz vil\u00e1gnak megfelel\u0151en. Saj\u00e1tos hagyom\u00e1nya van p\u00e9ld\u00e1ul a sz\u00e9kelyf\u00f6ldi h\u00fasv\u00e9t reggeli \u00e9telszentel\u00e9snek. A h\u00fasv\u00e9ti \u00e9telek meg\u00e1ld\u00e1sa r\u00e9gebben f\u0151leg&#8230;<\/p>\n<p class=\"read-more\"><a class=\"btn btn-default\" href=\"https:\/\/marcali.plebania.hu\/?p=175\"> Read More<span class=\"screen-reader-text\">  Read More<\/span><\/a><\/p>\n","protected":false},"author":1,"featured_media":0,"comment_status":"closed","ping_status":"open","sticky":false,"template":"","format":"standard","meta":{"footnotes":""},"categories":[4],"tags":[],"class_list":["post-175","post","type-post","status-publish","format-standard","hentry","category-hirek"],"_links":{"self":[{"href":"https:\/\/marcali.plebania.hu\/index.php?rest_route=\/wp\/v2\/posts\/175","targetHints":{"allow":["GET"]}}],"collection":[{"href":"https:\/\/marcali.plebania.hu\/index.php?rest_route=\/wp\/v2\/posts"}],"about":[{"href":"https:\/\/marcali.plebania.hu\/index.php?rest_route=\/wp\/v2\/types\/post"}],"author":[{"embeddable":true,"href":"https:\/\/marcali.plebania.hu\/index.php?rest_route=\/wp\/v2\/users\/1"}],"replies":[{"embeddable":true,"href":"https:\/\/marcali.plebania.hu\/index.php?rest_route=%2Fwp%2Fv2%2Fcomments&post=175"}],"version-history":[{"count":1,"href":"https:\/\/marcali.plebania.hu\/index.php?rest_route=\/wp\/v2\/posts\/175\/revisions"}],"predecessor-version":[{"id":177,"href":"https:\/\/marcali.plebania.hu\/index.php?rest_route=\/wp\/v2\/posts\/175\/revisions\/177"}],"wp:attachment":[{"href":"https:\/\/marcali.plebania.hu\/index.php?rest_route=%2Fwp%2Fv2%2Fmedia&parent=175"}],"wp:term":[{"taxonomy":"category","embeddable":true,"href":"https:\/\/marcali.plebania.hu\/index.php?rest_route=%2Fwp%2Fv2%2Fcategories&post=175"},{"taxonomy":"post_tag","embeddable":true,"href":"https:\/\/marcali.plebania.hu\/index.php?rest_route=%2Fwp%2Fv2%2Ftags&post=175"}],"curies":[{"name":"wp","href":"https:\/\/api.w.org\/{rel}","templated":true}]}}