{"id":1750,"date":"2020-04-14T08:18:08","date_gmt":"2020-04-14T08:18:08","guid":{"rendered":"https:\/\/marcali.plebania.hu\/?p=1750"},"modified":"2020-04-14T08:18:08","modified_gmt":"2020-04-14T08:18:08","slug":"husveti-unnepek-marcaliban-a-hivek-reszvetele-nelkul-a-koronavirus-idejen","status":"publish","type":"post","link":"https:\/\/marcali.plebania.hu\/?p=1750","title":{"rendered":"H\u00fasv\u00e9ti \u00fcnnepek Marcaliban a h\u00edvek r\u00e9szv\u00e9tele n\u00e9lk\u00fcl \u2013 a koronav\u00edrus idej\u00e9n"},"content":{"rendered":"\n<p>A koronav\u00edrus-j\u00e1rv\u00e1ny miatt \u2013 mind\u00f6ssze n\u00e9h\u00e1ny k\u00f6zrem\u0171k\u00f6d\u0151 kiv\u00e9tel\u00e9vel \u2013 a h\u00edvek r\u00e9szv\u00e9tele n\u00e9lk\u00fcl lehetett megtartani a nagyheti szertart\u00e1sokat \u00e9s a h\u00fasv\u00e9ti \u00fcnnepeket a marcali Gy\u00fcm\u00f6lcsolt\u00f3 Boldogasszony pl\u00e9b\u00e1niatemplomban.<\/p>\n\n\n\n<figure class=\"wp-block-gallery columns-3 is-cropped wp-block-gallery-1 is-layout-flex wp-block-gallery-is-layout-flex\"><ul class=\"blocks-gallery-grid\"><li class=\"blocks-gallery-item\"><figure><img loading=\"lazy\" decoding=\"async\" width=\"1024\" height=\"683\" src=\"https:\/\/marcali.plebania.hu\/wp-content\/uploads\/2020\/04\/01-1024x683.jpg\" alt=\"\" data-id=\"1751\" data-link=\"https:\/\/marcali.plebania.hu\/?attachment_id=1751\" class=\"wp-image-1751\" srcset=\"https:\/\/marcali.plebania.hu\/wp-content\/uploads\/2020\/04\/01-1024x683.jpg 1024w, https:\/\/marcali.plebania.hu\/wp-content\/uploads\/2020\/04\/01-300x200.jpg 300w, https:\/\/marcali.plebania.hu\/wp-content\/uploads\/2020\/04\/01-768x512.jpg 768w, https:\/\/marcali.plebania.hu\/wp-content\/uploads\/2020\/04\/01-1536x1024.jpg 1536w, https:\/\/marcali.plebania.hu\/wp-content\/uploads\/2020\/04\/01-2048x1365.jpg 2048w, https:\/\/marcali.plebania.hu\/wp-content\/uploads\/2020\/04\/01-405x270.jpg 405w\" sizes=\"auto, (max-width: 1024px) 100vw, 1024px\" \/><\/figure><\/li><li class=\"blocks-gallery-item\"><figure><img loading=\"lazy\" decoding=\"async\" width=\"1024\" height=\"683\" src=\"https:\/\/marcali.plebania.hu\/wp-content\/uploads\/2020\/04\/02-1-1024x683.jpg\" alt=\"\" data-id=\"1752\" data-link=\"https:\/\/marcali.plebania.hu\/?attachment_id=1752\" class=\"wp-image-1752\" srcset=\"https:\/\/marcali.plebania.hu\/wp-content\/uploads\/2020\/04\/02-1-1024x683.jpg 1024w, https:\/\/marcali.plebania.hu\/wp-content\/uploads\/2020\/04\/02-1-300x200.jpg 300w, https:\/\/marcali.plebania.hu\/wp-content\/uploads\/2020\/04\/02-1-768x512.jpg 768w, https:\/\/marcali.plebania.hu\/wp-content\/uploads\/2020\/04\/02-1-1536x1024.jpg 1536w, https:\/\/marcali.plebania.hu\/wp-content\/uploads\/2020\/04\/02-1-2048x1365.jpg 2048w, https:\/\/marcali.plebania.hu\/wp-content\/uploads\/2020\/04\/02-1-405x270.jpg 405w\" sizes=\"auto, (max-width: 1024px) 100vw, 1024px\" \/><\/figure><\/li><li class=\"blocks-gallery-item\"><figure><img loading=\"lazy\" decoding=\"async\" width=\"1024\" height=\"683\" src=\"https:\/\/marcali.plebania.hu\/wp-content\/uploads\/2020\/04\/04-1-1024x683.jpg\" alt=\"\" data-id=\"1753\" data-link=\"https:\/\/marcali.plebania.hu\/?attachment_id=1753\" class=\"wp-image-1753\" srcset=\"https:\/\/marcali.plebania.hu\/wp-content\/uploads\/2020\/04\/04-1-1024x683.jpg 1024w, https:\/\/marcali.plebania.hu\/wp-content\/uploads\/2020\/04\/04-1-300x200.jpg 300w, https:\/\/marcali.plebania.hu\/wp-content\/uploads\/2020\/04\/04-1-768x512.jpg 768w, https:\/\/marcali.plebania.hu\/wp-content\/uploads\/2020\/04\/04-1-1536x1024.jpg 1536w, https:\/\/marcali.plebania.hu\/wp-content\/uploads\/2020\/04\/04-1-2048x1365.jpg 2048w, https:\/\/marcali.plebania.hu\/wp-content\/uploads\/2020\/04\/04-1-405x270.jpg 405w\" sizes=\"auto, (max-width: 1024px) 100vw, 1024px\" \/><\/figure><\/li><li class=\"blocks-gallery-item\"><figure><img loading=\"lazy\" decoding=\"async\" width=\"1024\" height=\"683\" src=\"https:\/\/marcali.plebania.hu\/wp-content\/uploads\/2020\/04\/03-1-1024x683.jpg\" alt=\"\" data-id=\"1754\" data-full-url=\"https:\/\/marcali.plebania.hu\/wp-content\/uploads\/2020\/04\/03-1-scaled.jpg\" data-link=\"https:\/\/marcali.plebania.hu\/?attachment_id=1754\" class=\"wp-image-1754\" srcset=\"https:\/\/marcali.plebania.hu\/wp-content\/uploads\/2020\/04\/03-1-1024x683.jpg 1024w, https:\/\/marcali.plebania.hu\/wp-content\/uploads\/2020\/04\/03-1-300x200.jpg 300w, https:\/\/marcali.plebania.hu\/wp-content\/uploads\/2020\/04\/03-1-768x512.jpg 768w, https:\/\/marcali.plebania.hu\/wp-content\/uploads\/2020\/04\/03-1-1536x1024.jpg 1536w, https:\/\/marcali.plebania.hu\/wp-content\/uploads\/2020\/04\/03-1-2048x1365.jpg 2048w, https:\/\/marcali.plebania.hu\/wp-content\/uploads\/2020\/04\/03-1-405x270.jpg 405w\" sizes=\"auto, (max-width: 1024px) 100vw, 1024px\" \/><\/figure><\/li><\/ul><\/figure>\n\n\n\n<p>2020. \u00e1prilis 12-\u00e9n, H\u00fasv\u00e9tvas\u00e1rnap 9 \u00f3rakor k\u00f6zvet\u00edtette a Tavi Tv h\u00fasv\u00e9t vig\u00edli\u00e1j\u00e1nak a szertart\u00e1s\u00e1t, melyet Kiss Iv\u00e1n c. pr\u00e9post, esperes-pl\u00e9b\u00e1nos celebr\u00e1lt. A liturgia \u2013 a j\u00e1rv\u00e1ny miatt \u2013 r\u00f6videbb form\u00e1ban t\u00f6rt\u00e9nt, a templom bej\u00e1rat\u00e1n\u00e1l elv\u00e9gzett t\u0171zszentel\u00e9s szertart\u00e1sa ez\u00fattal elmaradt. A h\u00fasv\u00e9ti gyerty\u00e1s bevonul\u00e1s is csak a sekresty\u00e9b\u0151l indult. Majd Balogh B\u00e1lint k\u00e1ntor el\u00e9nekelte a h\u00fasv\u00e9ti \u00f6r\u00f6m\u00e9neket. Ezut\u00e1n az \u00f3sz\u00f6vets\u00e9gi olvasm\u00e1nyok k\u00f6vetkeztek Kozma Kriszti\u00e1n Kazinczy-d\u00edjas versmond\u00f3 \u00e9s T\u00f3th Eszter \u00c1gnes gimnazista tolm\u00e1csol\u00e1s\u00e1ban. Ezt k\u00f6vet\u0151en a dics\u0151s\u00e9ggel kezd\u0151d\u00f6tt meg a felt\u00e1mad\u00e1si szentmise, mik\u00f6zben ism\u00e9t megsz\u00f3laltak a nagycs\u00fct\u00f6rt\u00f6k este \u00f3ta n\u00e9ma harangok.<\/p>\n\n\n\n<figure class=\"wp-block-gallery columns-3 is-cropped wp-block-gallery-2 is-layout-flex wp-block-gallery-is-layout-flex\"><ul class=\"blocks-gallery-grid\"><li class=\"blocks-gallery-item\"><figure><img loading=\"lazy\" decoding=\"async\" width=\"1024\" height=\"683\" src=\"https:\/\/marcali.plebania.hu\/wp-content\/uploads\/2020\/04\/08-1024x683.jpg\" alt=\"\" data-id=\"1755\" data-link=\"https:\/\/marcali.plebania.hu\/?attachment_id=1755\" class=\"wp-image-1755\" srcset=\"https:\/\/marcali.plebania.hu\/wp-content\/uploads\/2020\/04\/08-1024x683.jpg 1024w, https:\/\/marcali.plebania.hu\/wp-content\/uploads\/2020\/04\/08-300x200.jpg 300w, https:\/\/marcali.plebania.hu\/wp-content\/uploads\/2020\/04\/08-768x512.jpg 768w, https:\/\/marcali.plebania.hu\/wp-content\/uploads\/2020\/04\/08-1536x1024.jpg 1536w, https:\/\/marcali.plebania.hu\/wp-content\/uploads\/2020\/04\/08-2048x1365.jpg 2048w, https:\/\/marcali.plebania.hu\/wp-content\/uploads\/2020\/04\/08-405x270.jpg 405w\" sizes=\"auto, (max-width: 1024px) 100vw, 1024px\" \/><\/figure><\/li><li class=\"blocks-gallery-item\"><figure><img loading=\"lazy\" decoding=\"async\" width=\"1024\" height=\"683\" src=\"https:\/\/marcali.plebania.hu\/wp-content\/uploads\/2020\/04\/09-1024x683.jpg\" alt=\"\" data-id=\"1756\" data-link=\"https:\/\/marcali.plebania.hu\/?attachment_id=1756\" class=\"wp-image-1756\" srcset=\"https:\/\/marcali.plebania.hu\/wp-content\/uploads\/2020\/04\/09-1024x683.jpg 1024w, https:\/\/marcali.plebania.hu\/wp-content\/uploads\/2020\/04\/09-300x200.jpg 300w, https:\/\/marcali.plebania.hu\/wp-content\/uploads\/2020\/04\/09-768x512.jpg 768w, https:\/\/marcali.plebania.hu\/wp-content\/uploads\/2020\/04\/09-1536x1024.jpg 1536w, https:\/\/marcali.plebania.hu\/wp-content\/uploads\/2020\/04\/09-2048x1365.jpg 2048w, https:\/\/marcali.plebania.hu\/wp-content\/uploads\/2020\/04\/09-405x270.jpg 405w\" sizes=\"auto, (max-width: 1024px) 100vw, 1024px\" \/><\/figure><\/li><li class=\"blocks-gallery-item\"><figure><img loading=\"lazy\" decoding=\"async\" width=\"1024\" height=\"683\" src=\"https:\/\/marcali.plebania.hu\/wp-content\/uploads\/2020\/04\/10-1-1024x683.jpg\" alt=\"\" data-id=\"1757\" data-link=\"https:\/\/marcali.plebania.hu\/?attachment_id=1757\" class=\"wp-image-1757\" srcset=\"https:\/\/marcali.plebania.hu\/wp-content\/uploads\/2020\/04\/10-1-1024x683.jpg 1024w, https:\/\/marcali.plebania.hu\/wp-content\/uploads\/2020\/04\/10-1-300x200.jpg 300w, https:\/\/marcali.plebania.hu\/wp-content\/uploads\/2020\/04\/10-1-768x512.jpg 768w, https:\/\/marcali.plebania.hu\/wp-content\/uploads\/2020\/04\/10-1-1536x1024.jpg 1536w, https:\/\/marcali.plebania.hu\/wp-content\/uploads\/2020\/04\/10-1-2048x1365.jpg 2048w, https:\/\/marcali.plebania.hu\/wp-content\/uploads\/2020\/04\/10-1-405x270.jpg 405w\" sizes=\"auto, (max-width: 1024px) 100vw, 1024px\" \/><\/figure><\/li><li class=\"blocks-gallery-item\"><figure><img loading=\"lazy\" decoding=\"async\" width=\"1024\" height=\"683\" src=\"https:\/\/marcali.plebania.hu\/wp-content\/uploads\/2020\/04\/12-1024x683.jpg\" alt=\"\" data-id=\"1759\" data-full-url=\"https:\/\/marcali.plebania.hu\/wp-content\/uploads\/2020\/04\/12-scaled.jpg\" data-link=\"https:\/\/marcali.plebania.hu\/?attachment_id=1759\" class=\"wp-image-1759\" srcset=\"https:\/\/marcali.plebania.hu\/wp-content\/uploads\/2020\/04\/12-1024x683.jpg 1024w, https:\/\/marcali.plebania.hu\/wp-content\/uploads\/2020\/04\/12-300x200.jpg 300w, https:\/\/marcali.plebania.hu\/wp-content\/uploads\/2020\/04\/12-768x512.jpg 768w, https:\/\/marcali.plebania.hu\/wp-content\/uploads\/2020\/04\/12-1536x1024.jpg 1536w, https:\/\/marcali.plebania.hu\/wp-content\/uploads\/2020\/04\/12-2048x1365.jpg 2048w, https:\/\/marcali.plebania.hu\/wp-content\/uploads\/2020\/04\/12-405x270.jpg 405w\" sizes=\"auto, (max-width: 1024px) 100vw, 1024px\" \/><\/figure><\/li><\/ul><\/figure>\n\n\n\n<p>A szentmise alatt elhangzott a kereszts\u00e9gi fogadalom meg\u00faj\u00edt\u00e1sa is, majd Iv\u00e1n atya elv\u00e9gezte a v\u00edzszentel\u00e9si szertart\u00e1st is dr. Gyulai Botond akolitus k\u00f6zrem\u0171k\u00f6d\u00e9s\u00e9vel.<\/p>\n\n\n\n<figure class=\"wp-block-gallery columns-3 is-cropped wp-block-gallery-3 is-layout-flex wp-block-gallery-is-layout-flex\"><ul class=\"blocks-gallery-grid\"><li class=\"blocks-gallery-item\"><figure><img loading=\"lazy\" decoding=\"async\" width=\"1024\" height=\"683\" src=\"https:\/\/marcali.plebania.hu\/wp-content\/uploads\/2020\/04\/16-1024x683.jpg\" alt=\"\" data-id=\"1760\" data-full-url=\"https:\/\/marcali.plebania.hu\/wp-content\/uploads\/2020\/04\/16-scaled.jpg\" data-link=\"https:\/\/marcali.plebania.hu\/?attachment_id=1760\" class=\"wp-image-1760\" srcset=\"https:\/\/marcali.plebania.hu\/wp-content\/uploads\/2020\/04\/16-1024x683.jpg 1024w, https:\/\/marcali.plebania.hu\/wp-content\/uploads\/2020\/04\/16-300x200.jpg 300w, https:\/\/marcali.plebania.hu\/wp-content\/uploads\/2020\/04\/16-768x512.jpg 768w, https:\/\/marcali.plebania.hu\/wp-content\/uploads\/2020\/04\/16-1536x1024.jpg 1536w, https:\/\/marcali.plebania.hu\/wp-content\/uploads\/2020\/04\/16-2048x1365.jpg 2048w, https:\/\/marcali.plebania.hu\/wp-content\/uploads\/2020\/04\/16-405x270.jpg 405w\" sizes=\"auto, (max-width: 1024px) 100vw, 1024px\" \/><\/figure><\/li><li class=\"blocks-gallery-item\"><figure><img loading=\"lazy\" decoding=\"async\" width=\"1024\" height=\"683\" src=\"https:\/\/marcali.plebania.hu\/wp-content\/uploads\/2020\/04\/17-1024x683.jpg\" alt=\"\" data-id=\"1761\" data-full-url=\"https:\/\/marcali.plebania.hu\/wp-content\/uploads\/2020\/04\/17-scaled.jpg\" data-link=\"https:\/\/marcali.plebania.hu\/?attachment_id=1761\" class=\"wp-image-1761\" srcset=\"https:\/\/marcali.plebania.hu\/wp-content\/uploads\/2020\/04\/17-1024x683.jpg 1024w, https:\/\/marcali.plebania.hu\/wp-content\/uploads\/2020\/04\/17-300x200.jpg 300w, https:\/\/marcali.plebania.hu\/wp-content\/uploads\/2020\/04\/17-768x512.jpg 768w, https:\/\/marcali.plebania.hu\/wp-content\/uploads\/2020\/04\/17-1536x1024.jpg 1536w, https:\/\/marcali.plebania.hu\/wp-content\/uploads\/2020\/04\/17-2048x1365.jpg 2048w, https:\/\/marcali.plebania.hu\/wp-content\/uploads\/2020\/04\/17-405x270.jpg 405w\" sizes=\"auto, (max-width: 1024px) 100vw, 1024px\" \/><\/figure><\/li><li class=\"blocks-gallery-item\"><figure><img loading=\"lazy\" decoding=\"async\" width=\"1024\" height=\"683\" src=\"https:\/\/marcali.plebania.hu\/wp-content\/uploads\/2020\/04\/18-1024x683.jpg\" alt=\"\" data-id=\"1762\" data-full-url=\"https:\/\/marcali.plebania.hu\/wp-content\/uploads\/2020\/04\/18-scaled.jpg\" data-link=\"https:\/\/marcali.plebania.hu\/?attachment_id=1762\" class=\"wp-image-1762\" srcset=\"https:\/\/marcali.plebania.hu\/wp-content\/uploads\/2020\/04\/18-1024x683.jpg 1024w, https:\/\/marcali.plebania.hu\/wp-content\/uploads\/2020\/04\/18-300x200.jpg 300w, https:\/\/marcali.plebania.hu\/wp-content\/uploads\/2020\/04\/18-768x512.jpg 768w, https:\/\/marcali.plebania.hu\/wp-content\/uploads\/2020\/04\/18-1536x1024.jpg 1536w, https:\/\/marcali.plebania.hu\/wp-content\/uploads\/2020\/04\/18-2048x1365.jpg 2048w, https:\/\/marcali.plebania.hu\/wp-content\/uploads\/2020\/04\/18-405x270.jpg 405w\" sizes=\"auto, (max-width: 1024px) 100vw, 1024px\" \/><\/figure><\/li><li class=\"blocks-gallery-item\"><figure><img loading=\"lazy\" decoding=\"async\" width=\"1024\" height=\"683\" src=\"https:\/\/marcali.plebania.hu\/wp-content\/uploads\/2020\/04\/19-1024x683.jpg\" alt=\"\" data-id=\"1763\" data-full-url=\"https:\/\/marcali.plebania.hu\/wp-content\/uploads\/2020\/04\/19-scaled.jpg\" data-link=\"https:\/\/marcali.plebania.hu\/?attachment_id=1763\" class=\"wp-image-1763\" srcset=\"https:\/\/marcali.plebania.hu\/wp-content\/uploads\/2020\/04\/19-1024x683.jpg 1024w, https:\/\/marcali.plebania.hu\/wp-content\/uploads\/2020\/04\/19-300x200.jpg 300w, https:\/\/marcali.plebania.hu\/wp-content\/uploads\/2020\/04\/19-768x512.jpg 768w, https:\/\/marcali.plebania.hu\/wp-content\/uploads\/2020\/04\/19-1536x1024.jpg 1536w, https:\/\/marcali.plebania.hu\/wp-content\/uploads\/2020\/04\/19-2048x1365.jpg 2048w, https:\/\/marcali.plebania.hu\/wp-content\/uploads\/2020\/04\/19-405x270.jpg 405w\" sizes=\"auto, (max-width: 1024px) 100vw, 1024px\" \/><\/figure><\/li><\/ul><\/figure>\n\n\n\n<p>A szentmise v\u00e9g\u00e9n a szok\u00e1sos felt\u00e1mad\u00e1si k\u00f6rmenet is elmaradt, s id\u00e9n csak az Olt\u00e1riszents\u00e9ggel adott \u00e1ld\u00e1st Iv\u00e1n atya \u00e9s nemcsak a v\u00e1rosra, hanem annak k\u00f6rny\u00e9k\u00e9re is, a h\u00edv\u0151kre \u00e9s nem h\u00edv\u0151kre egyar\u00e1nt. V\u00e9g\u00fcl elv\u00e9gezte az \u00e9telszentel\u00e9si szertart\u00e1st is, \u00e9s a tv-n kereszt\u00fcl meg\u00e1ldotta a h\u00fasv\u00e9ti reggelihez elk\u00e9sz\u00edtett sonk\u00e1t, toj\u00e1st, torm\u00e1t \u00e9s kal\u00e1csot.<\/p>\n\n\n\n<figure class=\"wp-block-gallery columns-3 is-cropped wp-block-gallery-4 is-layout-flex wp-block-gallery-is-layout-flex\"><ul class=\"blocks-gallery-grid\"><li class=\"blocks-gallery-item\"><figure><img loading=\"lazy\" decoding=\"async\" width=\"1024\" height=\"683\" src=\"https:\/\/marcali.plebania.hu\/wp-content\/uploads\/2020\/04\/20-1-1024x683.jpg\" alt=\"\" data-id=\"1764\" data-full-url=\"https:\/\/marcali.plebania.hu\/wp-content\/uploads\/2020\/04\/20-1-scaled.jpg\" data-link=\"https:\/\/marcali.plebania.hu\/?attachment_id=1764\" class=\"wp-image-1764\" srcset=\"https:\/\/marcali.plebania.hu\/wp-content\/uploads\/2020\/04\/20-1-1024x683.jpg 1024w, https:\/\/marcali.plebania.hu\/wp-content\/uploads\/2020\/04\/20-1-300x200.jpg 300w, https:\/\/marcali.plebania.hu\/wp-content\/uploads\/2020\/04\/20-1-768x512.jpg 768w, https:\/\/marcali.plebania.hu\/wp-content\/uploads\/2020\/04\/20-1-1536x1024.jpg 1536w, https:\/\/marcali.plebania.hu\/wp-content\/uploads\/2020\/04\/20-1-2048x1365.jpg 2048w, https:\/\/marcali.plebania.hu\/wp-content\/uploads\/2020\/04\/20-1-405x270.jpg 405w\" sizes=\"auto, (max-width: 1024px) 100vw, 1024px\" \/><\/figure><\/li><li class=\"blocks-gallery-item\"><figure><img loading=\"lazy\" decoding=\"async\" width=\"1024\" height=\"683\" src=\"https:\/\/marcali.plebania.hu\/wp-content\/uploads\/2020\/04\/21-1-1024x683.jpg\" alt=\"\" data-id=\"1765\" data-full-url=\"https:\/\/marcali.plebania.hu\/wp-content\/uploads\/2020\/04\/21-1-scaled.jpg\" data-link=\"https:\/\/marcali.plebania.hu\/?attachment_id=1765\" class=\"wp-image-1765\" srcset=\"https:\/\/marcali.plebania.hu\/wp-content\/uploads\/2020\/04\/21-1-1024x683.jpg 1024w, https:\/\/marcali.plebania.hu\/wp-content\/uploads\/2020\/04\/21-1-300x200.jpg 300w, https:\/\/marcali.plebania.hu\/wp-content\/uploads\/2020\/04\/21-1-768x512.jpg 768w, https:\/\/marcali.plebania.hu\/wp-content\/uploads\/2020\/04\/21-1-1536x1024.jpg 1536w, https:\/\/marcali.plebania.hu\/wp-content\/uploads\/2020\/04\/21-1-2048x1365.jpg 2048w, https:\/\/marcali.plebania.hu\/wp-content\/uploads\/2020\/04\/21-1-405x270.jpg 405w\" sizes=\"auto, (max-width: 1024px) 100vw, 1024px\" \/><\/figure><\/li><li class=\"blocks-gallery-item\"><figure><img loading=\"lazy\" decoding=\"async\" width=\"1024\" height=\"683\" src=\"https:\/\/marcali.plebania.hu\/wp-content\/uploads\/2020\/04\/22-1-1024x683.jpg\" alt=\"\" data-id=\"1766\" data-full-url=\"https:\/\/marcali.plebania.hu\/wp-content\/uploads\/2020\/04\/22-1-scaled.jpg\" data-link=\"https:\/\/marcali.plebania.hu\/?attachment_id=1766\" class=\"wp-image-1766\" srcset=\"https:\/\/marcali.plebania.hu\/wp-content\/uploads\/2020\/04\/22-1-1024x683.jpg 1024w, https:\/\/marcali.plebania.hu\/wp-content\/uploads\/2020\/04\/22-1-300x200.jpg 300w, https:\/\/marcali.plebania.hu\/wp-content\/uploads\/2020\/04\/22-1-768x512.jpg 768w, https:\/\/marcali.plebania.hu\/wp-content\/uploads\/2020\/04\/22-1-1536x1024.jpg 1536w, https:\/\/marcali.plebania.hu\/wp-content\/uploads\/2020\/04\/22-1-2048x1365.jpg 2048w, https:\/\/marcali.plebania.hu\/wp-content\/uploads\/2020\/04\/22-1-405x270.jpg 405w\" sizes=\"auto, (max-width: 1024px) 100vw, 1024px\" \/><\/figure><\/li><li class=\"blocks-gallery-item\"><figure><img loading=\"lazy\" decoding=\"async\" width=\"1024\" height=\"683\" src=\"https:\/\/marcali.plebania.hu\/wp-content\/uploads\/2020\/04\/23-1024x683.jpg\" alt=\"\" data-id=\"1767\" data-full-url=\"https:\/\/marcali.plebania.hu\/wp-content\/uploads\/2020\/04\/23-scaled.jpg\" data-link=\"https:\/\/marcali.plebania.hu\/?attachment_id=1767\" class=\"wp-image-1767\" srcset=\"https:\/\/marcali.plebania.hu\/wp-content\/uploads\/2020\/04\/23-1024x683.jpg 1024w, https:\/\/marcali.plebania.hu\/wp-content\/uploads\/2020\/04\/23-300x200.jpg 300w, https:\/\/marcali.plebania.hu\/wp-content\/uploads\/2020\/04\/23-768x512.jpg 768w, https:\/\/marcali.plebania.hu\/wp-content\/uploads\/2020\/04\/23-1536x1024.jpg 1536w, https:\/\/marcali.plebania.hu\/wp-content\/uploads\/2020\/04\/23-2048x1365.jpg 2048w, https:\/\/marcali.plebania.hu\/wp-content\/uploads\/2020\/04\/23-405x270.jpg 405w\" sizes=\"auto, (max-width: 1024px) 100vw, 1024px\" \/><\/figure><\/li><\/ul><\/figure>\n\n\n\n<p>Kiss Iv\u00e1n atya ezut\u00e1n m\u00e9g mindenkinek \u00e1ldott h\u00fasv\u00e9tot k\u00edv\u00e1nt, \u00e9s \u00fcnnepi z\u00e1rsz\u00f3k\u00e9nt hozz\u00e1f\u0171zte m\u00e9g intelmeit: \u201eIsten \u00e1ldjon titeket! Maradjatok otthon \u00e9s ne felejtsetek el im\u00e1dkozni!\u201d<\/p>\n\n\n\n<figure class=\"wp-block-gallery columns-3 is-cropped wp-block-gallery-5 is-layout-flex wp-block-gallery-is-layout-flex\"><ul class=\"blocks-gallery-grid\"><li class=\"blocks-gallery-item\"><figure><img loading=\"lazy\" decoding=\"async\" width=\"1024\" height=\"683\" src=\"https:\/\/marcali.plebania.hu\/wp-content\/uploads\/2020\/04\/24-1024x683.jpg\" alt=\"\" data-id=\"1768\" data-full-url=\"https:\/\/marcali.plebania.hu\/wp-content\/uploads\/2020\/04\/24-scaled.jpg\" data-link=\"https:\/\/marcali.plebania.hu\/?attachment_id=1768\" class=\"wp-image-1768\" srcset=\"https:\/\/marcali.plebania.hu\/wp-content\/uploads\/2020\/04\/24-1024x683.jpg 1024w, https:\/\/marcali.plebania.hu\/wp-content\/uploads\/2020\/04\/24-300x200.jpg 300w, https:\/\/marcali.plebania.hu\/wp-content\/uploads\/2020\/04\/24-768x512.jpg 768w, https:\/\/marcali.plebania.hu\/wp-content\/uploads\/2020\/04\/24-1536x1024.jpg 1536w, https:\/\/marcali.plebania.hu\/wp-content\/uploads\/2020\/04\/24-2048x1365.jpg 2048w, https:\/\/marcali.plebania.hu\/wp-content\/uploads\/2020\/04\/24-405x270.jpg 405w\" sizes=\"auto, (max-width: 1024px) 100vw, 1024px\" \/><\/figure><\/li><li class=\"blocks-gallery-item\"><figure><img loading=\"lazy\" decoding=\"async\" width=\"1024\" height=\"683\" src=\"https:\/\/marcali.plebania.hu\/wp-content\/uploads\/2020\/04\/25-1024x683.jpg\" alt=\"\" data-id=\"1769\" data-full-url=\"https:\/\/marcali.plebania.hu\/wp-content\/uploads\/2020\/04\/25-scaled.jpg\" data-link=\"https:\/\/marcali.plebania.hu\/?attachment_id=1769\" class=\"wp-image-1769\" srcset=\"https:\/\/marcali.plebania.hu\/wp-content\/uploads\/2020\/04\/25-1024x683.jpg 1024w, https:\/\/marcali.plebania.hu\/wp-content\/uploads\/2020\/04\/25-300x200.jpg 300w, https:\/\/marcali.plebania.hu\/wp-content\/uploads\/2020\/04\/25-768x512.jpg 768w, https:\/\/marcali.plebania.hu\/wp-content\/uploads\/2020\/04\/25-1536x1024.jpg 1536w, https:\/\/marcali.plebania.hu\/wp-content\/uploads\/2020\/04\/25-2048x1365.jpg 2048w, https:\/\/marcali.plebania.hu\/wp-content\/uploads\/2020\/04\/25-405x270.jpg 405w\" sizes=\"auto, (max-width: 1024px) 100vw, 1024px\" \/><\/figure><\/li><li class=\"blocks-gallery-item\"><figure><img loading=\"lazy\" decoding=\"async\" width=\"1024\" height=\"683\" src=\"https:\/\/marcali.plebania.hu\/wp-content\/uploads\/2020\/04\/26-1024x683.jpg\" alt=\"\" data-id=\"1770\" data-full-url=\"https:\/\/marcali.plebania.hu\/wp-content\/uploads\/2020\/04\/26-scaled.jpg\" data-link=\"https:\/\/marcali.plebania.hu\/?attachment_id=1770\" class=\"wp-image-1770\" srcset=\"https:\/\/marcali.plebania.hu\/wp-content\/uploads\/2020\/04\/26-1024x683.jpg 1024w, https:\/\/marcali.plebania.hu\/wp-content\/uploads\/2020\/04\/26-300x200.jpg 300w, https:\/\/marcali.plebania.hu\/wp-content\/uploads\/2020\/04\/26-768x512.jpg 768w, https:\/\/marcali.plebania.hu\/wp-content\/uploads\/2020\/04\/26-1536x1024.jpg 1536w, https:\/\/marcali.plebania.hu\/wp-content\/uploads\/2020\/04\/26-2048x1365.jpg 2048w, https:\/\/marcali.plebania.hu\/wp-content\/uploads\/2020\/04\/26-405x270.jpg 405w\" sizes=\"auto, (max-width: 1024px) 100vw, 1024px\" \/><\/figure><\/li><li class=\"blocks-gallery-item\"><figure><img loading=\"lazy\" decoding=\"async\" width=\"1024\" height=\"683\" src=\"https:\/\/marcali.plebania.hu\/wp-content\/uploads\/2020\/04\/27-1024x683.jpg\" alt=\"\" data-id=\"1771\" data-full-url=\"https:\/\/marcali.plebania.hu\/wp-content\/uploads\/2020\/04\/27-scaled.jpg\" data-link=\"https:\/\/marcali.plebania.hu\/?attachment_id=1771\" class=\"wp-image-1771\" srcset=\"https:\/\/marcali.plebania.hu\/wp-content\/uploads\/2020\/04\/27-1024x683.jpg 1024w, https:\/\/marcali.plebania.hu\/wp-content\/uploads\/2020\/04\/27-300x200.jpg 300w, https:\/\/marcali.plebania.hu\/wp-content\/uploads\/2020\/04\/27-768x512.jpg 768w, https:\/\/marcali.plebania.hu\/wp-content\/uploads\/2020\/04\/27-1536x1024.jpg 1536w, https:\/\/marcali.plebania.hu\/wp-content\/uploads\/2020\/04\/27-2048x1365.jpg 2048w, https:\/\/marcali.plebania.hu\/wp-content\/uploads\/2020\/04\/27-405x270.jpg 405w\" sizes=\"auto, (max-width: 1024px) 100vw, 1024px\" \/><\/figure><\/li><\/ul><\/figure>\n","protected":false},"excerpt":{"rendered":"<p>A koronav\u00edrus-j\u00e1rv\u00e1ny miatt \u2013 mind\u00f6ssze n\u00e9h\u00e1ny k\u00f6zrem\u0171k\u00f6d\u0151 kiv\u00e9tel\u00e9vel \u2013 a h\u00edvek r\u00e9szv\u00e9tele n\u00e9lk\u00fcl lehetett megtartani a nagyheti szertart\u00e1sokat \u00e9s a h\u00fasv\u00e9ti \u00fcnnepeket a marcali Gy\u00fcm\u00f6lcsolt\u00f3 Boldogasszony pl\u00e9b\u00e1niatemplomban. 2020. \u00e1prilis 12-\u00e9n, H\u00fasv\u00e9tvas\u00e1rnap 9 \u00f3rakor k\u00f6zvet\u00edtette a Tavi Tv h\u00fasv\u00e9t vig\u00edli\u00e1j\u00e1nak a szertart\u00e1s\u00e1t, melyet Kiss Iv\u00e1n c. pr\u00e9post, esperes-pl\u00e9b\u00e1nos celebr\u00e1lt. A liturgia \u2013 a j\u00e1rv\u00e1ny miatt \u2013 r\u00f6videbb form\u00e1ban t\u00f6rt\u00e9nt, a templom bej\u00e1rat\u00e1n\u00e1l elv\u00e9gzett t\u0171zszentel\u00e9s szertart\u00e1sa ez\u00fattal elmaradt. A h\u00fasv\u00e9ti gyerty\u00e1s bevonul\u00e1s is csak a sekresty\u00e9b\u0151l indult. Majd Balogh B\u00e1lint k\u00e1ntor el\u00e9nekelte&#8230;<\/p>\n<p class=\"read-more\"><a class=\"btn btn-default\" href=\"https:\/\/marcali.plebania.hu\/?p=1750\"> Read More<span class=\"screen-reader-text\">  Read More<\/span><\/a><\/p>\n","protected":false},"author":2,"featured_media":0,"comment_status":"closed","ping_status":"open","sticky":false,"template":"","format":"standard","meta":{"footnotes":""},"categories":[1],"tags":[],"class_list":["post-1750","post","type-post","status-publish","format-standard","hentry","category-egyeb"],"_links":{"self":[{"href":"https:\/\/marcali.plebania.hu\/index.php?rest_route=\/wp\/v2\/posts\/1750","targetHints":{"allow":["GET"]}}],"collection":[{"href":"https:\/\/marcali.plebania.hu\/index.php?rest_route=\/wp\/v2\/posts"}],"about":[{"href":"https:\/\/marcali.plebania.hu\/index.php?rest_route=\/wp\/v2\/types\/post"}],"author":[{"embeddable":true,"href":"https:\/\/marcali.plebania.hu\/index.php?rest_route=\/wp\/v2\/users\/2"}],"replies":[{"embeddable":true,"href":"https:\/\/marcali.plebania.hu\/index.php?rest_route=%2Fwp%2Fv2%2Fcomments&post=1750"}],"version-history":[{"count":1,"href":"https:\/\/marcali.plebania.hu\/index.php?rest_route=\/wp\/v2\/posts\/1750\/revisions"}],"predecessor-version":[{"id":1772,"href":"https:\/\/marcali.plebania.hu\/index.php?rest_route=\/wp\/v2\/posts\/1750\/revisions\/1772"}],"wp:attachment":[{"href":"https:\/\/marcali.plebania.hu\/index.php?rest_route=%2Fwp%2Fv2%2Fmedia&parent=1750"}],"wp:term":[{"taxonomy":"category","embeddable":true,"href":"https:\/\/marcali.plebania.hu\/index.php?rest_route=%2Fwp%2Fv2%2Fcategories&post=1750"},{"taxonomy":"post_tag","embeddable":true,"href":"https:\/\/marcali.plebania.hu\/index.php?rest_route=%2Fwp%2Fv2%2Ftags&post=1750"}],"curies":[{"name":"wp","href":"https:\/\/api.w.org\/{rel}","templated":true}]}}