{"id":1773,"date":"2020-04-14T08:19:42","date_gmt":"2020-04-14T08:19:42","guid":{"rendered":"https:\/\/marcali.plebania.hu\/?p=1773"},"modified":"2020-04-14T08:19:42","modified_gmt":"2020-04-14T08:19:42","slug":"a-marcali-karitasz-csoport-ajandekcsomagokat-juttatott-el-a-raszoruloknak-husvet-alkalmabol","status":"publish","type":"post","link":"https:\/\/marcali.plebania.hu\/?p=1773","title":{"rendered":"A Marcali Karit\u00e1sz Csoport aj\u00e1nd\u00e9kcsomagokat juttatott el a r\u00e1szorul\u00f3knak H\u00fasv\u00e9t alkalm\u00e1b\u00f3l"},"content":{"rendered":"\n<p>A Marcali Karit\u00e1sz Csoport az \u00fcnnepek k\u00f6zeledt\u00e9vel minden \u00e9vben gondol a v\u00e1rosban \u00e9l\u0151 neh\u00e9z sors\u00fa r\u00e1szorul\u00f3kra is. A kor\u00e1bbi \u00e9vekhez hasonl\u00f3an, az idei esztend\u0151ben is, a nagyh\u00e9t folyam\u00e1n, tart\u00f3s \u00e9lelmiszerekb\u0151l \u00e1ll\u00f3 csomagokkal aj\u00e1nd\u00e9koztak meg 30 marcali csal\u00e1dot, hogy egy kicsit szebb\u00e9 tegy\u00e9k a h\u00fasv\u00e9ti \u00fcnnepet \u2013 mondta el S\u00e1voly Andrea Karit\u00e1sz-vezet\u0151.<\/p>\n\n\n\n<div class=\"wp-block-image\"><figure class=\"aligncenter size-large\"><img loading=\"lazy\" decoding=\"async\" width=\"419\" height=\"600\" src=\"https:\/\/marcali.plebania.hu\/wp-content\/uploads\/2020\/04\/Karitasz-logo.jpg\" alt=\"\" class=\"wp-image-1774\" srcset=\"https:\/\/marcali.plebania.hu\/wp-content\/uploads\/2020\/04\/Karitasz-logo.jpg 419w, https:\/\/marcali.plebania.hu\/wp-content\/uploads\/2020\/04\/Karitasz-logo-210x300.jpg 210w, https:\/\/marcali.plebania.hu\/wp-content\/uploads\/2020\/04\/Karitasz-logo-189x270.jpg 189w\" sizes=\"auto, (max-width: 419px) 100vw, 419px\" \/><\/figure><\/div>\n\n\n\n<p>A\nkoronav\u00edrus-j\u00e1rv\u00e1nyra val\u00f3 tekintettel \u00e9s a biztons\u00e1gi \u00f3vint\u00e9zked\u00e9sek\nmegtart\u00e1s\u00e1val, a nyilv\u00e1nos \u00e1tad\u00e1st elker\u00fclt\u00e9k. A k\u00f6zmunk\u00e1sok r\u00e9sz\u00e9re sz\u00e1nt 15\ndb csomagot a GAMESZ szervezet egyik k\u00e9pvisel\u0151j\u00e9nek juttatt\u00e1k el, aki\nkiosztotta az \u00e9rintetteknek az adom\u00e1nyt. A marad\u00e9k 15 csomagot pedig a R\u00f3mai\nKatolikus Egyh\u00e1zk\u00f6zs\u00e9g l\u00e1t\u00f3k\u00f6r\u00e9be tartoz\u00f3knak k\u00fcl\u00f6n-k\u00fcl\u00f6n \u2013 a szem\u00e9lyes\nkapcsolatokat minim\u00e1lisra reduk\u00e1lva \u2013 adt\u00e1k \u00e1t.<\/p>\n\n\n\n<p>A Katolikus Karit\u00e1sz nemcsak a f\u0151bb \u00fcnnepek (H\u00fasv\u00e9t, Kar\u00e1csony) alkalm\u00e1val, hanem \u00e9v k\u00f6zben is sz\u00e1mos akci\u00f3val (pl. vet\u0151magok, k\u00e1lyh\u00e1k, t\u0171zifa, pelenka, B\u00e9res csepp, iskolakezd\u00e9si t\u00e1mogat\u00e1sok stb.) seg\u00edti a r\u00e1szorul\u00f3kat. A Marcali Csoport, az orsz\u00e1gos felh\u00edv\u00e1sokhoz csatlakozva, minden \u00e9vben t\u00f6bbsz\u00f6r is gy\u0171jt\u00e9st szervez a neh\u00e9z-sors\u00fa embert\u00e1rsainak, amit mindig az \u00fcnnepek el\u0151tt juttatnak el a helyben lak\u00f3knak.<\/p>\n","protected":false},"excerpt":{"rendered":"<p>A Marcali Karit\u00e1sz Csoport az \u00fcnnepek k\u00f6zeledt\u00e9vel minden \u00e9vben gondol a v\u00e1rosban \u00e9l\u0151 neh\u00e9z sors\u00fa r\u00e1szorul\u00f3kra is. A kor\u00e1bbi \u00e9vekhez hasonl\u00f3an, az idei esztend\u0151ben is, a nagyh\u00e9t folyam\u00e1n, tart\u00f3s \u00e9lelmiszerekb\u0151l \u00e1ll\u00f3 csomagokkal aj\u00e1nd\u00e9koztak meg 30 marcali csal\u00e1dot, hogy egy kicsit szebb\u00e9 tegy\u00e9k a h\u00fasv\u00e9ti \u00fcnnepet \u2013 mondta el S\u00e1voly Andrea Karit\u00e1sz-vezet\u0151. A koronav\u00edrus-j\u00e1rv\u00e1nyra val\u00f3 tekintettel \u00e9s a biztons\u00e1gi \u00f3vint\u00e9zked\u00e9sek megtart\u00e1s\u00e1val, a nyilv\u00e1nos \u00e1tad\u00e1st elker\u00fclt\u00e9k. A k\u00f6zmunk\u00e1sok r\u00e9sz\u00e9re sz\u00e1nt 15 db csomagot a GAMESZ szervezet egyik k\u00e9pvisel\u0151j\u00e9nek juttatt\u00e1k el, aki kiosztotta&#8230;<\/p>\n<p class=\"read-more\"><a class=\"btn btn-default\" href=\"https:\/\/marcali.plebania.hu\/?p=1773\"> Read More<span class=\"screen-reader-text\">  Read More<\/span><\/a><\/p>\n","protected":false},"author":2,"featured_media":0,"comment_status":"closed","ping_status":"open","sticky":false,"template":"","format":"standard","meta":{"footnotes":""},"categories":[1],"tags":[],"class_list":["post-1773","post","type-post","status-publish","format-standard","hentry","category-egyeb"],"_links":{"self":[{"href":"https:\/\/marcali.plebania.hu\/index.php?rest_route=\/wp\/v2\/posts\/1773","targetHints":{"allow":["GET"]}}],"collection":[{"href":"https:\/\/marcali.plebania.hu\/index.php?rest_route=\/wp\/v2\/posts"}],"about":[{"href":"https:\/\/marcali.plebania.hu\/index.php?rest_route=\/wp\/v2\/types\/post"}],"author":[{"embeddable":true,"href":"https:\/\/marcali.plebania.hu\/index.php?rest_route=\/wp\/v2\/users\/2"}],"replies":[{"embeddable":true,"href":"https:\/\/marcali.plebania.hu\/index.php?rest_route=%2Fwp%2Fv2%2Fcomments&post=1773"}],"version-history":[{"count":1,"href":"https:\/\/marcali.plebania.hu\/index.php?rest_route=\/wp\/v2\/posts\/1773\/revisions"}],"predecessor-version":[{"id":1775,"href":"https:\/\/marcali.plebania.hu\/index.php?rest_route=\/wp\/v2\/posts\/1773\/revisions\/1775"}],"wp:attachment":[{"href":"https:\/\/marcali.plebania.hu\/index.php?rest_route=%2Fwp%2Fv2%2Fmedia&parent=1773"}],"wp:term":[{"taxonomy":"category","embeddable":true,"href":"https:\/\/marcali.plebania.hu\/index.php?rest_route=%2Fwp%2Fv2%2Fcategories&post=1773"},{"taxonomy":"post_tag","embeddable":true,"href":"https:\/\/marcali.plebania.hu\/index.php?rest_route=%2Fwp%2Fv2%2Ftags&post=1773"}],"curies":[{"name":"wp","href":"https:\/\/api.w.org\/{rel}","templated":true}]}}