{"id":1776,"date":"2020-04-17T08:12:16","date_gmt":"2020-04-17T08:12:16","guid":{"rendered":"https:\/\/marcali.plebania.hu\/?p=1776"},"modified":"2020-04-17T08:12:16","modified_gmt":"2020-04-17T08:12:16","slug":"hirdetesek-2020-04-19","status":"publish","type":"post","link":"https:\/\/marcali.plebania.hu\/?p=1776","title":{"rendered":"Hirdet\u00e9sek, 2020. 04. 19."},"content":{"rendered":"\n<ol class=\"wp-block-list\"><li>Ma H\u00fasv\u00e9t 2. vas\u00e1rnapja van.<\/li><li>Am\u00edg tart ez a rendk\u00edv\u00fcli helyzet, addig v\u00e1ltozatlanul\na templom nyitva van, de nyilv\u00e1nos istentisztelet nem lehets\u00e9ges. K\u00e9rj\u00fck a\ntestv\u00e9reket, hogy \u00fagy kapcsol\u00f3djanak bele a vas\u00e1rnapi 9 \u00f3r\u00e1s istentiszteletbe (a\nTavi Tv-n l\u00e1that\u00f3), hogy a szentmis\u00e9n lelki \u00e1ldoz\u00e1st is v\u00e9gezzenek. A lelki\n\u00e1ldoz\u00e1s minden imak\u00f6nyvben megtal\u00e1lhat\u00f3.<\/li><li>Az egyh\u00e1zk\u00f6zs\u00e9gek el\u00e9g neh\u00e9z anyagi helyzetbe\nker\u00fcltek, mivel egyik f\u0151 bev\u00e9teli forr\u00e1suk a vas\u00e1rnapi perselyp\u00e9nz volt \u00e9s az\negyh\u00e1zi ad\u00f3. Mivel most mind a kett\u0151 sz\u00fcnetel \u00e9s nek\u00fcnk f\u0151\u00e1ll\u00e1s\u00fa \u00e9s megb\u00edz\u00e1si\nmunkaviszonyban l\u00e9v\u0151k fizet\u00e9s\u00e9t \u00e9s a templomok rezsij\u00e9t kell fizetni, ez\u00e9rt\narra k\u00e9rj\u00fck a kedves h\u00edveket, hogy a sokfel\u00e9 szok\u00e1sba j\u00f6tt gyakorlatot\nk\u00f6vess\u00e9k: l\u00e9tes\u00edtsenek otthon egy perselyt, melybe minden vas\u00e1rnap beleteszik a\nszokott perselyp\u00e9nz\u00fcket \u00e9s azt az \u00f6sszeget a j\u00e1rv\u00e1ny megsz\u0171n\u00e9se ut\u00e1n elhozz\u00e1k a\nszentmis\u00e9re. Meg\u00e9rt\u00e9s\u00fcket k\u00f6sz\u00f6nj\u00fck!<\/li><li>A pl\u00e9b\u00e1nos, \u00e9letkora miatt \u00f6nk\u00e9ntes h\u00e1zi karant\u00e9nban\nvonult, ez\u00e9rt nem l\u00e1that\u00f3 temet\u00e9seken. Helyette a k\u00f6rny\u00e9kbeli fiatalabb aty\u00e1k\nszolg\u00e1lnak a temet\u00e9si szertart\u00e1sokon.<\/li><li>Csatlakozzunk Ferenc p\u00e1pa felh\u00edv\u00e1saihoz, aki k\u00f6z\u00f6s\nim\u00e1ds\u00e1gra h\u00edv benn\u00fcnket minden d\u00e9lben az \u00darangyala el\u0151tt egy Miaty\u00e1nkot is\nmondjunk el. A K\u00c9SZ felh\u00edv\u00e1s\u00e1ra est\u00e9nk\u00e9nt 20 \u00f3rakor ugyancsak egy Miaty\u00e1nkot\nmondjunk el.<\/li><li>A pl\u00e9b\u00e1nia \u00fcgyf\u00e9lfogad\u00e1s is megv\u00e1ltozott, el\u0151zetes\ntelefonegyeztet\u00e9sre h\u00edvj\u00e1k az 510-233-at \u00e9s lehet\u0151leg egy szem\u00e9ly j\u00f6jj\u00f6n \u00fcgyet\nint\u00e9zni.<\/li><\/ol>\n","protected":false},"excerpt":{"rendered":"<p>Ma H\u00fasv\u00e9t 2. vas\u00e1rnapja van. Am\u00edg tart ez a rendk\u00edv\u00fcli helyzet, addig v\u00e1ltozatlanul a templom nyitva van, de nyilv\u00e1nos istentisztelet nem lehets\u00e9ges. K\u00e9rj\u00fck a testv\u00e9reket, hogy \u00fagy kapcsol\u00f3djanak bele a vas\u00e1rnapi 9 \u00f3r\u00e1s istentiszteletbe (a Tavi Tv-n l\u00e1that\u00f3), hogy a szentmis\u00e9n lelki \u00e1ldoz\u00e1st is v\u00e9gezzenek. A lelki \u00e1ldoz\u00e1s minden imak\u00f6nyvben megtal\u00e1lhat\u00f3. Az egyh\u00e1zk\u00f6zs\u00e9gek el\u00e9g neh\u00e9z anyagi helyzetbe ker\u00fcltek, mivel egyik f\u0151 bev\u00e9teli forr\u00e1suk a vas\u00e1rnapi perselyp\u00e9nz volt \u00e9s az egyh\u00e1zi ad\u00f3. Mivel most mind a kett\u0151 sz\u00fcnetel \u00e9s nek\u00fcnk f\u0151\u00e1ll\u00e1s\u00fa&#8230;<\/p>\n<p class=\"read-more\"><a class=\"btn btn-default\" href=\"https:\/\/marcali.plebania.hu\/?p=1776\"> Read More<span class=\"screen-reader-text\">  Read More<\/span><\/a><\/p>\n","protected":false},"author":2,"featured_media":0,"comment_status":"closed","ping_status":"open","sticky":false,"template":"","format":"standard","meta":{"footnotes":""},"categories":[1],"tags":[],"class_list":["post-1776","post","type-post","status-publish","format-standard","hentry","category-egyeb"],"_links":{"self":[{"href":"https:\/\/marcali.plebania.hu\/index.php?rest_route=\/wp\/v2\/posts\/1776","targetHints":{"allow":["GET"]}}],"collection":[{"href":"https:\/\/marcali.plebania.hu\/index.php?rest_route=\/wp\/v2\/posts"}],"about":[{"href":"https:\/\/marcali.plebania.hu\/index.php?rest_route=\/wp\/v2\/types\/post"}],"author":[{"embeddable":true,"href":"https:\/\/marcali.plebania.hu\/index.php?rest_route=\/wp\/v2\/users\/2"}],"replies":[{"embeddable":true,"href":"https:\/\/marcali.plebania.hu\/index.php?rest_route=%2Fwp%2Fv2%2Fcomments&post=1776"}],"version-history":[{"count":1,"href":"https:\/\/marcali.plebania.hu\/index.php?rest_route=\/wp\/v2\/posts\/1776\/revisions"}],"predecessor-version":[{"id":1777,"href":"https:\/\/marcali.plebania.hu\/index.php?rest_route=\/wp\/v2\/posts\/1776\/revisions\/1777"}],"wp:attachment":[{"href":"https:\/\/marcali.plebania.hu\/index.php?rest_route=%2Fwp%2Fv2%2Fmedia&parent=1776"}],"wp:term":[{"taxonomy":"category","embeddable":true,"href":"https:\/\/marcali.plebania.hu\/index.php?rest_route=%2Fwp%2Fv2%2Fcategories&post=1776"},{"taxonomy":"post_tag","embeddable":true,"href":"https:\/\/marcali.plebania.hu\/index.php?rest_route=%2Fwp%2Fv2%2Ftags&post=1776"}],"curies":[{"name":"wp","href":"https:\/\/api.w.org\/{rel}","templated":true}]}}