{"id":178,"date":"2018-03-31T17:52:21","date_gmt":"2018-03-31T17:52:21","guid":{"rendered":"https:\/\/marcali.plebania.hu\/?p=178"},"modified":"2018-04-24T17:56:03","modified_gmt":"2018-04-24T17:56:03","slug":"husvet-vigiliaja-marcaliban","status":"publish","type":"post","link":"https:\/\/marcali.plebania.hu\/?p=178","title":{"rendered":"H\u00fasv\u00e9t vig\u00edli\u00e1ja Marcaliban"},"content":{"rendered":"<p>2018. m\u00e1rcius 31-\u00e9n, Nagyszombaton 18 \u00f3rakor kezd\u0151d\u00f6tt h\u00fasv\u00e9t vig\u00edli\u00e1j\u00e1nak a szertart\u00e1sa, melyen t\u00f6bb sz\u00e1zan vettek r\u00e9szt a Marcali pl\u00e9b\u00e1niatemplomban. Kiss Iv\u00e1n c. pr\u00e9post, esperes-pl\u00e9b\u00e1nos \u00far el\u0151sz\u00f6r megszentelte az \u00faj t\u0171zet, majd err\u0151l gy\u00fajtott\u00e1k meg az \u00faj h\u00fasv\u00e9ti gyerty\u00e1t. Ezut\u00e1n ezzel az \u00faj h\u00fasv\u00e9ti gyerty\u00e1val vonultak be a templomba, ahol a h\u00fasv\u00e9ti \u00f6r\u00f6m\u00e9neket Balogh B\u00e1lint k\u00e1ntor \u00e9nekelte el. Majd a zsid\u00f3 h\u00fasv\u00e9tot az \u00f3sz\u00f6vets\u00e9gi olvasm\u00e1nyok r\u00e9v\u00e9n id\u00e9zt\u00e9k fel. Ezt k\u00f6vet\u0151en a dics\u0151ss\u00e9ggel kezd\u0151d\u00f6tt meg a felt\u00e1mad\u00e1si szentmise, mik\u00f6zben megsz\u00f3laltak a nagycs\u00fct\u00f6rt\u00f6k este \u00f3ta n\u00e9ma harangok. A szentmise alatt a h\u00edvek meg\u00faj\u00edtott\u00e1k kereszts\u00e9gi fogadalmukat, majd Iv\u00e1n atya egy iskol\u00e1s l\u00e1nyt \u00e9s egy feln\u0151tt fiatalt megkeresztelt, illetve egy m\u00e1sik fiatalt, pedig a b\u00e9rm\u00e1l\u00e1s szents\u00e9g\u00e9ben r\u00e9szes\u00edtett. A felt\u00e1mad\u00e1si szentmise v\u00e9g\u00e9n &#8211; az es\u0151s id\u0151 miatt &#8211; a felt\u00e1mad\u00e1si k\u00f6rmenetet csak a templomban lehetett megtartani, melynek sor\u00e1n Iv\u00e1n atya \u00e1ld\u00e1st osztott a h\u00edveknek. A h\u00fasv\u00e9ti \u00fcnnepek vas\u00e1rnap reggel \u00e9telszentel\u00e9si szentmis\u00e9vel, h\u00e9tf\u0151n, pedig gyermekek keresztel\u00e9s\u00e9vel folytat\u00f3dnak a pl\u00e9b\u00e1niatemplomban.<img loading=\"lazy\" decoding=\"async\" class=\"alignnone size-full wp-image-179\" src=\"https:\/\/marcali.plebania.hu\/wp-content\/uploads\/2018\/04\/80331.jpg\" alt=\"\" width=\"1000\" height=\"667\" srcset=\"https:\/\/marcali.plebania.hu\/wp-content\/uploads\/2018\/04\/80331.jpg 1000w, https:\/\/marcali.plebania.hu\/wp-content\/uploads\/2018\/04\/80331-300x200.jpg 300w, https:\/\/marcali.plebania.hu\/wp-content\/uploads\/2018\/04\/80331-768x512.jpg 768w, https:\/\/marcali.plebania.hu\/wp-content\/uploads\/2018\/04\/80331-405x270.jpg 405w\" sizes=\"auto, (max-width: 1000px) 100vw, 1000px\" \/><\/p>\n","protected":false},"excerpt":{"rendered":"<p>2018. m\u00e1rcius 31-\u00e9n, Nagyszombaton 18 \u00f3rakor kezd\u0151d\u00f6tt h\u00fasv\u00e9t vig\u00edli\u00e1j\u00e1nak a szertart\u00e1sa, melyen t\u00f6bb sz\u00e1zan vettek r\u00e9szt a Marcali pl\u00e9b\u00e1niatemplomban. Kiss Iv\u00e1n c. pr\u00e9post, esperes-pl\u00e9b\u00e1nos \u00far el\u0151sz\u00f6r megszentelte az \u00faj t\u0171zet, majd err\u0151l gy\u00fajtott\u00e1k meg az \u00faj h\u00fasv\u00e9ti gyerty\u00e1t. Ezut\u00e1n ezzel az \u00faj h\u00fasv\u00e9ti gyerty\u00e1val vonultak be a templomba, ahol a h\u00fasv\u00e9ti \u00f6r\u00f6m\u00e9neket Balogh B\u00e1lint k\u00e1ntor \u00e9nekelte el. Majd a zsid\u00f3 h\u00fasv\u00e9tot az \u00f3sz\u00f6vets\u00e9gi olvasm\u00e1nyok r\u00e9v\u00e9n id\u00e9zt\u00e9k fel. Ezt k\u00f6vet\u0151en a dics\u0151ss\u00e9ggel kezd\u0151d\u00f6tt meg a felt\u00e1mad\u00e1si szentmise, mik\u00f6zben megsz\u00f3laltak a nagycs\u00fct\u00f6rt\u00f6k&#8230;<\/p>\n<p class=\"read-more\"><a class=\"btn btn-default\" href=\"https:\/\/marcali.plebania.hu\/?p=178\"> Read More<span class=\"screen-reader-text\">  Read More<\/span><\/a><\/p>\n","protected":false},"author":1,"featured_media":0,"comment_status":"closed","ping_status":"open","sticky":false,"template":"","format":"standard","meta":{"footnotes":""},"categories":[4],"tags":[],"class_list":["post-178","post","type-post","status-publish","format-standard","hentry","category-hirek"],"_links":{"self":[{"href":"https:\/\/marcali.plebania.hu\/index.php?rest_route=\/wp\/v2\/posts\/178","targetHints":{"allow":["GET"]}}],"collection":[{"href":"https:\/\/marcali.plebania.hu\/index.php?rest_route=\/wp\/v2\/posts"}],"about":[{"href":"https:\/\/marcali.plebania.hu\/index.php?rest_route=\/wp\/v2\/types\/post"}],"author":[{"embeddable":true,"href":"https:\/\/marcali.plebania.hu\/index.php?rest_route=\/wp\/v2\/users\/1"}],"replies":[{"embeddable":true,"href":"https:\/\/marcali.plebania.hu\/index.php?rest_route=%2Fwp%2Fv2%2Fcomments&post=178"}],"version-history":[{"count":2,"href":"https:\/\/marcali.plebania.hu\/index.php?rest_route=\/wp\/v2\/posts\/178\/revisions"}],"predecessor-version":[{"id":186,"href":"https:\/\/marcali.plebania.hu\/index.php?rest_route=\/wp\/v2\/posts\/178\/revisions\/186"}],"wp:attachment":[{"href":"https:\/\/marcali.plebania.hu\/index.php?rest_route=%2Fwp%2Fv2%2Fmedia&parent=178"}],"wp:term":[{"taxonomy":"category","embeddable":true,"href":"https:\/\/marcali.plebania.hu\/index.php?rest_route=%2Fwp%2Fv2%2Fcategories&post=178"},{"taxonomy":"post_tag","embeddable":true,"href":"https:\/\/marcali.plebania.hu\/index.php?rest_route=%2Fwp%2Fv2%2Ftags&post=178"}],"curies":[{"name":"wp","href":"https:\/\/api.w.org\/{rel}","templated":true}]}}