{"id":1781,"date":"2020-04-30T07:32:03","date_gmt":"2020-04-30T07:32:03","guid":{"rendered":"https:\/\/marcali.plebania.hu\/?p=1781"},"modified":"2020-04-30T07:32:03","modified_gmt":"2020-04-30T07:32:03","slug":"hirdetesek-2020-05-03","status":"publish","type":"post","link":"https:\/\/marcali.plebania.hu\/?p=1781","title":{"rendered":"Hirdet\u00e9sek, 2020. 05. 03."},"content":{"rendered":"\n<ol class=\"wp-block-list\"><li>Ma van H\u00fasv\u00e9t 3. vas\u00e1rnapja.<\/li><li>M\u00e1jus h\u00f3napban, mivel kifejezetten a Sz\u0171z Anya\nh\u00f3napja, otthonainkban v\u00e9gezz\u00fck el a Loretto-i lit\u00e1ni\u00e1t<\/li><li>T\u00f6bben \u00e9rdekl\u0151dnek az idei els\u0151\u00e1ldoz\u00e1s \u00e9s b\u00e9rm\u00e1l\u00e1s\nid\u0151pontj\u00e1r\u00f3l. Nem tudunk biztos v\u00e1laszt adni, mert nem tudjuk, hogy mikor lesz\na j\u00e1rv\u00e1ny v\u00e9ge. Ugyancsak t\u00f6bben \u00e9rdekl\u0151dnek a felvett misesz\u00e1nd\u00e9kok miatt,\nezeket meg fogjuk tartani, mihelyt a templomokban \u00fajb\u00f3l lehet liturgikus\ncselekm\u00e9nyeket v\u00e9gezni. Akiknek keresztel\u00e9s \u00e9s esk\u00fcv\u0151i id\u0151pontja volt, azok a\nj\u00e1rv\u00e1ny lecseng\u00e9se ut\u00e1n h\u00edvjanak telefonon \u00fajabb id\u0151pont egyeztet\u00e9sre.<\/li><li>Am\u00edg tart ez a rendk\u00edv\u00fcli helyzet, addig v\u00e1ltozatlanul\na templom nyitva van, de nyilv\u00e1nos istentisztelet nem lehets\u00e9ges. K\u00e9rj\u00fck a\ntestv\u00e9reket, hogy \u00fagy kapcsol\u00f3djanak bele a vas\u00e1rnapi 9 \u00f3r\u00e1s istentiszteletbe\n(a Tavi Tv-n l\u00e1that\u00f3), hogy a szentmis\u00e9n lelki \u00e1ldoz\u00e1st is v\u00e9gezzenek. A lelki\n\u00e1ldoz\u00e1s minden imak\u00f6nyvben megtal\u00e1lhat\u00f3.<\/li><li>Az egyh\u00e1zk\u00f6zs\u00e9gek el\u00e9g neh\u00e9z anyagi helyzetbe\nker\u00fcltek, mivel egyik f\u0151 bev\u00e9teli forr\u00e1suk a vas\u00e1rnapi perselyp\u00e9nz volt \u00e9s az\negyh\u00e1zi ad\u00f3. Mivel most mind a kett\u0151 sz\u00fcnetel \u00e9s nek\u00fcnk f\u0151\u00e1ll\u00e1s\u00fa \u00e9s megb\u00edz\u00e1si\nmunkaviszonyban l\u00e9v\u0151k fizet\u00e9s\u00e9t \u00e9s a templomok rezsij\u00e9t kell fizetni, ez\u00e9rt\narra k\u00e9rj\u00fck a kedves h\u00edveket, hogy a sokfel\u00e9 szok\u00e1sba j\u00f6tt gyakorlatot\nk\u00f6vess\u00e9k: l\u00e9tes\u00edtsenek otthon egy perselyt, melybe minden vas\u00e1rnap beleteszik a\nszokott perselyp\u00e9nz\u00fcket \u00e9s azt az \u00f6sszeget a j\u00e1rv\u00e1ny megsz\u0171n\u00e9se ut\u00e1n elhozz\u00e1k a\nszentmis\u00e9re. Meg\u00e9rt\u00e9s\u00fcket k\u00f6sz\u00f6nj\u00fck!<\/li><li>Csatlakozzunk Ferenc p\u00e1pa felh\u00edv\u00e1saihoz, aki k\u00f6z\u00f6s\nim\u00e1ds\u00e1gra h\u00edv benn\u00fcnket minden d\u00e9lben az \u00darangyala el\u0151tt egy Miaty\u00e1nkot is\nmondjunk el. A K\u00c9SZ felh\u00edv\u00e1s\u00e1ra est\u00e9nk\u00e9nt 20 \u00f3rakor ugyancsak egy Miaty\u00e1nkot\nmondjunk el.<\/li><li>A pl\u00e9b\u00e1nia \u00fcgyf\u00e9lfogad\u00e1s is megv\u00e1ltozott, el\u0151zetes\ntelefonegyeztet\u00e9sre h\u00edvj\u00e1k az 510-233-at \u00e9s lehet\u0151leg egy szem\u00e9ly j\u00f6jj\u00f6n \u00fcgyet\nint\u00e9zni.<\/li><\/ol>\n","protected":false},"excerpt":{"rendered":"<p>Ma van H\u00fasv\u00e9t 3. vas\u00e1rnapja. M\u00e1jus h\u00f3napban, mivel kifejezetten a Sz\u0171z Anya h\u00f3napja, otthonainkban v\u00e9gezz\u00fck el a Loretto-i lit\u00e1ni\u00e1t T\u00f6bben \u00e9rdekl\u0151dnek az idei els\u0151\u00e1ldoz\u00e1s \u00e9s b\u00e9rm\u00e1l\u00e1s id\u0151pontj\u00e1r\u00f3l. Nem tudunk biztos v\u00e1laszt adni, mert nem tudjuk, hogy mikor lesz a j\u00e1rv\u00e1ny v\u00e9ge. Ugyancsak t\u00f6bben \u00e9rdekl\u0151dnek a felvett misesz\u00e1nd\u00e9kok miatt, ezeket meg fogjuk tartani, mihelyt a templomokban \u00fajb\u00f3l lehet liturgikus cselekm\u00e9nyeket v\u00e9gezni. Akiknek keresztel\u00e9s \u00e9s esk\u00fcv\u0151i id\u0151pontja volt, azok a j\u00e1rv\u00e1ny lecseng\u00e9se ut\u00e1n h\u00edvjanak telefonon \u00fajabb id\u0151pont egyeztet\u00e9sre. Am\u00edg tart ez a&#8230;<\/p>\n<p class=\"read-more\"><a class=\"btn btn-default\" href=\"https:\/\/marcali.plebania.hu\/?p=1781\"> Read More<span class=\"screen-reader-text\">  Read More<\/span><\/a><\/p>\n","protected":false},"author":2,"featured_media":0,"comment_status":"closed","ping_status":"open","sticky":false,"template":"","format":"standard","meta":{"footnotes":""},"categories":[1],"tags":[],"class_list":["post-1781","post","type-post","status-publish","format-standard","hentry","category-egyeb"],"_links":{"self":[{"href":"https:\/\/marcali.plebania.hu\/index.php?rest_route=\/wp\/v2\/posts\/1781","targetHints":{"allow":["GET"]}}],"collection":[{"href":"https:\/\/marcali.plebania.hu\/index.php?rest_route=\/wp\/v2\/posts"}],"about":[{"href":"https:\/\/marcali.plebania.hu\/index.php?rest_route=\/wp\/v2\/types\/post"}],"author":[{"embeddable":true,"href":"https:\/\/marcali.plebania.hu\/index.php?rest_route=\/wp\/v2\/users\/2"}],"replies":[{"embeddable":true,"href":"https:\/\/marcali.plebania.hu\/index.php?rest_route=%2Fwp%2Fv2%2Fcomments&post=1781"}],"version-history":[{"count":1,"href":"https:\/\/marcali.plebania.hu\/index.php?rest_route=\/wp\/v2\/posts\/1781\/revisions"}],"predecessor-version":[{"id":1782,"href":"https:\/\/marcali.plebania.hu\/index.php?rest_route=\/wp\/v2\/posts\/1781\/revisions\/1782"}],"wp:attachment":[{"href":"https:\/\/marcali.plebania.hu\/index.php?rest_route=%2Fwp%2Fv2%2Fmedia&parent=1781"}],"wp:term":[{"taxonomy":"category","embeddable":true,"href":"https:\/\/marcali.plebania.hu\/index.php?rest_route=%2Fwp%2Fv2%2Fcategories&post=1781"},{"taxonomy":"post_tag","embeddable":true,"href":"https:\/\/marcali.plebania.hu\/index.php?rest_route=%2Fwp%2Fv2%2Ftags&post=1781"}],"curies":[{"name":"wp","href":"https:\/\/api.w.org\/{rel}","templated":true}]}}