{"id":1784,"date":"2020-05-04T07:10:13","date_gmt":"2020-05-04T07:10:13","guid":{"rendered":"https:\/\/marcali.plebania.hu\/?p=1784"},"modified":"2020-05-04T07:10:13","modified_gmt":"2020-05-04T07:10:13","slug":"anyak-napja-a-koronavirus-idejen-a-plebaniatemplomban","status":"publish","type":"post","link":"https:\/\/marcali.plebania.hu\/?p=1784","title":{"rendered":"Any\u00e1k napja a koronav\u00edrus idej\u00e9n a pl\u00e9b\u00e1niatemplomban"},"content":{"rendered":"\n<p>2020. m\u00e1jus 3. az \u00e9desany\u00e1kat \u00fcnneplik orsz\u00e1gszerte. H\u00fasv\u00e9t 4. vas\u00e1rnapj\u00e1n, a J\u00f3 P\u00e1sztor \u00fcnnep\u00e9n a Marcali Gy\u00fcm\u00f6lcsolt\u00f3 Boldogasszony pl\u00e9b\u00e1niatemplomban Kiss Iv\u00e1n c. pr\u00e9post, esperes-pl\u00e9b\u00e1nos a szentmis\u00e9t az \u00e9l\u0151 \u00e9s a m\u00e1r elhunyt \u00e9desany\u00e1k\u00e9rt mutatta be.<\/p>\n\n\n\n<figure class=\"wp-block-gallery columns-3 is-cropped wp-block-gallery-1 is-layout-flex wp-block-gallery-is-layout-flex\"><ul class=\"blocks-gallery-grid\"><li class=\"blocks-gallery-item\"><figure><img loading=\"lazy\" decoding=\"async\" width=\"1024\" height=\"683\" src=\"https:\/\/marcali.plebania.hu\/wp-content\/uploads\/2020\/05\/01-1024x683.jpg\" alt=\"\" data-id=\"1785\" data-link=\"https:\/\/marcali.plebania.hu\/?attachment_id=1785\" class=\"wp-image-1785\" srcset=\"https:\/\/marcali.plebania.hu\/wp-content\/uploads\/2020\/05\/01-1024x683.jpg 1024w, https:\/\/marcali.plebania.hu\/wp-content\/uploads\/2020\/05\/01-300x200.jpg 300w, https:\/\/marcali.plebania.hu\/wp-content\/uploads\/2020\/05\/01-768x512.jpg 768w, https:\/\/marcali.plebania.hu\/wp-content\/uploads\/2020\/05\/01-1536x1024.jpg 1536w, https:\/\/marcali.plebania.hu\/wp-content\/uploads\/2020\/05\/01-2048x1365.jpg 2048w, https:\/\/marcali.plebania.hu\/wp-content\/uploads\/2020\/05\/01-405x270.jpg 405w\" sizes=\"auto, (max-width: 1024px) 100vw, 1024px\" \/><\/figure><\/li><li class=\"blocks-gallery-item\"><figure><img loading=\"lazy\" decoding=\"async\" width=\"1024\" height=\"683\" src=\"https:\/\/marcali.plebania.hu\/wp-content\/uploads\/2020\/05\/02-1024x683.jpg\" alt=\"\" data-id=\"1786\" data-link=\"https:\/\/marcali.plebania.hu\/?attachment_id=1786\" class=\"wp-image-1786\" srcset=\"https:\/\/marcali.plebania.hu\/wp-content\/uploads\/2020\/05\/02-1024x683.jpg 1024w, https:\/\/marcali.plebania.hu\/wp-content\/uploads\/2020\/05\/02-300x200.jpg 300w, https:\/\/marcali.plebania.hu\/wp-content\/uploads\/2020\/05\/02-768x512.jpg 768w, https:\/\/marcali.plebania.hu\/wp-content\/uploads\/2020\/05\/02-1536x1024.jpg 1536w, https:\/\/marcali.plebania.hu\/wp-content\/uploads\/2020\/05\/02-2048x1365.jpg 2048w, https:\/\/marcali.plebania.hu\/wp-content\/uploads\/2020\/05\/02-405x270.jpg 405w\" sizes=\"auto, (max-width: 1024px) 100vw, 1024px\" \/><\/figure><\/li><li class=\"blocks-gallery-item\"><figure><img loading=\"lazy\" decoding=\"async\" width=\"1024\" height=\"683\" src=\"https:\/\/marcali.plebania.hu\/wp-content\/uploads\/2020\/05\/03-1024x683.jpg\" alt=\"\" data-id=\"1787\" data-link=\"https:\/\/marcali.plebania.hu\/?attachment_id=1787\" class=\"wp-image-1787\" srcset=\"https:\/\/marcali.plebania.hu\/wp-content\/uploads\/2020\/05\/03-1024x683.jpg 1024w, https:\/\/marcali.plebania.hu\/wp-content\/uploads\/2020\/05\/03-300x200.jpg 300w, https:\/\/marcali.plebania.hu\/wp-content\/uploads\/2020\/05\/03-768x512.jpg 768w, https:\/\/marcali.plebania.hu\/wp-content\/uploads\/2020\/05\/03-1536x1024.jpg 1536w, https:\/\/marcali.plebania.hu\/wp-content\/uploads\/2020\/05\/03-2048x1365.jpg 2048w, https:\/\/marcali.plebania.hu\/wp-content\/uploads\/2020\/05\/03-405x270.jpg 405w\" sizes=\"auto, (max-width: 1024px) 100vw, 1024px\" \/><\/figure><\/li><li class=\"blocks-gallery-item\"><figure><img loading=\"lazy\" decoding=\"async\" width=\"1024\" height=\"683\" src=\"https:\/\/marcali.plebania.hu\/wp-content\/uploads\/2020\/05\/05-1024x683.jpg\" alt=\"\" data-id=\"1788\" data-full-url=\"https:\/\/marcali.plebania.hu\/wp-content\/uploads\/2020\/05\/05-scaled.jpg\" data-link=\"https:\/\/marcali.plebania.hu\/?attachment_id=1788\" class=\"wp-image-1788\" srcset=\"https:\/\/marcali.plebania.hu\/wp-content\/uploads\/2020\/05\/05-1024x683.jpg 1024w, https:\/\/marcali.plebania.hu\/wp-content\/uploads\/2020\/05\/05-300x200.jpg 300w, https:\/\/marcali.plebania.hu\/wp-content\/uploads\/2020\/05\/05-768x512.jpg 768w, https:\/\/marcali.plebania.hu\/wp-content\/uploads\/2020\/05\/05-1536x1024.jpg 1536w, https:\/\/marcali.plebania.hu\/wp-content\/uploads\/2020\/05\/05-2048x1365.jpg 2048w, https:\/\/marcali.plebania.hu\/wp-content\/uploads\/2020\/05\/05-405x270.jpg 405w\" sizes=\"auto, (max-width: 1024px) 100vw, 1024px\" \/><\/figure><\/li><\/ul><\/figure>\n\n\n\n<p>A koronav\u00edrus-j\u00e1rv\u00e1ny miatt \u2013\ntov\u00e1bbra is a h\u00edvek r\u00e9szv\u00e9tele n\u00e9lk\u00fcl \u2013, mind\u00f6ssze n\u00e9h\u00e1ny k\u00f6zrem\u0171k\u00f6d\u0151\nseg\u00edts\u00e9g\u00e9vel lehet istentiszteleteket bemutatni. A Tavi Tv-n kereszt\u00fcl viszont\ntov\u00e1bbra is mindenki bekapcsol\u00f3dhat h\u00e9tr\u0151l-h\u00e9tre a marcali liturgi\u00e1ba, valamint\na helyi internetes f\u00f3rumokon \u00e9rtes\u00fclhetnek ezekr\u0151l az alkalmakr\u00f3l.<\/p>\n\n\n\n<p>Iv\u00e1n atya szentbesz\u00e9d\u00e9ben el\u0151sz\u00f6r felid\u00e9zte saj\u00e1t \u00e9desanyja eml\u00e9k\u00e9t, aki 32 \u00e9vvel ezel\u0151tt m\u00e1r meghalt, \u00e9s egy igen t\u00f6r\u00e9keny asszony volt, de m\u00e9gis rendk\u00edv\u00fcl tudott szeretni. Hozz\u00e1tette m\u00e9g, hogy az \u00e9desany\u00e1k is mindent megtettek, \u00e9s megtesznek a gyermekeik\u00e9rt, akik k\u00f6z\u00f6tt sokan \u00e1pol\u00f3n\u0151k is vannak, \u00edgy t\u00f6bb helyen kell helyt \u00e1llniuk.<\/p>\n\n\n\n<figure class=\"wp-block-gallery columns-3 is-cropped wp-block-gallery-2 is-layout-flex wp-block-gallery-is-layout-flex\"><ul class=\"blocks-gallery-grid\"><li class=\"blocks-gallery-item\"><figure><img loading=\"lazy\" decoding=\"async\" width=\"1024\" height=\"683\" src=\"https:\/\/marcali.plebania.hu\/wp-content\/uploads\/2020\/05\/07-1024x683.jpg\" alt=\"\" data-id=\"1789\" data-link=\"https:\/\/marcali.plebania.hu\/?attachment_id=1789\" class=\"wp-image-1789\" srcset=\"https:\/\/marcali.plebania.hu\/wp-content\/uploads\/2020\/05\/07-1024x683.jpg 1024w, https:\/\/marcali.plebania.hu\/wp-content\/uploads\/2020\/05\/07-300x200.jpg 300w, https:\/\/marcali.plebania.hu\/wp-content\/uploads\/2020\/05\/07-768x512.jpg 768w, https:\/\/marcali.plebania.hu\/wp-content\/uploads\/2020\/05\/07-1536x1024.jpg 1536w, https:\/\/marcali.plebania.hu\/wp-content\/uploads\/2020\/05\/07-2048x1365.jpg 2048w, https:\/\/marcali.plebania.hu\/wp-content\/uploads\/2020\/05\/07-405x270.jpg 405w\" sizes=\"auto, (max-width: 1024px) 100vw, 1024px\" \/><\/figure><\/li><li class=\"blocks-gallery-item\"><figure><img loading=\"lazy\" decoding=\"async\" width=\"1024\" height=\"683\" src=\"https:\/\/marcali.plebania.hu\/wp-content\/uploads\/2020\/05\/09-1024x683.jpg\" alt=\"\" data-id=\"1790\" data-full-url=\"https:\/\/marcali.plebania.hu\/wp-content\/uploads\/2020\/05\/09-scaled.jpg\" data-link=\"https:\/\/marcali.plebania.hu\/?attachment_id=1790\" class=\"wp-image-1790\" srcset=\"https:\/\/marcali.plebania.hu\/wp-content\/uploads\/2020\/05\/09-1024x683.jpg 1024w, https:\/\/marcali.plebania.hu\/wp-content\/uploads\/2020\/05\/09-300x200.jpg 300w, https:\/\/marcali.plebania.hu\/wp-content\/uploads\/2020\/05\/09-768x512.jpg 768w, https:\/\/marcali.plebania.hu\/wp-content\/uploads\/2020\/05\/09-1536x1024.jpg 1536w, https:\/\/marcali.plebania.hu\/wp-content\/uploads\/2020\/05\/09-2048x1365.jpg 2048w, https:\/\/marcali.plebania.hu\/wp-content\/uploads\/2020\/05\/09-405x270.jpg 405w\" sizes=\"auto, (max-width: 1024px) 100vw, 1024px\" \/><\/figure><\/li><li class=\"blocks-gallery-item\"><figure><img loading=\"lazy\" decoding=\"async\" width=\"1024\" height=\"683\" src=\"https:\/\/marcali.plebania.hu\/wp-content\/uploads\/2020\/05\/10-1024x683.jpg\" alt=\"\" data-id=\"1791\" data-full-url=\"https:\/\/marcali.plebania.hu\/wp-content\/uploads\/2020\/05\/10-scaled.jpg\" data-link=\"https:\/\/marcali.plebania.hu\/?attachment_id=1791\" class=\"wp-image-1791\" srcset=\"https:\/\/marcali.plebania.hu\/wp-content\/uploads\/2020\/05\/10-1024x683.jpg 1024w, https:\/\/marcali.plebania.hu\/wp-content\/uploads\/2020\/05\/10-300x200.jpg 300w, https:\/\/marcali.plebania.hu\/wp-content\/uploads\/2020\/05\/10-768x512.jpg 768w, https:\/\/marcali.plebania.hu\/wp-content\/uploads\/2020\/05\/10-1536x1024.jpg 1536w, https:\/\/marcali.plebania.hu\/wp-content\/uploads\/2020\/05\/10-2048x1365.jpg 2048w, https:\/\/marcali.plebania.hu\/wp-content\/uploads\/2020\/05\/10-405x270.jpg 405w\" sizes=\"auto, (max-width: 1024px) 100vw, 1024px\" \/><\/figure><\/li><li class=\"blocks-gallery-item\"><figure><img loading=\"lazy\" decoding=\"async\" width=\"1024\" height=\"683\" src=\"https:\/\/marcali.plebania.hu\/wp-content\/uploads\/2020\/05\/11-1024x683.jpg\" alt=\"\" data-id=\"1792\" data-full-url=\"https:\/\/marcali.plebania.hu\/wp-content\/uploads\/2020\/05\/11-scaled.jpg\" data-link=\"https:\/\/marcali.plebania.hu\/?attachment_id=1792\" class=\"wp-image-1792\" srcset=\"https:\/\/marcali.plebania.hu\/wp-content\/uploads\/2020\/05\/11-1024x683.jpg 1024w, https:\/\/marcali.plebania.hu\/wp-content\/uploads\/2020\/05\/11-300x200.jpg 300w, https:\/\/marcali.plebania.hu\/wp-content\/uploads\/2020\/05\/11-768x512.jpg 768w, https:\/\/marcali.plebania.hu\/wp-content\/uploads\/2020\/05\/11-1536x1024.jpg 1536w, https:\/\/marcali.plebania.hu\/wp-content\/uploads\/2020\/05\/11-2048x1365.jpg 2048w, https:\/\/marcali.plebania.hu\/wp-content\/uploads\/2020\/05\/11-405x270.jpg 405w\" sizes=\"auto, (max-width: 1024px) 100vw, 1024px\" \/><\/figure><\/li><\/ul><\/figure>\n\n\n\n<p>Mivel a rendk\u00edv\u00fcli helyzetben a\ngyermekek nem tudt\u00e1k a templomban k\u00f6sz\u00f6nteni az \u00e9desanyjukat, ez\u00e9rt egy\nverses-zen\u00e9s \u00f6ssze\u00e1ll\u00edt\u00e1ssal \u2013 a telev\u00edzi\u00f3n kereszt\u00fcl \u2013 kedveskedtek nekik, Kozma\nKriszti\u00e1n Kazinczy-d\u00edjas versmond\u00f3 \u00e9s T\u00f3th Eszter \u00c1gnes gimnazista\nk\u00f6zrem\u0171k\u00f6d\u00e9s\u00e9vel. Az \u00fcnnepi m\u0171sorban: Gerzsenyi S\u00e1ndor: Any\u00e1m im\u00e1ja, Murak\u00f6zy\nGyula: A legnagyobb er\u0151, D\u00e9nes Ferenc: Any\u00e1m szeretlek, Dsida Jen\u0151: H\u00e1laad\u00e1s\nc\u00edm\u0171 versei hangzottak el. Mik\u00f6zben Balogh B\u00e1lint k\u00e1ntor pedig az Ave M\u00e1ria c\u00edm\u0171 k\u00f6zismert dalt \u00e9nekelte el orgona\nk\u00eds\u00e9rettel.<\/p>\n\n\n\n<p>Az istentiszteleten term\u00e9szetesen \u2013 a sz\u00fcks\u00e9gben \u00e9s a megpr\u00f3b\u00e1ltat\u00e1sok idej\u00e9n \u2013 ism\u00e9t k\u00f6ny\u00f6rg\u00e9sek hangzottak el a szenved\u0151k\u00e9rt, az eg\u00e9szs\u00e9g\u00fcgyben, a rendv\u00e9delemben, a kereskedelemben \u00e9s az oktat\u00e1sban dolgoz\u00f3k\u00e9rt, valamint a j\u00e1rv\u00e1nyban elhunytak\u00e9rt is.<\/p>\n\n\n\n<figure class=\"wp-block-gallery columns-3 is-cropped wp-block-gallery-3 is-layout-flex wp-block-gallery-is-layout-flex\"><ul class=\"blocks-gallery-grid\"><li class=\"blocks-gallery-item\"><figure><img loading=\"lazy\" decoding=\"async\" width=\"1024\" height=\"683\" src=\"https:\/\/marcali.plebania.hu\/wp-content\/uploads\/2020\/05\/14-1024x683.jpg\" alt=\"\" data-id=\"1793\" data-link=\"https:\/\/marcali.plebania.hu\/?attachment_id=1793\" class=\"wp-image-1793\" srcset=\"https:\/\/marcali.plebania.hu\/wp-content\/uploads\/2020\/05\/14-1024x683.jpg 1024w, https:\/\/marcali.plebania.hu\/wp-content\/uploads\/2020\/05\/14-300x200.jpg 300w, https:\/\/marcali.plebania.hu\/wp-content\/uploads\/2020\/05\/14-768x512.jpg 768w, https:\/\/marcali.plebania.hu\/wp-content\/uploads\/2020\/05\/14-1536x1024.jpg 1536w, https:\/\/marcali.plebania.hu\/wp-content\/uploads\/2020\/05\/14-2048x1365.jpg 2048w, https:\/\/marcali.plebania.hu\/wp-content\/uploads\/2020\/05\/14-405x270.jpg 405w\" sizes=\"auto, (max-width: 1024px) 100vw, 1024px\" \/><\/figure><\/li><li class=\"blocks-gallery-item\"><figure><img loading=\"lazy\" decoding=\"async\" width=\"1024\" height=\"683\" src=\"https:\/\/marcali.plebania.hu\/wp-content\/uploads\/2020\/05\/17-1024x683.jpg\" alt=\"\" data-id=\"1795\" data-link=\"https:\/\/marcali.plebania.hu\/?attachment_id=1795\" class=\"wp-image-1795\" srcset=\"https:\/\/marcali.plebania.hu\/wp-content\/uploads\/2020\/05\/17-1024x683.jpg 1024w, https:\/\/marcali.plebania.hu\/wp-content\/uploads\/2020\/05\/17-300x200.jpg 300w, https:\/\/marcali.plebania.hu\/wp-content\/uploads\/2020\/05\/17-768x512.jpg 768w, https:\/\/marcali.plebania.hu\/wp-content\/uploads\/2020\/05\/17-1536x1024.jpg 1536w, https:\/\/marcali.plebania.hu\/wp-content\/uploads\/2020\/05\/17-2048x1365.jpg 2048w, https:\/\/marcali.plebania.hu\/wp-content\/uploads\/2020\/05\/17-405x270.jpg 405w\" sizes=\"auto, (max-width: 1024px) 100vw, 1024px\" \/><\/figure><\/li><li class=\"blocks-gallery-item\"><figure><img loading=\"lazy\" decoding=\"async\" width=\"1024\" height=\"683\" src=\"https:\/\/marcali.plebania.hu\/wp-content\/uploads\/2020\/05\/21-1024x683.jpg\" alt=\"\" data-id=\"1797\" data-link=\"https:\/\/marcali.plebania.hu\/?attachment_id=1797\" class=\"wp-image-1797\" srcset=\"https:\/\/marcali.plebania.hu\/wp-content\/uploads\/2020\/05\/21-1024x683.jpg 1024w, https:\/\/marcali.plebania.hu\/wp-content\/uploads\/2020\/05\/21-300x200.jpg 300w, https:\/\/marcali.plebania.hu\/wp-content\/uploads\/2020\/05\/21-768x512.jpg 768w, https:\/\/marcali.plebania.hu\/wp-content\/uploads\/2020\/05\/21-1536x1024.jpg 1536w, https:\/\/marcali.plebania.hu\/wp-content\/uploads\/2020\/05\/21-2048x1365.jpg 2048w, https:\/\/marcali.plebania.hu\/wp-content\/uploads\/2020\/05\/21-405x270.jpg 405w\" sizes=\"auto, (max-width: 1024px) 100vw, 1024px\" \/><\/figure><\/li><li class=\"blocks-gallery-item\"><figure><img loading=\"lazy\" decoding=\"async\" width=\"1024\" height=\"683\" src=\"https:\/\/marcali.plebania.hu\/wp-content\/uploads\/2020\/05\/20-1-1024x683.jpg\" alt=\"\" data-id=\"1798\" data-full-url=\"https:\/\/marcali.plebania.hu\/wp-content\/uploads\/2020\/05\/20-1-scaled.jpg\" data-link=\"https:\/\/marcali.plebania.hu\/?attachment_id=1798\" class=\"wp-image-1798\" srcset=\"https:\/\/marcali.plebania.hu\/wp-content\/uploads\/2020\/05\/20-1-1024x683.jpg 1024w, https:\/\/marcali.plebania.hu\/wp-content\/uploads\/2020\/05\/20-1-300x200.jpg 300w, https:\/\/marcali.plebania.hu\/wp-content\/uploads\/2020\/05\/20-1-768x512.jpg 768w, https:\/\/marcali.plebania.hu\/wp-content\/uploads\/2020\/05\/20-1-1536x1024.jpg 1536w, https:\/\/marcali.plebania.hu\/wp-content\/uploads\/2020\/05\/20-1-2048x1365.jpg 2048w, https:\/\/marcali.plebania.hu\/wp-content\/uploads\/2020\/05\/20-1-405x270.jpg 405w\" sizes=\"auto, (max-width: 1024px) 100vw, 1024px\" \/><\/figure><\/li><\/ul><\/figure>\n\n\n\n<p>A szentmise v\u00e9g\u00e9n \u2013 a m\u00e1jusi\nlit\u00e1ni\u00e1k nyit\u00e1nyak\u00e9nt \u2013 elim\u00e1dkozt\u00e1k a Sz\u0171z Anya tisztelet\u00e9re a lorett\u00f3i lit\u00e1ni\u00e1t,\nmajd Iv\u00e1n atya a Tais\u00e9-i kegyk\u00e9p egyik m\u00e1solat\u00e1val \u00e1ld\u00e1st adott minden\n\u00e9desany\u00e1ra a modern telekommunik\u00e1ci\u00f3s eszk\u00f6z\u00f6k seg\u00edts\u00e9g\u00e9vel.<\/p>\n\n\n\n<p>Isten \u00e9ltesse sok\u00e1ig a marcali \u00e9desany\u00e1kat\nis!<\/p>\n","protected":false},"excerpt":{"rendered":"<p>2020. m\u00e1jus 3. az \u00e9desany\u00e1kat \u00fcnneplik orsz\u00e1gszerte. H\u00fasv\u00e9t 4. vas\u00e1rnapj\u00e1n, a J\u00f3 P\u00e1sztor \u00fcnnep\u00e9n a Marcali Gy\u00fcm\u00f6lcsolt\u00f3 Boldogasszony pl\u00e9b\u00e1niatemplomban Kiss Iv\u00e1n c. pr\u00e9post, esperes-pl\u00e9b\u00e1nos a szentmis\u00e9t az \u00e9l\u0151 \u00e9s a m\u00e1r elhunyt \u00e9desany\u00e1k\u00e9rt mutatta be. A koronav\u00edrus-j\u00e1rv\u00e1ny miatt \u2013 tov\u00e1bbra is a h\u00edvek r\u00e9szv\u00e9tele n\u00e9lk\u00fcl \u2013, mind\u00f6ssze n\u00e9h\u00e1ny k\u00f6zrem\u0171k\u00f6d\u0151 seg\u00edts\u00e9g\u00e9vel lehet istentiszteleteket bemutatni. A Tavi Tv-n kereszt\u00fcl viszont tov\u00e1bbra is mindenki bekapcsol\u00f3dhat h\u00e9tr\u0151l-h\u00e9tre a marcali liturgi\u00e1ba, valamint a helyi internetes f\u00f3rumokon \u00e9rtes\u00fclhetnek ezekr\u0151l az alkalmakr\u00f3l. Iv\u00e1n atya szentbesz\u00e9d\u00e9ben el\u0151sz\u00f6r felid\u00e9zte&#8230;<\/p>\n<p class=\"read-more\"><a class=\"btn btn-default\" href=\"https:\/\/marcali.plebania.hu\/?p=1784\"> Read More<span class=\"screen-reader-text\">  Read More<\/span><\/a><\/p>\n","protected":false},"author":2,"featured_media":0,"comment_status":"closed","ping_status":"open","sticky":false,"template":"","format":"standard","meta":{"footnotes":""},"categories":[1],"tags":[],"class_list":["post-1784","post","type-post","status-publish","format-standard","hentry","category-egyeb"],"_links":{"self":[{"href":"https:\/\/marcali.plebania.hu\/index.php?rest_route=\/wp\/v2\/posts\/1784","targetHints":{"allow":["GET"]}}],"collection":[{"href":"https:\/\/marcali.plebania.hu\/index.php?rest_route=\/wp\/v2\/posts"}],"about":[{"href":"https:\/\/marcali.plebania.hu\/index.php?rest_route=\/wp\/v2\/types\/post"}],"author":[{"embeddable":true,"href":"https:\/\/marcali.plebania.hu\/index.php?rest_route=\/wp\/v2\/users\/2"}],"replies":[{"embeddable":true,"href":"https:\/\/marcali.plebania.hu\/index.php?rest_route=%2Fwp%2Fv2%2Fcomments&post=1784"}],"version-history":[{"count":1,"href":"https:\/\/marcali.plebania.hu\/index.php?rest_route=\/wp\/v2\/posts\/1784\/revisions"}],"predecessor-version":[{"id":1799,"href":"https:\/\/marcali.plebania.hu\/index.php?rest_route=\/wp\/v2\/posts\/1784\/revisions\/1799"}],"wp:attachment":[{"href":"https:\/\/marcali.plebania.hu\/index.php?rest_route=%2Fwp%2Fv2%2Fmedia&parent=1784"}],"wp:term":[{"taxonomy":"category","embeddable":true,"href":"https:\/\/marcali.plebania.hu\/index.php?rest_route=%2Fwp%2Fv2%2Fcategories&post=1784"},{"taxonomy":"post_tag","embeddable":true,"href":"https:\/\/marcali.plebania.hu\/index.php?rest_route=%2Fwp%2Fv2%2Ftags&post=1784"}],"curies":[{"name":"wp","href":"https:\/\/api.w.org\/{rel}","templated":true}]}}