{"id":1800,"date":"2020-05-04T09:08:43","date_gmt":"2020-05-04T09:08:43","guid":{"rendered":"https:\/\/marcali.plebania.hu\/?p=1800"},"modified":"2020-05-04T09:08:43","modified_gmt":"2020-05-04T09:08:43","slug":"az-mkpk-kozlemenye","status":"publish","type":"post","link":"https:\/\/marcali.plebania.hu\/?p=1800","title":{"rendered":"Az MKPK k\u00f6zlem\u00e9nye"},"content":{"rendered":"\n<figure class=\"wp-block-image size-large\"><img loading=\"lazy\" decoding=\"async\" width=\"1024\" height=\"1024\" src=\"https:\/\/marcali.plebania.hu\/wp-content\/uploads\/2020\/05\/logo_conferentia_nagy-2190-1024x1024.jpg\" alt=\"\" class=\"wp-image-1801\" srcset=\"https:\/\/marcali.plebania.hu\/wp-content\/uploads\/2020\/05\/logo_conferentia_nagy-2190-1024x1024.jpg 1024w, https:\/\/marcali.plebania.hu\/wp-content\/uploads\/2020\/05\/logo_conferentia_nagy-2190-300x300.jpg 300w, https:\/\/marcali.plebania.hu\/wp-content\/uploads\/2020\/05\/logo_conferentia_nagy-2190-150x150.jpg 150w, https:\/\/marcali.plebania.hu\/wp-content\/uploads\/2020\/05\/logo_conferentia_nagy-2190-768x768.jpg 768w, https:\/\/marcali.plebania.hu\/wp-content\/uploads\/2020\/05\/logo_conferentia_nagy-2190-1536x1536.jpg 1536w, https:\/\/marcali.plebania.hu\/wp-content\/uploads\/2020\/05\/logo_conferentia_nagy-2190-270x270.jpg 270w, https:\/\/marcali.plebania.hu\/wp-content\/uploads\/2020\/05\/logo_conferentia_nagy-2190.jpg 1700w\" sizes=\"auto, (max-width: 1024px) 100vw, 1024px\" \/><\/figure>\n\n\n\n<p><br> A Magyar Katolikus P\u00fcsp\u00f6ki Konferencia \u00e9rtes\u00fclt arr\u00f3l, hogy \u00faj j\u00e1rv\u00e1ny\u00fcgyi szab\u00e1lyok l\u00e9pnek hat\u00e1lyba, ez\u00e9rt 2020. m\u00e1jus 4., h\u00e9tf\u0151t\u0151l kezdve, kor\u00e1bbi rendelkez\u00e9seit m\u00f3dos\u00edtva a k\u00f6vetkez\u0151ket l\u00e9pteti \u00e9letbe:<\/p>\n\n\n\n<ol class=\"wp-block-list\"><li>A templomok mint a lelki felt\u00f6lt\u0151d\u00e9s \u00e9s im\u00e1ds\u00e1g helyei k\u00fcl\u00f6n\u00f6sen is fontosak, ez\u00e9rt templomaink tov\u00e1bbra is nyitva \u00e1llnak. A nyilv\u00e1nos liturgia v\u00e9gz\u00e9s\u00e9r\u0151l, illetve a szents\u00e9gek kiszolg\u00e1ltat\u00e1s\u00e1nak m\u00f3dj\u00e1r\u00f3l az egyes megy\u00e9sp\u00fcsp\u00f6k\u00f6k az Egyh\u00e1zi T\u00f6rv\u00e9nyk\u00f6nyv 838. k\u00e1nonja alapj\u00e1n a helyi k\u00f6r\u00fclm\u00e9nyek \u00e9s lehet\u0151s\u00e9gek, valamint az eg\u00e9szs\u00e9g\u00fcgyi el\u0151\u00edr\u00e1sok figyelembe v\u00e9tel\u00e9vel d\u00f6ntenek majd. Budapesten \u00e9s ott, ahol az \u00e1llami szab\u00e1lyok v\u00e1ltozatlanok maradtak, tov\u00e1bbi int\u00e9zked\u00e9sig a kor\u00e1bbi egyh\u00e1zi rendelkez\u00e9sek \u00e9rv\u00e9nyesek.<\/li><li>Mindenben k\u00f6vess\u00fck a hat\u00f3s\u00e1gok j\u00e1rv\u00e1ny\u00fcgyi el\u0151\u00edr\u00e1sait. F\u0151leg id\u0151sebb, vesz\u00e9lyeztetett, illetve beteg testv\u00e9reinkt\u0151l azt k\u00e9rj\u00fck, hogy tov\u00e1bbra is maradjanak otthon.<\/li><li>A m\u00e9g mindig fenn\u00e1ll\u00f3 vesz\u00e9lyhelyzetre val\u00f3 tekintettel visszavon\u00e1sig tov\u00e1bbra is \u00e9rv\u00e9nyesek a 637\/2020. sz., m\u00e1rcius 17-\u00e9n kelt rendelkez\u00e9s\u00fcnkben foglaltak, miszerint a vas\u00e1rnapi szentmis\u00e9n val\u00f3 r\u00e9szv\u00e9tel k\u00f6telezetts\u00e9ge al\u00f3l felment\u00e9st adunk, \u00e9s tov\u00e1bbra is lehet\u0151v\u00e9 tessz\u00fck az \u00e1ltal\u00e1nos feloldoz\u00e1s megad\u00e1s\u00e1t, am\u00edg a rendk\u00edv\u00fcli helyzet tart.<\/li><li>Tov\u00e1bbra is b\u00e1tor\u00edtjuk testv\u00e9reinket, hogy t\u00f6ltsenek kell\u0151 id\u0151t im\u00e1ds\u00e1ggal \u2013 a Szent\u00edr\u00e1s olvas\u00e1s\u00e1val, zsolozsma v\u00e9gz\u00e9s\u00e9vel vagy m\u00e1s im\u00e1val \u2013 egy\u00e9nileg vagy a csal\u00e1dban. T\u00f6bb helyen van online misek\u00f6zvet\u00edt\u00e9s. A k\u00f6zszolg\u00e1lati telev\u00edzi\u00f3 vas\u00e1rnap \u00e9s \u00fcnnepnapokon szentmis\u00e9t k\u00f6zvet\u00edt. A k\u00f6zvet\u00edt\u00e9sek rendj\u00e9r\u0151l fel\u00fcleteinken t\u00e1j\u00e9koztat\u00e1st adunk.<\/li><li>A betegell\u00e1t\u00e1s, a gy\u00f3ntat\u00e1s \u00e9s a rendk\u00edv\u00fcli \u00e1ldoztat\u00e1s tekintet\u00e9ben is mindenben k\u00f6vess\u00fck az \u00e1llami j\u00e1rv\u00e1ny\u00fcgyi rendelkez\u00e9seket, figyelemmel az egyes egyh\u00e1zmegy\u00e9k k\u00fcl\u00f6n el\u0151\u00edr\u00e1saira is.<\/li><li>Oktat\u00e1si, szoci\u00e1lis \u00e9s eg\u00e9szs\u00e9g\u00fcgyi int\u00e9zm\u00e9nyeinkben tov\u00e1bbra is mindenben k\u00f6vess\u00fck az \u00e1llami el\u0151\u00edr\u00e1sokat. A hat\u00f3s\u00e1gokkal mindenben m\u0171k\u00f6dj\u00fcnk egy\u00fctt \u00e9s legy\u00fcnk figyelemmel az \u00e1ltaluk adott \u00e1ltal\u00e1nos ir\u00e1nyelvekre.<\/li><li>A pl\u00e9b\u00e1niai \u00e9s a szerzetesk\u00f6z\u00f6ss\u00e9gekt\u0151l tov\u00e1bbra is k\u00e9rj\u00fck, hogy \u2013 a j\u00e1rv\u00e1ny\u00fcgyi hat\u00f3s\u00e1gok el\u0151\u00edr\u00e1sainak megtart\u00e1sa mellett \u2013 szervezz\u00e9k meg a folyamatos im\u00e1t a j\u00e1rv\u00e1ny \u00e9rintettjei\u00e9rt.<br> Jelen rendelkez\u00e9s Magyarorsz\u00e1g latin szertart\u00e1s\u00fa egyh\u00e1zmegy\u00e9ire \u00e9rv\u00e9nyes.<br>K\u00f6sz\u00f6nj\u00fck a paptestv\u00e9rek szolg\u00e1lat\u00e1t, mindenki helyt\u00e1ll\u00e1s\u00e1t \u00e9s a h\u00edvek meg\u00e9rt\u00e9s\u00e9t ebben a saj\u00e1tos helyzetben. Gyakoroljuk tov\u00e1bbra is a nagylelk\u0171s\u00e9g er\u00e9ny\u00e9t \u00e9s k\u00fcl\u00f6n\u00f6sen is figyelj\u00fcnk egym\u00e1sra.<br> Budapest, 2020. m\u00e1jus 1.<br> a Magyar Katolikus P\u00fcsp\u00f6ki Konferencia<\/li><\/ol>\n","protected":false},"excerpt":{"rendered":"<p>A Magyar Katolikus P\u00fcsp\u00f6ki Konferencia \u00e9rtes\u00fclt arr\u00f3l, hogy \u00faj j\u00e1rv\u00e1ny\u00fcgyi szab\u00e1lyok l\u00e9pnek hat\u00e1lyba, ez\u00e9rt 2020. m\u00e1jus 4., h\u00e9tf\u0151t\u0151l kezdve, kor\u00e1bbi rendelkez\u00e9seit m\u00f3dos\u00edtva a k\u00f6vetkez\u0151ket l\u00e9pteti \u00e9letbe: A templomok mint a lelki felt\u00f6lt\u0151d\u00e9s \u00e9s im\u00e1ds\u00e1g helyei k\u00fcl\u00f6n\u00f6sen is fontosak, ez\u00e9rt templomaink tov\u00e1bbra is nyitva \u00e1llnak. A nyilv\u00e1nos liturgia v\u00e9gz\u00e9s\u00e9r\u0151l, illetve a szents\u00e9gek kiszolg\u00e1ltat\u00e1s\u00e1nak m\u00f3dj\u00e1r\u00f3l az egyes megy\u00e9sp\u00fcsp\u00f6k\u00f6k az Egyh\u00e1zi T\u00f6rv\u00e9nyk\u00f6nyv 838. k\u00e1nonja alapj\u00e1n a helyi k\u00f6r\u00fclm\u00e9nyek \u00e9s lehet\u0151s\u00e9gek, valamint az eg\u00e9szs\u00e9g\u00fcgyi el\u0151\u00edr\u00e1sok figyelembe v\u00e9tel\u00e9vel d\u00f6ntenek majd. Budapesten \u00e9s ott, ahol az&#8230;<\/p>\n<p class=\"read-more\"><a class=\"btn btn-default\" href=\"https:\/\/marcali.plebania.hu\/?p=1800\"> Read More<span class=\"screen-reader-text\">  Read More<\/span><\/a><\/p>\n","protected":false},"author":2,"featured_media":0,"comment_status":"closed","ping_status":"open","sticky":false,"template":"","format":"standard","meta":{"footnotes":""},"categories":[1],"tags":[],"class_list":["post-1800","post","type-post","status-publish","format-standard","hentry","category-egyeb"],"_links":{"self":[{"href":"https:\/\/marcali.plebania.hu\/index.php?rest_route=\/wp\/v2\/posts\/1800","targetHints":{"allow":["GET"]}}],"collection":[{"href":"https:\/\/marcali.plebania.hu\/index.php?rest_route=\/wp\/v2\/posts"}],"about":[{"href":"https:\/\/marcali.plebania.hu\/index.php?rest_route=\/wp\/v2\/types\/post"}],"author":[{"embeddable":true,"href":"https:\/\/marcali.plebania.hu\/index.php?rest_route=\/wp\/v2\/users\/2"}],"replies":[{"embeddable":true,"href":"https:\/\/marcali.plebania.hu\/index.php?rest_route=%2Fwp%2Fv2%2Fcomments&post=1800"}],"version-history":[{"count":1,"href":"https:\/\/marcali.plebania.hu\/index.php?rest_route=\/wp\/v2\/posts\/1800\/revisions"}],"predecessor-version":[{"id":1802,"href":"https:\/\/marcali.plebania.hu\/index.php?rest_route=\/wp\/v2\/posts\/1800\/revisions\/1802"}],"wp:attachment":[{"href":"https:\/\/marcali.plebania.hu\/index.php?rest_route=%2Fwp%2Fv2%2Fmedia&parent=1800"}],"wp:term":[{"taxonomy":"category","embeddable":true,"href":"https:\/\/marcali.plebania.hu\/index.php?rest_route=%2Fwp%2Fv2%2Fcategories&post=1800"},{"taxonomy":"post_tag","embeddable":true,"href":"https:\/\/marcali.plebania.hu\/index.php?rest_route=%2Fwp%2Fv2%2Ftags&post=1800"}],"curies":[{"name":"wp","href":"https:\/\/api.w.org\/{rel}","templated":true}]}}