{"id":1803,"date":"2020-05-04T09:11:59","date_gmt":"2020-05-04T09:11:59","guid":{"rendered":"https:\/\/marcali.plebania.hu\/?p=1803"},"modified":"2020-05-04T09:11:59","modified_gmt":"2020-05-04T09:11:59","slug":"a-marcali-romai-katolikus-plebania-kozlemenye","status":"publish","type":"post","link":"https:\/\/marcali.plebania.hu\/?p=1803","title":{"rendered":"A Marcali R\u00f3mai Katolikus Pl\u00e9b\u00e1nia k\u00f6zlem\u00e9nye"},"content":{"rendered":"\n<p>A k\u00fcl\u00f6nf\u00e9le h\u00edrforr\u00e1sok arr\u00f3l adtak t\u00e1j\u00e9koztat\u00e1st, hogy 2020. m\u00e1jus 4-t\u0151l nyilv\u00e1nosak a szentmis\u00e9k.<\/p>\n\n\n\n<figure class=\"wp-block-gallery columns-1 is-cropped wp-block-gallery-1 is-layout-flex wp-block-gallery-is-layout-flex\"><ul class=\"blocks-gallery-grid\"><li class=\"blocks-gallery-item\"><figure><img loading=\"lazy\" decoding=\"async\" width=\"1024\" height=\"678\" src=\"https:\/\/marcali.plebania.hu\/wp-content\/uploads\/2020\/05\/DSC_0015-1024x678.jpg\" alt=\"\" data-id=\"1804\" data-full-url=\"https:\/\/marcali.plebania.hu\/wp-content\/uploads\/2020\/05\/DSC_0015-scaled.jpg\" data-link=\"https:\/\/marcali.plebania.hu\/?attachment_id=1804\" class=\"wp-image-1804\" srcset=\"https:\/\/marcali.plebania.hu\/wp-content\/uploads\/2020\/05\/DSC_0015-1024x678.jpg 1024w, https:\/\/marcali.plebania.hu\/wp-content\/uploads\/2020\/05\/DSC_0015-300x199.jpg 300w, https:\/\/marcali.plebania.hu\/wp-content\/uploads\/2020\/05\/DSC_0015-768x509.jpg 768w, https:\/\/marcali.plebania.hu\/wp-content\/uploads\/2020\/05\/DSC_0015-1536x1017.jpg 1536w, https:\/\/marcali.plebania.hu\/wp-content\/uploads\/2020\/05\/DSC_0015-2048x1356.jpg 2048w, https:\/\/marcali.plebania.hu\/wp-content\/uploads\/2020\/05\/DSC_0015-408x270.jpg 408w\" sizes=\"auto, (max-width: 1024px) 100vw, 1024px\" \/><\/figure><\/li><\/ul><\/figure>\n\n\n\n<p><strong>A Magyar Katolikus P\u00fcsp\u00f6ki Konferencia (MKPK) \u00e9ppen ez\u00e9rt \u00fagy d\u00f6nt\u00f6tt,<\/strong> <em>hogy az orsz\u00e1gban l\u00e9v\u0151, k\u00fcl\u00f6nb\u00f6z\u0151 j\u00e1rv\u00e1ny\u00fcgyi helyzet miatt, a<\/em><strong>z illet\u00e9kes megy\u00e9sp\u00fcsp\u00f6k\u00f6kre b\u00edzza, hogy egyh\u00e1zmegy\u00e9j\u00fckben enged\u00e9lyezik-e a nyilv\u00e1nos szentmis\u00e9ket.<\/strong><\/p>\n\n\n\n<p><strong>A kaposv\u00e1ri megy\u00e9sp\u00fcsp\u00f6k \u00fagy d\u00f6nt\u00f6tt, hogy v\u00e1ltozatlan az eddigi j\u00e1rv\u00e1ny\u00fcgyi szab\u00e1lyzat a szentmis\u00e9kkel kapcsolatban: a Kaposv\u00e1ri Egyh\u00e1zmegy\u00e9ben (Marcaliban is) nem megengedett a nyilv\u00e1nos szentmise.<\/strong><\/p>\n\n\n\n<p>A megy\u00e9sp\u00fcsp\u00f6k v\u00e1rhat\u00f3an h\u00e9t k\u00f6zben\n\u00fajabb nyilatkozatot tesz k\u00f6zz\u00e9.<\/p>\n\n\n\n<p>Meg\u00e9rt\u00e9s\u00fcket k\u00f6sz\u00f6nj\u00fck!<\/p>\n","protected":false},"excerpt":{"rendered":"<p>A k\u00fcl\u00f6nf\u00e9le h\u00edrforr\u00e1sok arr\u00f3l adtak t\u00e1j\u00e9koztat\u00e1st, hogy 2020. m\u00e1jus 4-t\u0151l nyilv\u00e1nosak a szentmis\u00e9k. A Magyar Katolikus P\u00fcsp\u00f6ki Konferencia (MKPK) \u00e9ppen ez\u00e9rt \u00fagy d\u00f6nt\u00f6tt, hogy az orsz\u00e1gban l\u00e9v\u0151, k\u00fcl\u00f6nb\u00f6z\u0151 j\u00e1rv\u00e1ny\u00fcgyi helyzet miatt, az illet\u00e9kes megy\u00e9sp\u00fcsp\u00f6k\u00f6kre b\u00edzza, hogy egyh\u00e1zmegy\u00e9j\u00fckben enged\u00e9lyezik-e a nyilv\u00e1nos szentmis\u00e9ket. A kaposv\u00e1ri megy\u00e9sp\u00fcsp\u00f6k \u00fagy d\u00f6nt\u00f6tt, hogy v\u00e1ltozatlan az eddigi j\u00e1rv\u00e1ny\u00fcgyi szab\u00e1lyzat a szentmis\u00e9kkel kapcsolatban: a Kaposv\u00e1ri Egyh\u00e1zmegy\u00e9ben (Marcaliban is) nem megengedett a nyilv\u00e1nos szentmise. A megy\u00e9sp\u00fcsp\u00f6k v\u00e1rhat\u00f3an h\u00e9t k\u00f6zben \u00fajabb nyilatkozatot tesz k\u00f6zz\u00e9. Meg\u00e9rt\u00e9s\u00fcket k\u00f6sz\u00f6nj\u00fck!<\/p>\n","protected":false},"author":2,"featured_media":0,"comment_status":"closed","ping_status":"open","sticky":false,"template":"","format":"standard","meta":{"footnotes":""},"categories":[1],"tags":[],"class_list":["post-1803","post","type-post","status-publish","format-standard","hentry","category-egyeb"],"_links":{"self":[{"href":"https:\/\/marcali.plebania.hu\/index.php?rest_route=\/wp\/v2\/posts\/1803","targetHints":{"allow":["GET"]}}],"collection":[{"href":"https:\/\/marcali.plebania.hu\/index.php?rest_route=\/wp\/v2\/posts"}],"about":[{"href":"https:\/\/marcali.plebania.hu\/index.php?rest_route=\/wp\/v2\/types\/post"}],"author":[{"embeddable":true,"href":"https:\/\/marcali.plebania.hu\/index.php?rest_route=\/wp\/v2\/users\/2"}],"replies":[{"embeddable":true,"href":"https:\/\/marcali.plebania.hu\/index.php?rest_route=%2Fwp%2Fv2%2Fcomments&post=1803"}],"version-history":[{"count":1,"href":"https:\/\/marcali.plebania.hu\/index.php?rest_route=\/wp\/v2\/posts\/1803\/revisions"}],"predecessor-version":[{"id":1805,"href":"https:\/\/marcali.plebania.hu\/index.php?rest_route=\/wp\/v2\/posts\/1803\/revisions\/1805"}],"wp:attachment":[{"href":"https:\/\/marcali.plebania.hu\/index.php?rest_route=%2Fwp%2Fv2%2Fmedia&parent=1803"}],"wp:term":[{"taxonomy":"category","embeddable":true,"href":"https:\/\/marcali.plebania.hu\/index.php?rest_route=%2Fwp%2Fv2%2Fcategories&post=1803"},{"taxonomy":"post_tag","embeddable":true,"href":"https:\/\/marcali.plebania.hu\/index.php?rest_route=%2Fwp%2Fv2%2Ftags&post=1803"}],"curies":[{"name":"wp","href":"https:\/\/api.w.org\/{rel}","templated":true}]}}