{"id":1806,"date":"2020-05-05T12:52:10","date_gmt":"2020-05-05T12:52:10","guid":{"rendered":"https:\/\/marcali.plebania.hu\/?p=1806"},"modified":"2020-05-05T12:52:10","modified_gmt":"2020-05-05T12:52:10","slug":"varga-laszlo-megyespuspok-kozlemenye-a-korlatozasok-fenntartasarol","status":"publish","type":"post","link":"https:\/\/marcali.plebania.hu\/?p=1806","title":{"rendered":"Varga L\u00e1szl\u00f3 megy\u00e9sp\u00fcsp\u00f6k k\u00f6zlem\u00e9nye a korl\u00e1toz\u00e1sok fenntart\u00e1s\u00e1r\u00f3l"},"content":{"rendered":"\n<p><strong>Ikt.sz.: PP-0021-0007\/2020<\/strong><\/p>\n\n\n\n<p><strong>RENDELET A KORL\u00c1TOZ\u00c1SOK\nFENNTART\u00c1S\u00c1R\u00d3L<\/strong><\/p>\n\n\n\n<p><a href=\"https:\/\/katolikus.hu\/cikk\/az-mkpk-kozlemenye-10651342\" target=\"_blank\" rel=\"noreferrer noopener\">Magyar\nKatolikus P\u00fcsp\u00f6ki Konferencia m\u00e1jus 1-j\u00e9n kelt k\u00f6zlem\u00e9nye<\/a>&nbsp;alapj\u00e1n, \u00e9s a j\u00e1rv\u00e1ny kezdete ut\u00e1n\negyh\u00e1zmegy\u00e9nkbe kiadott \u201e\u0150rz\u0151je vagy a testv\u00e9rednek\u201d c\u00edm\u0171 levelem alapj\u00e1n, \u00fagy\nrendelkezem, hogy <strong>m\u00e9g v\u00e1rjunk! <\/strong><\/p>\n\n\n\n<p>A\npaptestv\u00e9reim \u00e9s a r\u00e1juk b\u00edzott h\u00edvek ir\u00e1nti felel\u0151s szeretett\u0151l vez\u00e9relve\nszeretn\u00e9m elker\u00fclni, hogy templomaink a fert\u0151z\u00e9s g\u00f3cpontj\u00e1v\u00e1 v\u00e1lhassanak \u00e9s papjaink\nvalamint az id\u0151s, beteg testv\u00e9reink eg\u00e9szs\u00e9g\u00e9t vesz\u00e9lyeztess\u00fck.<\/p>\n\n\n\n<p>Amennyiben\na most kezd\u0151d\u0151 orsz\u00e1gos tesztel\u00e9s megnyugtat\u00f3 eredm\u00e9nnyel z\u00e1rul, akkor\nfokozatosan enyh\u00edthet\u00fcnk a jelenlegi helyzeten. <\/p>\n\n\n\n<p>K\u00e9rem, hogy a hat\u00f3s\u00e1gokkal tov\u00e1bbra is k\u00e9szs\u00e9gesen m\u0171k\u00f6dj\u00fcnk egy\u00fctt\nmindenben, \u00e9s tartsuk be az \u00e1ltaluk adott \u00e1ltal\u00e1nos ir\u00e1nyelveket.<\/p>\n\n\n\n<p>Tev\u00e9keny \u00e9s tal\u00e1l\u00e9kony lelkip\u00e1sztori gondoss\u00e1ggal figyelj\u00fcnk egym\u00e1sra,\nf\u0151leg seg\u00edts\u00e9gre szorul\u00f3, beteg \u00e9s id\u0151s testv\u00e9reinkre.<\/p>\n\n\n\n<p>Im\u00e1dkozzunk tov\u00e1bbra is a Mindenhat\u00f3 Istenhez a j\u00e1rv\u00e1ny elm\u00fal\u00e1s\u00e1\u00e9rt, \u00e9s\nk\u00e9rj\u00fck buzg\u00f3n a Boldogs\u00e1gos Sz\u0171z M\u00e1ria, Szent L\u00e1szl\u00f3 kir\u00e1ly k\u00f6zbenj\u00e1r\u00e1s\u00e1t.<\/p>\n\n\n\n<p>Kaposv\u00e1r, 2020. m\u00e1jus 5.<\/p>\n\n\n\n<p>\u2020 Varga L\u00e1szl\u00f3<\/p>\n\n\n\n<p>megy\u00e9p\u00fcsp\u00f6k <\/p>\n","protected":false},"excerpt":{"rendered":"<p>Ikt.sz.: PP-0021-0007\/2020 RENDELET A KORL\u00c1TOZ\u00c1SOK FENNTART\u00c1S\u00c1R\u00d3L Magyar Katolikus P\u00fcsp\u00f6ki Konferencia m\u00e1jus 1-j\u00e9n kelt k\u00f6zlem\u00e9nye&nbsp;alapj\u00e1n, \u00e9s a j\u00e1rv\u00e1ny kezdete ut\u00e1n egyh\u00e1zmegy\u00e9nkbe kiadott \u201e\u0150rz\u0151je vagy a testv\u00e9rednek\u201d c\u00edm\u0171 levelem alapj\u00e1n, \u00fagy rendelkezem, hogy m\u00e9g v\u00e1rjunk! A paptestv\u00e9reim \u00e9s a r\u00e1juk b\u00edzott h\u00edvek ir\u00e1nti felel\u0151s szeretett\u0151l vez\u00e9relve szeretn\u00e9m elker\u00fclni, hogy templomaink a fert\u0151z\u00e9s g\u00f3cpontj\u00e1v\u00e1 v\u00e1lhassanak \u00e9s papjaink valamint az id\u0151s, beteg testv\u00e9reink eg\u00e9szs\u00e9g\u00e9t vesz\u00e9lyeztess\u00fck. Amennyiben a most kezd\u0151d\u0151 orsz\u00e1gos tesztel\u00e9s megnyugtat\u00f3 eredm\u00e9nnyel z\u00e1rul, akkor fokozatosan enyh\u00edthet\u00fcnk a jelenlegi helyzeten. K\u00e9rem, hogy a hat\u00f3s\u00e1gokkal&#8230;<\/p>\n<p class=\"read-more\"><a class=\"btn btn-default\" href=\"https:\/\/marcali.plebania.hu\/?p=1806\"> Read More<span class=\"screen-reader-text\">  Read More<\/span><\/a><\/p>\n","protected":false},"author":2,"featured_media":0,"comment_status":"closed","ping_status":"open","sticky":false,"template":"","format":"standard","meta":{"footnotes":""},"categories":[1],"tags":[],"class_list":["post-1806","post","type-post","status-publish","format-standard","hentry","category-egyeb"],"_links":{"self":[{"href":"https:\/\/marcali.plebania.hu\/index.php?rest_route=\/wp\/v2\/posts\/1806","targetHints":{"allow":["GET"]}}],"collection":[{"href":"https:\/\/marcali.plebania.hu\/index.php?rest_route=\/wp\/v2\/posts"}],"about":[{"href":"https:\/\/marcali.plebania.hu\/index.php?rest_route=\/wp\/v2\/types\/post"}],"author":[{"embeddable":true,"href":"https:\/\/marcali.plebania.hu\/index.php?rest_route=\/wp\/v2\/users\/2"}],"replies":[{"embeddable":true,"href":"https:\/\/marcali.plebania.hu\/index.php?rest_route=%2Fwp%2Fv2%2Fcomments&post=1806"}],"version-history":[{"count":1,"href":"https:\/\/marcali.plebania.hu\/index.php?rest_route=\/wp\/v2\/posts\/1806\/revisions"}],"predecessor-version":[{"id":1807,"href":"https:\/\/marcali.plebania.hu\/index.php?rest_route=\/wp\/v2\/posts\/1806\/revisions\/1807"}],"wp:attachment":[{"href":"https:\/\/marcali.plebania.hu\/index.php?rest_route=%2Fwp%2Fv2%2Fmedia&parent=1806"}],"wp:term":[{"taxonomy":"category","embeddable":true,"href":"https:\/\/marcali.plebania.hu\/index.php?rest_route=%2Fwp%2Fv2%2Fcategories&post=1806"},{"taxonomy":"post_tag","embeddable":true,"href":"https:\/\/marcali.plebania.hu\/index.php?rest_route=%2Fwp%2Fv2%2Ftags&post=1806"}],"curies":[{"name":"wp","href":"https:\/\/api.w.org\/{rel}","templated":true}]}}