{"id":1808,"date":"2020-05-08T07:56:24","date_gmt":"2020-05-08T07:56:24","guid":{"rendered":"https:\/\/marcali.plebania.hu\/?p=1808"},"modified":"2020-05-08T07:56:24","modified_gmt":"2020-05-08T07:56:24","slug":"hirdetesek-2020-05-10","status":"publish","type":"post","link":"https:\/\/marcali.plebania.hu\/?p=1808","title":{"rendered":"Hirdet\u00e9sek, 2020. 05. 10."},"content":{"rendered":"\n<ol class=\"wp-block-list\"><li>Ma van H\u00fasv\u00e9t 5. vas\u00e1rnapja.<\/li><li>Varga L\u00e1szl\u00f3 kaposv\u00e1ri megy\u00e9sp\u00fcsp\u00f6k \u00fagy rendelkezett a\njelenleg zajl\u00f3 j\u00e1rv\u00e1nyvesz\u00e9lyben, hogy a Kaposv\u00e1ri Egyh\u00e1zmegy\u00e9ben a tov\u00e1bbi\nint\u00e9zked\u00e9sekig nincsenek nyilv\u00e1nos istentiszteletek. A f\u0151p\u00e1sztornak az a\nk\u00e9r\u00e9se, hogy m\u00e9g v\u00e1rjunk a liturgia templomi \u00fajrakezd\u00e9s\u00e9vel \u00e9s v\u00e1rjuk meg az\norsz\u00e1gos tesztel\u00e9s eredm\u00e9ny\u00e9t. Az eddigi j\u00e1rv\u00e1ny\u00fcgyi rendelkez\u00e9sek ir\u00e1nyad\u00f3k:\nnincsen nyilv\u00e1nos szentmise, nincsen keresztel\u00e9s \u00e9s h\u00e1zass\u00e1gk\u00f6t\u00e9s, a temet\u00e9s a\nlegr\u00f6videbb form\u00e1ban a s\u00edrn\u00e1l lehets\u00e9ges. Ugyanakkor otthonaikban n\u00e9zhetj\u00fck\nTv-n kereszt\u00fcl a vas\u00e1rnapi szentmis\u00e9ket, ami 9 \u00f3rakor kezd\u0151dik a Tavi Tv-n.<\/li><li>M\u00e1jus h\u00f3napban, mivel kifejezetten a Sz\u0171z Anya\nh\u00f3napja, otthonainkban v\u00e9gezz\u00fck el a Loretto-i lit\u00e1ni\u00e1t.<\/li><li>T\u00f6bben \u00e9rdekl\u0151dnek az idei els\u0151\u00e1ldoz\u00e1s \u00e9s b\u00e9rm\u00e1l\u00e1s id\u0151pontj\u00e1r\u00f3l.\nNem tudunk biztos v\u00e1laszt adni, mert nem tudjuk, hogy mikor lesz a j\u00e1rv\u00e1ny\nv\u00e9ge. Ugyancsak t\u00f6bben \u00e9rdekl\u0151dnek a felvett misesz\u00e1nd\u00e9kok miatt, ezeket meg\nfogjuk tartani, mihelyt a templomokban \u00fajb\u00f3l lehet liturgikus cselekm\u00e9nyeket\nv\u00e9gezni. Akiknek keresztel\u00e9s \u00e9s esk\u00fcv\u0151i id\u0151pontja volt, azok a j\u00e1rv\u00e1ny\nlecseng\u00e9se ut\u00e1n h\u00edvjanak telefonon \u00fajabb id\u0151pont egyeztet\u00e9sre.<\/li><li>Az egyh\u00e1zk\u00f6zs\u00e9gek el\u00e9g neh\u00e9z anyagi helyzetbe\nker\u00fcltek, mivel egyik f\u0151 bev\u00e9teli forr\u00e1suk a vas\u00e1rnapi perselyp\u00e9nz volt \u00e9s az\negyh\u00e1zi ad\u00f3. Mivel most mind a kett\u0151 sz\u00fcnetel \u00e9s nek\u00fcnk f\u0151\u00e1ll\u00e1s\u00fa \u00e9s megb\u00edz\u00e1si\nmunkaviszonyban l\u00e9v\u0151k fizet\u00e9s\u00e9t \u00e9s a templomok rezsij\u00e9t kell fizetni, ez\u00e9rt\narra k\u00e9rj\u00fck a kedves h\u00edveket, hogy a sokfel\u00e9 szok\u00e1sba j\u00f6tt gyakorlatot\nk\u00f6vess\u00e9k: l\u00e9tes\u00edtsenek otthon egy perselyt, melybe minden vas\u00e1rnap beleteszik a\nszokott perselyp\u00e9nz\u00fcket \u00e9s azt az \u00f6sszeget a j\u00e1rv\u00e1ny megsz\u0171n\u00e9se ut\u00e1n elhozz\u00e1k a\nszentmis\u00e9re. Meg\u00e9rt\u00e9s\u00fcket k\u00f6sz\u00f6nj\u00fck!<\/li><li>Csatlakozzunk Ferenc p\u00e1pa felh\u00edv\u00e1saihoz, aki k\u00f6z\u00f6s\nim\u00e1ds\u00e1gra h\u00edv benn\u00fcnket minden d\u00e9lben az \u00darangyala el\u0151tt egy Miaty\u00e1nkot is\nmondjunk el. A K\u00c9SZ felh\u00edv\u00e1s\u00e1ra est\u00e9nk\u00e9nt 20 \u00f3rakor ugyancsak egy Miaty\u00e1nkot\nmondjunk el.<\/li><li>A pl\u00e9b\u00e1nia \u00fcgyf\u00e9lfogad\u00e1s is megv\u00e1ltozott, el\u0151zetes\ntelefonegyeztet\u00e9sre h\u00edvj\u00e1k az 510-233-at \u00e9s lehet\u0151leg egy szem\u00e9ly j\u00f6jj\u00f6n \u00fcgyet\nint\u00e9zni.<\/li><\/ol>\n","protected":false},"excerpt":{"rendered":"<p>Ma van H\u00fasv\u00e9t 5. vas\u00e1rnapja. Varga L\u00e1szl\u00f3 kaposv\u00e1ri megy\u00e9sp\u00fcsp\u00f6k \u00fagy rendelkezett a jelenleg zajl\u00f3 j\u00e1rv\u00e1nyvesz\u00e9lyben, hogy a Kaposv\u00e1ri Egyh\u00e1zmegy\u00e9ben a tov\u00e1bbi int\u00e9zked\u00e9sekig nincsenek nyilv\u00e1nos istentiszteletek. A f\u0151p\u00e1sztornak az a k\u00e9r\u00e9se, hogy m\u00e9g v\u00e1rjunk a liturgia templomi \u00fajrakezd\u00e9s\u00e9vel \u00e9s v\u00e1rjuk meg az orsz\u00e1gos tesztel\u00e9s eredm\u00e9ny\u00e9t. Az eddigi j\u00e1rv\u00e1ny\u00fcgyi rendelkez\u00e9sek ir\u00e1nyad\u00f3k: nincsen nyilv\u00e1nos szentmise, nincsen keresztel\u00e9s \u00e9s h\u00e1zass\u00e1gk\u00f6t\u00e9s, a temet\u00e9s a legr\u00f6videbb form\u00e1ban a s\u00edrn\u00e1l lehets\u00e9ges. Ugyanakkor otthonaikban n\u00e9zhetj\u00fck Tv-n kereszt\u00fcl a vas\u00e1rnapi szentmis\u00e9ket, ami 9 \u00f3rakor kezd\u0151dik a Tavi Tv-n. M\u00e1jus&#8230;<\/p>\n<p class=\"read-more\"><a class=\"btn btn-default\" href=\"https:\/\/marcali.plebania.hu\/?p=1808\"> Read More<span class=\"screen-reader-text\">  Read More<\/span><\/a><\/p>\n","protected":false},"author":2,"featured_media":0,"comment_status":"closed","ping_status":"open","sticky":false,"template":"","format":"standard","meta":{"footnotes":""},"categories":[1],"tags":[],"class_list":["post-1808","post","type-post","status-publish","format-standard","hentry","category-egyeb"],"_links":{"self":[{"href":"https:\/\/marcali.plebania.hu\/index.php?rest_route=\/wp\/v2\/posts\/1808","targetHints":{"allow":["GET"]}}],"collection":[{"href":"https:\/\/marcali.plebania.hu\/index.php?rest_route=\/wp\/v2\/posts"}],"about":[{"href":"https:\/\/marcali.plebania.hu\/index.php?rest_route=\/wp\/v2\/types\/post"}],"author":[{"embeddable":true,"href":"https:\/\/marcali.plebania.hu\/index.php?rest_route=\/wp\/v2\/users\/2"}],"replies":[{"embeddable":true,"href":"https:\/\/marcali.plebania.hu\/index.php?rest_route=%2Fwp%2Fv2%2Fcomments&post=1808"}],"version-history":[{"count":1,"href":"https:\/\/marcali.plebania.hu\/index.php?rest_route=\/wp\/v2\/posts\/1808\/revisions"}],"predecessor-version":[{"id":1809,"href":"https:\/\/marcali.plebania.hu\/index.php?rest_route=\/wp\/v2\/posts\/1808\/revisions\/1809"}],"wp:attachment":[{"href":"https:\/\/marcali.plebania.hu\/index.php?rest_route=%2Fwp%2Fv2%2Fmedia&parent=1808"}],"wp:term":[{"taxonomy":"category","embeddable":true,"href":"https:\/\/marcali.plebania.hu\/index.php?rest_route=%2Fwp%2Fv2%2Fcategories&post=1808"},{"taxonomy":"post_tag","embeddable":true,"href":"https:\/\/marcali.plebania.hu\/index.php?rest_route=%2Fwp%2Fv2%2Ftags&post=1808"}],"curies":[{"name":"wp","href":"https:\/\/api.w.org\/{rel}","templated":true}]}}