{"id":1814,"date":"2020-05-17T16:57:56","date_gmt":"2020-05-17T16:57:56","guid":{"rendered":"https:\/\/marcali.plebania.hu\/?p=1814"},"modified":"2020-05-17T16:57:56","modified_gmt":"2020-05-17T16:57:56","slug":"majus-24-en-szabadteri-szentmise-lesz-marcaliban","status":"publish","type":"post","link":"https:\/\/marcali.plebania.hu\/?p=1814","title":{"rendered":"M\u00e1jus 24-\u00e9n szabadt\u00e9ri szentmise lesz Marcaliban"},"content":{"rendered":"\n<figure class=\"wp-block-image size-large\"><img loading=\"lazy\" decoding=\"async\" width=\"1024\" height=\"678\" src=\"https:\/\/marcali.plebania.hu\/wp-content\/uploads\/2020\/05\/DSC_0015-1024x678-1.jpg\" alt=\"\" class=\"wp-image-1815\" srcset=\"https:\/\/marcali.plebania.hu\/wp-content\/uploads\/2020\/05\/DSC_0015-1024x678-1.jpg 1024w, https:\/\/marcali.plebania.hu\/wp-content\/uploads\/2020\/05\/DSC_0015-1024x678-1-300x199.jpg 300w, https:\/\/marcali.plebania.hu\/wp-content\/uploads\/2020\/05\/DSC_0015-1024x678-1-768x509.jpg 768w, https:\/\/marcali.plebania.hu\/wp-content\/uploads\/2020\/05\/DSC_0015-1024x678-1-408x270.jpg 408w\" sizes=\"auto, (max-width: 1024px) 100vw, 1024px\" \/><\/figure>\n\n\n\n<p>M\u00e1jus 24-\u00e9n, j\u00f6v\u0151 vas\u00e1rnap 10 \u00f3rakor a pl\u00e9b\u00e1niatemplom el\u0151tt szabadt\u00e9ri szentmise lesz a biztons\u00e1gi int\u00e9zked\u00e9sek betart\u00e1sa mellett. Mindenki sz\u00e1m\u00e1ra a sz\u00e1jmaszk haszn\u00e1lata k\u00f6telez\u0151. \u00dcl\u0151helyekr\u0151l az egyh\u00e1zk\u00f6zs\u00e9g gondoskodik. A szentmis\u00e9n a parkol\u00f3ban, aut\u00f3ban \u00fclve is r\u00e9szt lehet venni. Az eg\u00e9sz H\u0151s\u00f6k ter\u00e9n hallhat\u00f3 lesz az istentisztelet, mert ki lesz hangos\u00edtva.<\/p>\n\n\n\n<p>Seg\u00edts\u00fcnk az id\u0151seknek, hogy ak\u00e1r\naut\u00f3ban \u00fclve is r\u00e9szt vehessenek a szentmis\u00e9n.<\/p>\n\n\n\n<p>A tervek szerint, P\u00fcnk\u00f6sd\nvas\u00e1rnapj\u00e1n m\u00e1r mindh\u00e1rom templomban meg lesznek tartva a marcali szentmis\u00e9k.<\/p>\n","protected":false},"excerpt":{"rendered":"<p>M\u00e1jus 24-\u00e9n, j\u00f6v\u0151 vas\u00e1rnap 10 \u00f3rakor a pl\u00e9b\u00e1niatemplom el\u0151tt szabadt\u00e9ri szentmise lesz a biztons\u00e1gi int\u00e9zked\u00e9sek betart\u00e1sa mellett. Mindenki sz\u00e1m\u00e1ra a sz\u00e1jmaszk haszn\u00e1lata k\u00f6telez\u0151. \u00dcl\u0151helyekr\u0151l az egyh\u00e1zk\u00f6zs\u00e9g gondoskodik. A szentmis\u00e9n a parkol\u00f3ban, aut\u00f3ban \u00fclve is r\u00e9szt lehet venni. Az eg\u00e9sz H\u0151s\u00f6k ter\u00e9n hallhat\u00f3 lesz az istentisztelet, mert ki lesz hangos\u00edtva. Seg\u00edts\u00fcnk az id\u0151seknek, hogy ak\u00e1r aut\u00f3ban \u00fclve is r\u00e9szt vehessenek a szentmis\u00e9n. A tervek szerint, P\u00fcnk\u00f6sd vas\u00e1rnapj\u00e1n m\u00e1r mindh\u00e1rom templomban meg lesznek tartva a marcali szentmis\u00e9k.<\/p>\n","protected":false},"author":2,"featured_media":0,"comment_status":"closed","ping_status":"open","sticky":false,"template":"","format":"standard","meta":{"footnotes":""},"categories":[1],"tags":[],"class_list":["post-1814","post","type-post","status-publish","format-standard","hentry","category-egyeb"],"_links":{"self":[{"href":"https:\/\/marcali.plebania.hu\/index.php?rest_route=\/wp\/v2\/posts\/1814","targetHints":{"allow":["GET"]}}],"collection":[{"href":"https:\/\/marcali.plebania.hu\/index.php?rest_route=\/wp\/v2\/posts"}],"about":[{"href":"https:\/\/marcali.plebania.hu\/index.php?rest_route=\/wp\/v2\/types\/post"}],"author":[{"embeddable":true,"href":"https:\/\/marcali.plebania.hu\/index.php?rest_route=\/wp\/v2\/users\/2"}],"replies":[{"embeddable":true,"href":"https:\/\/marcali.plebania.hu\/index.php?rest_route=%2Fwp%2Fv2%2Fcomments&post=1814"}],"version-history":[{"count":1,"href":"https:\/\/marcali.plebania.hu\/index.php?rest_route=\/wp\/v2\/posts\/1814\/revisions"}],"predecessor-version":[{"id":1816,"href":"https:\/\/marcali.plebania.hu\/index.php?rest_route=\/wp\/v2\/posts\/1814\/revisions\/1816"}],"wp:attachment":[{"href":"https:\/\/marcali.plebania.hu\/index.php?rest_route=%2Fwp%2Fv2%2Fmedia&parent=1814"}],"wp:term":[{"taxonomy":"category","embeddable":true,"href":"https:\/\/marcali.plebania.hu\/index.php?rest_route=%2Fwp%2Fv2%2Fcategories&post=1814"},{"taxonomy":"post_tag","embeddable":true,"href":"https:\/\/marcali.plebania.hu\/index.php?rest_route=%2Fwp%2Fv2%2Ftags&post=1814"}],"curies":[{"name":"wp","href":"https:\/\/api.w.org\/{rel}","templated":true}]}}