{"id":182,"date":"2018-03-30T17:54:42","date_gmt":"2018-03-30T17:54:42","guid":{"rendered":"https:\/\/marcali.plebania.hu\/?p=182"},"modified":"2018-04-24T17:55:43","modified_gmt":"2018-04-24T17:55:43","slug":"keresztut-a-kalvarianal-nagypenteken","status":"publish","type":"post","link":"https:\/\/marcali.plebania.hu\/?p=182","title":{"rendered":"Kereszt\u00fat a K\u00e1lv\u00e1ri\u00e1n\u00e1l Nagyp\u00e9nteken"},"content":{"rendered":"<p>2018. 03. 30-\u00e1n d\u00e9lut\u00e1n 15 \u00f3rakor a Marcali K\u00f6zponti Temet\u0151 K\u00e1lv\u00e1ri\u00e1j\u00e1n\u00e1l gy\u0171ltek \u00f6ssze a katolikus h\u00edvek, hogy J\u00e9zus kereszthal\u00e1l\u00e1ra eml\u00e9kezzenek. A nagyp\u00e9nteki szertart\u00e1sok r\u00e9sze a kereszt\u00fati \u00e1jtatoss\u00e1g, melyet Kiss Iv\u00e1n c. pr\u00e9post, esperes-pl\u00e9b\u00e1nos \u00far vezetett. Besz\u00e9d\u00e9ben elmondta, hogy Krisztus \u00f6nk\u00e9nt v\u00e1llalta a szenved\u00e9st \u00e9s a hal\u00e1lt, hogy minden embert megv\u00e1ltson a b\u0171neit\u0151l. De m\u00e9g az \u0151ket el\u00edt\u00e9l\u0151knek is megbocs\u00e1tott. A liturgia este 18 \u00f3r\u00e1t\u00f3l a pl\u00e9b\u00e1niatemplomban kereszth\u00f3dolattal folytat\u00f3dott tov\u00e1bb. A nagyh\u00e9t el\u0151k\u00e9sz\u00fclet a h\u00fasv\u00e9tra, mely J\u00e9zus felt\u00e1mad\u00e1s\u00e1ra eml\u00e9keztet minden j\u00f3akarat\u00fa embert. Nagyszombaton t\u0171z-, v\u00edzszentel\u00e9ssel, k\u00f6rmenettel; h\u00fasv\u00e9t vas\u00e1rnap reggel, pedig \u00e9telszentel\u00e9si szentmis\u00e9vel folytat\u00f3dik a kereszt\u00e9nyek legnagyobb \u00fcnnepe.<img loading=\"lazy\" decoding=\"async\" class=\"alignnone size-full wp-image-183\" src=\"https:\/\/marcali.plebania.hu\/wp-content\/uploads\/2018\/04\/80330.jpg\" alt=\"\" width=\"1000\" height=\"667\" srcset=\"https:\/\/marcali.plebania.hu\/wp-content\/uploads\/2018\/04\/80330.jpg 1000w, https:\/\/marcali.plebania.hu\/wp-content\/uploads\/2018\/04\/80330-300x200.jpg 300w, https:\/\/marcali.plebania.hu\/wp-content\/uploads\/2018\/04\/80330-768x512.jpg 768w, https:\/\/marcali.plebania.hu\/wp-content\/uploads\/2018\/04\/80330-405x270.jpg 405w\" sizes=\"auto, (max-width: 1000px) 100vw, 1000px\" \/><\/p>\n","protected":false},"excerpt":{"rendered":"<p>2018. 03. 30-\u00e1n d\u00e9lut\u00e1n 15 \u00f3rakor a Marcali K\u00f6zponti Temet\u0151 K\u00e1lv\u00e1ri\u00e1j\u00e1n\u00e1l gy\u0171ltek \u00f6ssze a katolikus h\u00edvek, hogy J\u00e9zus kereszthal\u00e1l\u00e1ra eml\u00e9kezzenek. A nagyp\u00e9nteki szertart\u00e1sok r\u00e9sze a kereszt\u00fati \u00e1jtatoss\u00e1g, melyet Kiss Iv\u00e1n c. pr\u00e9post, esperes-pl\u00e9b\u00e1nos \u00far vezetett. Besz\u00e9d\u00e9ben elmondta, hogy Krisztus \u00f6nk\u00e9nt v\u00e1llalta a szenved\u00e9st \u00e9s a hal\u00e1lt, hogy minden embert megv\u00e1ltson a b\u0171neit\u0151l. De m\u00e9g az \u0151ket el\u00edt\u00e9l\u0151knek is megbocs\u00e1tott. A liturgia este 18 \u00f3r\u00e1t\u00f3l a pl\u00e9b\u00e1niatemplomban kereszth\u00f3dolattal folytat\u00f3dott tov\u00e1bb. A nagyh\u00e9t el\u0151k\u00e9sz\u00fclet a h\u00fasv\u00e9tra, mely J\u00e9zus felt\u00e1mad\u00e1s\u00e1ra eml\u00e9keztet minden j\u00f3akarat\u00fa&#8230;<\/p>\n<p class=\"read-more\"><a class=\"btn btn-default\" href=\"https:\/\/marcali.plebania.hu\/?p=182\"> Read More<span class=\"screen-reader-text\">  Read More<\/span><\/a><\/p>\n","protected":false},"author":1,"featured_media":0,"comment_status":"closed","ping_status":"open","sticky":false,"template":"","format":"standard","meta":{"footnotes":""},"categories":[4],"tags":[],"class_list":["post-182","post","type-post","status-publish","format-standard","hentry","category-hirek"],"_links":{"self":[{"href":"https:\/\/marcali.plebania.hu\/index.php?rest_route=\/wp\/v2\/posts\/182","targetHints":{"allow":["GET"]}}],"collection":[{"href":"https:\/\/marcali.plebania.hu\/index.php?rest_route=\/wp\/v2\/posts"}],"about":[{"href":"https:\/\/marcali.plebania.hu\/index.php?rest_route=\/wp\/v2\/types\/post"}],"author":[{"embeddable":true,"href":"https:\/\/marcali.plebania.hu\/index.php?rest_route=\/wp\/v2\/users\/1"}],"replies":[{"embeddable":true,"href":"https:\/\/marcali.plebania.hu\/index.php?rest_route=%2Fwp%2Fv2%2Fcomments&post=182"}],"version-history":[{"count":2,"href":"https:\/\/marcali.plebania.hu\/index.php?rest_route=\/wp\/v2\/posts\/182\/revisions"}],"predecessor-version":[{"id":185,"href":"https:\/\/marcali.plebania.hu\/index.php?rest_route=\/wp\/v2\/posts\/182\/revisions\/185"}],"wp:attachment":[{"href":"https:\/\/marcali.plebania.hu\/index.php?rest_route=%2Fwp%2Fv2%2Fmedia&parent=182"}],"wp:term":[{"taxonomy":"category","embeddable":true,"href":"https:\/\/marcali.plebania.hu\/index.php?rest_route=%2Fwp%2Fv2%2Fcategories&post=182"},{"taxonomy":"post_tag","embeddable":true,"href":"https:\/\/marcali.plebania.hu\/index.php?rest_route=%2Fwp%2Fv2%2Ftags&post=182"}],"curies":[{"name":"wp","href":"https:\/\/api.w.org\/{rel}","templated":true}]}}