{"id":1820,"date":"2020-05-22T08:36:05","date_gmt":"2020-05-22T08:36:05","guid":{"rendered":"https:\/\/marcali.plebania.hu\/?p=1820"},"modified":"2020-05-28T09:25:54","modified_gmt":"2020-05-28T09:25:54","slug":"hirdetesek-2020-05-24","status":"publish","type":"post","link":"https:\/\/marcali.plebania.hu\/?p=1820","title":{"rendered":"Hirdet\u00e9sek, 2020. 05. 24."},"content":{"rendered":"\n<ol class=\"wp-block-list\"><li>Ma Urunk mennybemenetel\u00e9nek \u00fcnnepe van.<\/li><li>A j\u00f6v\u0151 h\u00e9ten, p\u00e9nteken \u00e9s szombaton 18 \u00f3rakor nyilv\u00e1nos szentmise lesz a pl\u00e9b\u00e1niatemplomban. A templomban v\u00e9gzett liturgia j\u00e1rv\u00e1ny\u00fcgyi el\u0151\u00edr\u00e1sai: a templomot el\u0151tte \u00e9s ut\u00e1na fert\u0151tlen\u00edteni kell, sz\u00e1jmaszk haszn\u00e1lata k\u00f6telez\u0151, \u00e9s a m\u00e1sf\u00e9l m\u00e9teres t\u00e1vols\u00e1got a padokban \u00fclve be kell tartani. \u00c1ldoz\u00e1s el\u0151tt a k\u00e9zfert\u0151tlen\u00edt\u00e9s is k\u00f6telez\u0151.<\/li><li>J\u00f6v\u0151 vas\u00e1rnap, P\u00fcnk\u00f6sd \u00fcnnepe. Szabadt\u00e9ri szentmise 10 \u00f3rakor lesz a  pl\u00e9b\u00e1niatemplom el\u0151tt.<\/li><li>Megk\u00f6sz\u00f6nj\u00fck a helyt\u00e1ll\u00e1st a Tavi Tv-nek, hogy a j\u00e1rv\u00e1ny ideje alatt is k\u00f6zvet\u00edtette a vas\u00e1rnapi szentmis\u00e9ket! K\u00f6sz\u00f6net a k\u00e9t fiatalnak, Kozma Kriszti\u00e1nnak \u00e9s T\u00f3th Eszternek, hogy ezeken a szentmis\u00e9ken k\u00f6zrem\u0171k\u00f6dtek, k\u00f6sz\u00f6nj\u00fck Balogh B\u00e1lint k\u00e1ntornak \u00e9s a sekresty\u00e9snek, D\u00f6brei S\u00e1ndorn\u00e9nak a munk\u00e1j\u00e1t.<\/li><li>Az egyh\u00e1zk\u00f6zs\u00e9gek el\u00e9g neh\u00e9z anyagi helyzetbe ker\u00fcltek, mivel egyik f\u0151 bev\u00e9teli forr\u00e1suk a vas\u00e1rnapi perselyp\u00e9nz volt \u00e9s az egyh\u00e1zi ad\u00f3. Mivel most mind a kett\u0151 sz\u00fcnetel \u00e9s nek\u00fcnk f\u0151\u00e1ll\u00e1s\u00fa \u00e9s megb\u00edz\u00e1si munkaviszonyban l\u00e9v\u0151k fizet\u00e9s\u00e9t \u00e9s a templomok rezsij\u00e9t kell fizetni, ez\u00e9rt arra k\u00e9rj\u00fck a kedves h\u00edveket, hogy a sokfel\u00e9 szok\u00e1sba j\u00f6tt gyakorlatot k\u00f6vess\u00e9k: l\u00e9tes\u00edtsenek otthon egy perselyt, melybe minden vas\u00e1rnap beleteszik a szokott perselyp\u00e9nz\u00fcket \u00e9s azt az \u00f6sszeget a j\u00e1rv\u00e1ny megsz\u0171n\u00e9se ut\u00e1n elhozz\u00e1k a szentmis\u00e9re. Meg\u00e9rt\u00e9s\u00fcket k\u00f6sz\u00f6nj\u00fck!<\/li><\/ol>\n","protected":false},"excerpt":{"rendered":"<p>Ma Urunk mennybemenetel\u00e9nek \u00fcnnepe van. A j\u00f6v\u0151 h\u00e9ten, p\u00e9nteken \u00e9s szombaton 18 \u00f3rakor nyilv\u00e1nos szentmise lesz a pl\u00e9b\u00e1niatemplomban. A templomban v\u00e9gzett liturgia j\u00e1rv\u00e1ny\u00fcgyi el\u0151\u00edr\u00e1sai: a templomot el\u0151tte \u00e9s ut\u00e1na fert\u0151tlen\u00edteni kell, sz\u00e1jmaszk haszn\u00e1lata k\u00f6telez\u0151, \u00e9s a m\u00e1sf\u00e9l m\u00e9teres t\u00e1vols\u00e1got a padokban \u00fclve be kell tartani. \u00c1ldoz\u00e1s el\u0151tt a k\u00e9zfert\u0151tlen\u00edt\u00e9s is k\u00f6telez\u0151. J\u00f6v\u0151 vas\u00e1rnap, P\u00fcnk\u00f6sd \u00fcnnepe. Szabadt\u00e9ri szentmise 10 \u00f3rakor lesz a pl\u00e9b\u00e1niatemplom el\u0151tt. Megk\u00f6sz\u00f6nj\u00fck a helyt\u00e1ll\u00e1st a Tavi Tv-nek, hogy a j\u00e1rv\u00e1ny ideje alatt is k\u00f6zvet\u00edtette a vas\u00e1rnapi szentmis\u00e9ket! K\u00f6sz\u00f6net&#8230;<\/p>\n<p class=\"read-more\"><a class=\"btn btn-default\" href=\"https:\/\/marcali.plebania.hu\/?p=1820\"> Read More<span class=\"screen-reader-text\">  Read More<\/span><\/a><\/p>\n","protected":false},"author":2,"featured_media":0,"comment_status":"closed","ping_status":"open","sticky":false,"template":"","format":"standard","meta":{"footnotes":""},"categories":[1],"tags":[],"class_list":["post-1820","post","type-post","status-publish","format-standard","hentry","category-egyeb"],"_links":{"self":[{"href":"https:\/\/marcali.plebania.hu\/index.php?rest_route=\/wp\/v2\/posts\/1820","targetHints":{"allow":["GET"]}}],"collection":[{"href":"https:\/\/marcali.plebania.hu\/index.php?rest_route=\/wp\/v2\/posts"}],"about":[{"href":"https:\/\/marcali.plebania.hu\/index.php?rest_route=\/wp\/v2\/types\/post"}],"author":[{"embeddable":true,"href":"https:\/\/marcali.plebania.hu\/index.php?rest_route=\/wp\/v2\/users\/2"}],"replies":[{"embeddable":true,"href":"https:\/\/marcali.plebania.hu\/index.php?rest_route=%2Fwp%2Fv2%2Fcomments&post=1820"}],"version-history":[{"count":2,"href":"https:\/\/marcali.plebania.hu\/index.php?rest_route=\/wp\/v2\/posts\/1820\/revisions"}],"predecessor-version":[{"id":1843,"href":"https:\/\/marcali.plebania.hu\/index.php?rest_route=\/wp\/v2\/posts\/1820\/revisions\/1843"}],"wp:attachment":[{"href":"https:\/\/marcali.plebania.hu\/index.php?rest_route=%2Fwp%2Fv2%2Fmedia&parent=1820"}],"wp:term":[{"taxonomy":"category","embeddable":true,"href":"https:\/\/marcali.plebania.hu\/index.php?rest_route=%2Fwp%2Fv2%2Fcategories&post=1820"},{"taxonomy":"post_tag","embeddable":true,"href":"https:\/\/marcali.plebania.hu\/index.php?rest_route=%2Fwp%2Fv2%2Ftags&post=1820"}],"curies":[{"name":"wp","href":"https:\/\/api.w.org\/{rel}","templated":true}]}}