{"id":1823,"date":"2020-05-25T14:46:15","date_gmt":"2020-05-25T14:46:15","guid":{"rendered":"https:\/\/marcali.plebania.hu\/?p=1823"},"modified":"2020-05-25T14:46:15","modified_gmt":"2020-05-25T14:46:15","slug":"ujraindultunk-az-elso-nyilvanos-szabadteri-szentmise-marcaliban","status":"publish","type":"post","link":"https:\/\/marcali.plebania.hu\/?p=1823","title":{"rendered":"\u00dajraindultunk \u2013 Az els\u0151 nyilv\u00e1nos szabadt\u00e9ri szentmise Marcaliban"},"content":{"rendered":"\n<p>2020. m\u00e1jus 24-\u00e9n, vas\u00e1rnap, Urunk mennybemenetel\u00e9nek \u00fcnnep\u00e9n 10 \u00f3rakor kezd\u0151d\u00f6tt az els\u0151 nyilv\u00e1nos istentisztelet, mivel m\u00e9g m\u00e1rciusban felf\u00fcggesztett\u00e9k a liturgikus cselekm\u00e9nyeket a koronav\u00edrus-j\u00e1rv\u00e1ny miatt. A t\u00f6bb mint k\u00e9t h\u00f3napig tart\u00f3 id\u0151 alatt csak \u00fan. mag\u00e1nszentmis\u00e9ket lehetett tartani a h\u00edvek r\u00e9szv\u00e9tele n\u00e9lk\u00fcl, akik csak a m\u00e9dia k\u00f6zvet\u00edt\u00e9s\u00e9vel kapcsol\u00f3dhattak be ezekbe a szertart\u00e1sokba. A j\u00e1rv\u00e1ny tet\u0151z\u00e9s\u00e9t k\u00f6vet\u0151en el\u0151sz\u00f6r a korm\u00e1nyzat, majd pedig a Magyar Katolikus P\u00fcsp\u00f6ki Konferencia (MKPK), v\u00e9g\u00fcl pedig Varga L\u00e1szl\u00f3 kaposv\u00e1ri megy\u00e9sp\u00fcsp\u00f6k is d\u00f6nt\u00f6tt a j\u00e1rv\u00e1ny\u00fcgyi korl\u00e1toz\u00e1sok r\u00e9szleges felold\u00e1s\u00e1r\u00f3l. Ennek k\u00f6vetkezt\u00e9ben bizonyos felt\u00e9telek mellett lassan visszat\u00e9rhet a vall\u00e1si \u00e9let is, de sz\u00e1jmaszk, k\u00e9zfert\u0151tlen\u00edt\u0151 haszn\u00e1lata tov\u00e1bbra is k\u00f6telez\u0151, valamint fontos a biztons\u00e1gos t\u00e1vols\u00e1g betart\u00e1sa. A megy\u00e9sf\u0151p\u00e1sztor is \u2013 a kedvez\u0151 id\u0151j\u00e1r\u00e1s miatt \u2013 els\u0151sorban a szabadt\u00e9ri szentmis\u00e9ket enged\u00e9lyezte.<\/p>\n\n\n\n<figure class=\"wp-block-gallery columns-3 is-cropped wp-block-gallery-1 is-layout-flex wp-block-gallery-is-layout-flex\"><ul class=\"blocks-gallery-grid\"><li class=\"blocks-gallery-item\"><figure><img loading=\"lazy\" decoding=\"async\" width=\"1024\" height=\"683\" src=\"https:\/\/marcali.plebania.hu\/wp-content\/uploads\/2020\/05\/02-1-1024x683.jpg\" alt=\"\" data-id=\"1824\" data-full-url=\"https:\/\/marcali.plebania.hu\/wp-content\/uploads\/2020\/05\/02-1-scaled.jpg\" data-link=\"https:\/\/marcali.plebania.hu\/?attachment_id=1824\" class=\"wp-image-1824\" srcset=\"https:\/\/marcali.plebania.hu\/wp-content\/uploads\/2020\/05\/02-1-1024x683.jpg 1024w, https:\/\/marcali.plebania.hu\/wp-content\/uploads\/2020\/05\/02-1-300x200.jpg 300w, https:\/\/marcali.plebania.hu\/wp-content\/uploads\/2020\/05\/02-1-768x512.jpg 768w, https:\/\/marcali.plebania.hu\/wp-content\/uploads\/2020\/05\/02-1-1536x1024.jpg 1536w, https:\/\/marcali.plebania.hu\/wp-content\/uploads\/2020\/05\/02-1-2048x1365.jpg 2048w, https:\/\/marcali.plebania.hu\/wp-content\/uploads\/2020\/05\/02-1-405x270.jpg 405w\" sizes=\"auto, (max-width: 1024px) 100vw, 1024px\" \/><\/figure><\/li><li class=\"blocks-gallery-item\"><figure><img loading=\"lazy\" decoding=\"async\" width=\"1024\" height=\"683\" src=\"https:\/\/marcali.plebania.hu\/wp-content\/uploads\/2020\/05\/03-1-1024x683.jpg\" alt=\"\" data-id=\"1825\" data-full-url=\"https:\/\/marcali.plebania.hu\/wp-content\/uploads\/2020\/05\/03-1-scaled.jpg\" data-link=\"https:\/\/marcali.plebania.hu\/?attachment_id=1825\" class=\"wp-image-1825\" srcset=\"https:\/\/marcali.plebania.hu\/wp-content\/uploads\/2020\/05\/03-1-1024x683.jpg 1024w, https:\/\/marcali.plebania.hu\/wp-content\/uploads\/2020\/05\/03-1-300x200.jpg 300w, https:\/\/marcali.plebania.hu\/wp-content\/uploads\/2020\/05\/03-1-768x512.jpg 768w, https:\/\/marcali.plebania.hu\/wp-content\/uploads\/2020\/05\/03-1-1536x1024.jpg 1536w, https:\/\/marcali.plebania.hu\/wp-content\/uploads\/2020\/05\/03-1-2048x1365.jpg 2048w, https:\/\/marcali.plebania.hu\/wp-content\/uploads\/2020\/05\/03-1-405x270.jpg 405w\" sizes=\"auto, (max-width: 1024px) 100vw, 1024px\" \/><\/figure><\/li><li class=\"blocks-gallery-item\"><figure><img loading=\"lazy\" decoding=\"async\" width=\"1024\" height=\"683\" src=\"https:\/\/marcali.plebania.hu\/wp-content\/uploads\/2020\/05\/04-1024x683.jpg\" alt=\"\" data-id=\"1826\" data-full-url=\"https:\/\/marcali.plebania.hu\/wp-content\/uploads\/2020\/05\/04-scaled.jpg\" data-link=\"https:\/\/marcali.plebania.hu\/?attachment_id=1826\" class=\"wp-image-1826\" srcset=\"https:\/\/marcali.plebania.hu\/wp-content\/uploads\/2020\/05\/04-1024x683.jpg 1024w, https:\/\/marcali.plebania.hu\/wp-content\/uploads\/2020\/05\/04-300x200.jpg 300w, https:\/\/marcali.plebania.hu\/wp-content\/uploads\/2020\/05\/04-768x512.jpg 768w, https:\/\/marcali.plebania.hu\/wp-content\/uploads\/2020\/05\/04-1536x1024.jpg 1536w, https:\/\/marcali.plebania.hu\/wp-content\/uploads\/2020\/05\/04-2048x1365.jpg 2048w, https:\/\/marcali.plebania.hu\/wp-content\/uploads\/2020\/05\/04-405x270.jpg 405w\" sizes=\"auto, (max-width: 1024px) 100vw, 1024px\" \/><\/figure><\/li><li class=\"blocks-gallery-item\"><figure><img loading=\"lazy\" decoding=\"async\" width=\"1024\" height=\"683\" src=\"https:\/\/marcali.plebania.hu\/wp-content\/uploads\/2020\/05\/05-1-1024x683.jpg\" alt=\"\" data-id=\"1827\" data-full-url=\"https:\/\/marcali.plebania.hu\/wp-content\/uploads\/2020\/05\/05-1-scaled.jpg\" data-link=\"https:\/\/marcali.plebania.hu\/?attachment_id=1827\" class=\"wp-image-1827\" srcset=\"https:\/\/marcali.plebania.hu\/wp-content\/uploads\/2020\/05\/05-1-1024x683.jpg 1024w, https:\/\/marcali.plebania.hu\/wp-content\/uploads\/2020\/05\/05-1-300x200.jpg 300w, https:\/\/marcali.plebania.hu\/wp-content\/uploads\/2020\/05\/05-1-768x512.jpg 768w, https:\/\/marcali.plebania.hu\/wp-content\/uploads\/2020\/05\/05-1-1536x1024.jpg 1536w, https:\/\/marcali.plebania.hu\/wp-content\/uploads\/2020\/05\/05-1-2048x1365.jpg 2048w, https:\/\/marcali.plebania.hu\/wp-content\/uploads\/2020\/05\/05-1-405x270.jpg 405w\" sizes=\"auto, (max-width: 1024px) 100vw, 1024px\" \/><\/figure><\/li><\/ul><\/figure>\n\n\n\n<p>\u00c9ppen ez\u00e9rt ker\u00fclt sor Marcaliban, a Gy\u00fcm\u00f6lcsolt\u00f3 Boldogasszony pl\u00e9b\u00e1niatemplom el\u0151tt, a Boldog II. J\u00e1nos P\u00e1l p\u00e1pa \u00e9s a H\u0151s\u00f6k ter\u00e9n az els\u0151 szabadt\u00e9ri szentmis\u00e9re. Az id\u0151j\u00e1r\u00e1s kegyes volt a szervez\u0151kh\u00f6z, mert a hajnali es\u0151 ut\u00e1n reggelre m\u00e1r kider\u00fclt az \u00e9g, \u00e9s meg lehetett tartani a r\u00e9gen v\u00e1rt istentiszteletet, amit a felh\u0151k mozg\u00e1sa \u00e9s az er\u0151s sz\u00e9l is k\u00eds\u00e9rt. A ter\u00fclet haszn\u00e1lat\u00e1hoz sz\u00fcks\u00e9ges enged\u00e9lyt az \u00f6nkorm\u00e1nyzat megadta, a biztos\u00edt\u00e1sr\u00f3l a polg\u00e1r\u0151rs\u00e9g gondoskodott. Az \u00fcnnepi szentmis\u00e9t Kiss Iv\u00e1n c. pr\u00e9post, esperes-pl\u00e9b\u00e1nos celebr\u00e1lta, k\u00f6zrem\u0171k\u00f6d\u00f6tt a F\u00e9ny Gyermekei Zenekar \u00e9s Balogh B\u00e1lint k\u00e1ntor, valamint Kozma Kriszti\u00e1n Kazinczy-d\u00edjas versmond\u00f3.<\/p>\n\n\n\n<figure class=\"wp-block-gallery columns-3 is-cropped wp-block-gallery-2 is-layout-flex wp-block-gallery-is-layout-flex\"><ul class=\"blocks-gallery-grid\"><li class=\"blocks-gallery-item\"><figure><img loading=\"lazy\" decoding=\"async\" width=\"1024\" height=\"683\" src=\"https:\/\/marcali.plebania.hu\/wp-content\/uploads\/2020\/05\/14-1-1024x683.jpg\" alt=\"\" data-id=\"1828\" data-link=\"https:\/\/marcali.plebania.hu\/?attachment_id=1828\" class=\"wp-image-1828\" srcset=\"https:\/\/marcali.plebania.hu\/wp-content\/uploads\/2020\/05\/14-1-1024x683.jpg 1024w, https:\/\/marcali.plebania.hu\/wp-content\/uploads\/2020\/05\/14-1-300x200.jpg 300w, https:\/\/marcali.plebania.hu\/wp-content\/uploads\/2020\/05\/14-1-768x512.jpg 768w, https:\/\/marcali.plebania.hu\/wp-content\/uploads\/2020\/05\/14-1-1536x1024.jpg 1536w, https:\/\/marcali.plebania.hu\/wp-content\/uploads\/2020\/05\/14-1-2048x1365.jpg 2048w, https:\/\/marcali.plebania.hu\/wp-content\/uploads\/2020\/05\/14-1-405x270.jpg 405w\" sizes=\"auto, (max-width: 1024px) 100vw, 1024px\" \/><\/figure><\/li><li class=\"blocks-gallery-item\"><figure><img loading=\"lazy\" decoding=\"async\" width=\"1024\" height=\"683\" src=\"https:\/\/marcali.plebania.hu\/wp-content\/uploads\/2020\/05\/19-1024x683.jpg\" alt=\"\" data-id=\"1829\" data-link=\"https:\/\/marcali.plebania.hu\/?attachment_id=1829\" class=\"wp-image-1829\" srcset=\"https:\/\/marcali.plebania.hu\/wp-content\/uploads\/2020\/05\/19-1024x683.jpg 1024w, https:\/\/marcali.plebania.hu\/wp-content\/uploads\/2020\/05\/19-300x200.jpg 300w, https:\/\/marcali.plebania.hu\/wp-content\/uploads\/2020\/05\/19-768x512.jpg 768w, https:\/\/marcali.plebania.hu\/wp-content\/uploads\/2020\/05\/19-1536x1024.jpg 1536w, https:\/\/marcali.plebania.hu\/wp-content\/uploads\/2020\/05\/19-2048x1365.jpg 2048w, https:\/\/marcali.plebania.hu\/wp-content\/uploads\/2020\/05\/19-405x270.jpg 405w\" sizes=\"auto, (max-width: 1024px) 100vw, 1024px\" \/><\/figure><\/li><li class=\"blocks-gallery-item\"><figure><img loading=\"lazy\" decoding=\"async\" width=\"1024\" height=\"683\" src=\"https:\/\/marcali.plebania.hu\/wp-content\/uploads\/2020\/05\/24-1024x683.jpg\" alt=\"\" data-id=\"1830\" data-link=\"https:\/\/marcali.plebania.hu\/?attachment_id=1830\" class=\"wp-image-1830\" srcset=\"https:\/\/marcali.plebania.hu\/wp-content\/uploads\/2020\/05\/24-1024x683.jpg 1024w, https:\/\/marcali.plebania.hu\/wp-content\/uploads\/2020\/05\/24-300x200.jpg 300w, https:\/\/marcali.plebania.hu\/wp-content\/uploads\/2020\/05\/24-768x512.jpg 768w, https:\/\/marcali.plebania.hu\/wp-content\/uploads\/2020\/05\/24-1536x1024.jpg 1536w, https:\/\/marcali.plebania.hu\/wp-content\/uploads\/2020\/05\/24-2048x1365.jpg 2048w, https:\/\/marcali.plebania.hu\/wp-content\/uploads\/2020\/05\/24-405x270.jpg 405w\" sizes=\"auto, (max-width: 1024px) 100vw, 1024px\" \/><\/figure><\/li><li class=\"blocks-gallery-item\"><figure><img loading=\"lazy\" decoding=\"async\" width=\"1024\" height=\"683\" src=\"https:\/\/marcali.plebania.hu\/wp-content\/uploads\/2020\/05\/25-1024x683.jpg\" alt=\"\" data-id=\"1831\" data-full-url=\"https:\/\/marcali.plebania.hu\/wp-content\/uploads\/2020\/05\/25-scaled.jpg\" data-link=\"https:\/\/marcali.plebania.hu\/?attachment_id=1831\" class=\"wp-image-1831\" srcset=\"https:\/\/marcali.plebania.hu\/wp-content\/uploads\/2020\/05\/25-1024x683.jpg 1024w, https:\/\/marcali.plebania.hu\/wp-content\/uploads\/2020\/05\/25-300x200.jpg 300w, https:\/\/marcali.plebania.hu\/wp-content\/uploads\/2020\/05\/25-768x512.jpg 768w, https:\/\/marcali.plebania.hu\/wp-content\/uploads\/2020\/05\/25-1536x1024.jpg 1536w, https:\/\/marcali.plebania.hu\/wp-content\/uploads\/2020\/05\/25-2048x1365.jpg 2048w, https:\/\/marcali.plebania.hu\/wp-content\/uploads\/2020\/05\/25-405x270.jpg 405w\" sizes=\"auto, (max-width: 1024px) 100vw, 1024px\" \/><\/figure><\/li><\/ul><\/figure>\n\n\n\n<p>Iv\u00e1n atya szentbesz\u00e9d\u00e9ben kifejezte \u00f6r\u00f6m\u00e9t, hogy hossz\u00fa id\u0151 ut\u00e1n v\u00e9gre nem az \u00fcres templomban, hanem a h\u00edvek jelenl\u00e9t\u00e9ben mis\u00e9zhet. Urunk mennybemenetel\u00e9nek vas\u00e1rnapj\u00e1n pedig, Szent II. J\u00e1nos P\u00e1l p\u00e1pa p\u00e9ld\u00e1zat\u00e1n kereszt\u00fcl \u00e9rz\u00e9keltette ennek az \u00fcnnepnek a k\u00fcl\u00f6nlegess\u00e9g\u00e9t, jelent\u0151s\u00e9g\u00e9t. V\u00e9g\u00fcl megk\u00f6sz\u00f6nte mindazok munk\u00e1j\u00e1t, akik seg\u00edtett\u00e9k a j\u00e1rv\u00e1ny alatt a mag\u00e1nszentmis\u00e9k lebonyol\u00edt\u00e1s\u00e1t, a Tavi Tv-nek pedig a vas\u00e1rnapi misek\u00f6zvet\u00edt\u00e9seket. A nagy sz\u00e1mban megjelent h\u00edvek, \u2013 k\u00f6zt\u00fck Huszti G\u00e1bor, a Somogyi K\u00f6zgy\u0171l\u00e9s aleln\u00f6ke \u00e9s feles\u00e9ge \u2013, viszont az\u00e9rt is \u00f6r\u00fclhettek, mert \u2013 t\u00f6bb mint k\u00e9t h\u00f3nap kihagy\u00e1s ut\u00e1n \u2013 \u00fajb\u00f3l szent\u00e1ldoz\u00e1shoz j\u00e1rulhattak. Az id\u0151sebb, mozg\u00e1sukban korl\u00e1tozottak pedig a parkol\u00f3ban, az aut\u00f3kban \u00fclve kapcsol\u00f3dhattak be az istentiszteletbe, amelyet kihangos\u00edtottak a szervez\u0151k.<\/p>\n\n\n\n<figure class=\"wp-block-gallery columns-3 is-cropped wp-block-gallery-3 is-layout-flex wp-block-gallery-is-layout-flex\"><ul class=\"blocks-gallery-grid\"><li class=\"blocks-gallery-item\"><figure><img loading=\"lazy\" decoding=\"async\" width=\"1024\" height=\"683\" src=\"https:\/\/marcali.plebania.hu\/wp-content\/uploads\/2020\/05\/40-1024x683.jpg\" alt=\"\" data-id=\"1832\" data-link=\"https:\/\/marcali.plebania.hu\/?attachment_id=1832\" class=\"wp-image-1832\" srcset=\"https:\/\/marcali.plebania.hu\/wp-content\/uploads\/2020\/05\/40-1024x683.jpg 1024w, https:\/\/marcali.plebania.hu\/wp-content\/uploads\/2020\/05\/40-300x200.jpg 300w, https:\/\/marcali.plebania.hu\/wp-content\/uploads\/2020\/05\/40-768x512.jpg 768w, https:\/\/marcali.plebania.hu\/wp-content\/uploads\/2020\/05\/40-1536x1024.jpg 1536w, https:\/\/marcali.plebania.hu\/wp-content\/uploads\/2020\/05\/40-2048x1365.jpg 2048w, https:\/\/marcali.plebania.hu\/wp-content\/uploads\/2020\/05\/40-405x270.jpg 405w\" sizes=\"auto, (max-width: 1024px) 100vw, 1024px\" \/><\/figure><\/li><li class=\"blocks-gallery-item\"><figure><img loading=\"lazy\" decoding=\"async\" width=\"1024\" height=\"683\" src=\"https:\/\/marcali.plebania.hu\/wp-content\/uploads\/2020\/05\/42-1024x683.jpg\" alt=\"\" data-id=\"1833\" data-full-url=\"https:\/\/marcali.plebania.hu\/wp-content\/uploads\/2020\/05\/42-scaled.jpg\" data-link=\"https:\/\/marcali.plebania.hu\/?attachment_id=1833\" class=\"wp-image-1833\" srcset=\"https:\/\/marcali.plebania.hu\/wp-content\/uploads\/2020\/05\/42-1024x683.jpg 1024w, https:\/\/marcali.plebania.hu\/wp-content\/uploads\/2020\/05\/42-300x200.jpg 300w, https:\/\/marcali.plebania.hu\/wp-content\/uploads\/2020\/05\/42-768x512.jpg 768w, https:\/\/marcali.plebania.hu\/wp-content\/uploads\/2020\/05\/42-1536x1024.jpg 1536w, https:\/\/marcali.plebania.hu\/wp-content\/uploads\/2020\/05\/42-2048x1365.jpg 2048w, https:\/\/marcali.plebania.hu\/wp-content\/uploads\/2020\/05\/42-405x270.jpg 405w\" sizes=\"auto, (max-width: 1024px) 100vw, 1024px\" \/><\/figure><\/li><li class=\"blocks-gallery-item\"><figure><img loading=\"lazy\" decoding=\"async\" width=\"1024\" height=\"683\" src=\"https:\/\/marcali.plebania.hu\/wp-content\/uploads\/2020\/05\/43-1024x683.jpg\" alt=\"\" data-id=\"1834\" data-full-url=\"https:\/\/marcali.plebania.hu\/wp-content\/uploads\/2020\/05\/43-scaled.jpg\" data-link=\"https:\/\/marcali.plebania.hu\/?attachment_id=1834\" class=\"wp-image-1834\" srcset=\"https:\/\/marcali.plebania.hu\/wp-content\/uploads\/2020\/05\/43-1024x683.jpg 1024w, https:\/\/marcali.plebania.hu\/wp-content\/uploads\/2020\/05\/43-300x200.jpg 300w, https:\/\/marcali.plebania.hu\/wp-content\/uploads\/2020\/05\/43-768x512.jpg 768w, https:\/\/marcali.plebania.hu\/wp-content\/uploads\/2020\/05\/43-1536x1024.jpg 1536w, https:\/\/marcali.plebania.hu\/wp-content\/uploads\/2020\/05\/43-2048x1365.jpg 2048w, https:\/\/marcali.plebania.hu\/wp-content\/uploads\/2020\/05\/43-405x270.jpg 405w\" sizes=\"auto, (max-width: 1024px) 100vw, 1024px\" \/><\/figure><\/li><li class=\"blocks-gallery-item\"><figure><img loading=\"lazy\" decoding=\"async\" width=\"1024\" height=\"683\" src=\"https:\/\/marcali.plebania.hu\/wp-content\/uploads\/2020\/05\/44-1024x683.jpg\" alt=\"\" data-id=\"1835\" data-full-url=\"https:\/\/marcali.plebania.hu\/wp-content\/uploads\/2020\/05\/44-scaled.jpg\" data-link=\"https:\/\/marcali.plebania.hu\/?attachment_id=1835\" class=\"wp-image-1835\" srcset=\"https:\/\/marcali.plebania.hu\/wp-content\/uploads\/2020\/05\/44-1024x683.jpg 1024w, https:\/\/marcali.plebania.hu\/wp-content\/uploads\/2020\/05\/44-300x200.jpg 300w, https:\/\/marcali.plebania.hu\/wp-content\/uploads\/2020\/05\/44-768x512.jpg 768w, https:\/\/marcali.plebania.hu\/wp-content\/uploads\/2020\/05\/44-1536x1024.jpg 1536w, https:\/\/marcali.plebania.hu\/wp-content\/uploads\/2020\/05\/44-2048x1365.jpg 2048w, https:\/\/marcali.plebania.hu\/wp-content\/uploads\/2020\/05\/44-405x270.jpg 405w\" sizes=\"auto, (max-width: 1024px) 100vw, 1024px\" \/><\/figure><\/li><\/ul><\/figure>\n\n\n\n<p>J\u00f6v\u0151 vas\u00e1rnap, P\u00fcnk\u00f6sd \u00fcnnep\u00e9n 10 \u00f3rakor ism\u00e9t szabadt\u00e9ri szentmis\u00e9t fognak tartani a pl\u00e9b\u00e1niatemplom el\u0151tt, \u00e9s fokozatosan \u2013 az \u00f3vint\u00e9zked\u00e9sek betart\u00e1s\u00e1val \u2013 fogj\u00e1k az \u00fajabb istentiszteleteket is megtartani. A liturgikus cselekm\u00e9nyek k\u00f6z\u00fcl azonban Marcaliban egyel\u0151re tov\u00e1bbra sincs m\u00e9g keresztel\u00e9s, esket\u00e9s, valamint temet\u00e9si mise. De a j\u00e1rv\u00e1ny\u00fcgyi helyzet kedvez\u0151 alakul\u00e1s\u00e1val tal\u00e1n ezek is el\u0151bb-ut\u00f3bb megtarthat\u00f3k lesznek.<\/p>\n\n\n\n<figure class=\"wp-block-gallery columns-3 is-cropped wp-block-gallery-4 is-layout-flex wp-block-gallery-is-layout-flex\"><ul class=\"blocks-gallery-grid\"><li class=\"blocks-gallery-item\"><figure><img loading=\"lazy\" decoding=\"async\" width=\"1024\" height=\"683\" src=\"https:\/\/marcali.plebania.hu\/wp-content\/uploads\/2020\/05\/47-1024x683.jpg\" alt=\"\" data-id=\"1836\" data-link=\"https:\/\/marcali.plebania.hu\/?attachment_id=1836\" class=\"wp-image-1836\" srcset=\"https:\/\/marcali.plebania.hu\/wp-content\/uploads\/2020\/05\/47-1024x683.jpg 1024w, https:\/\/marcali.plebania.hu\/wp-content\/uploads\/2020\/05\/47-300x200.jpg 300w, https:\/\/marcali.plebania.hu\/wp-content\/uploads\/2020\/05\/47-768x512.jpg 768w, https:\/\/marcali.plebania.hu\/wp-content\/uploads\/2020\/05\/47-1536x1024.jpg 1536w, https:\/\/marcali.plebania.hu\/wp-content\/uploads\/2020\/05\/47-2048x1365.jpg 2048w, https:\/\/marcali.plebania.hu\/wp-content\/uploads\/2020\/05\/47-405x270.jpg 405w\" sizes=\"auto, (max-width: 1024px) 100vw, 1024px\" \/><\/figure><\/li><li class=\"blocks-gallery-item\"><figure><img loading=\"lazy\" decoding=\"async\" width=\"1024\" height=\"683\" src=\"https:\/\/marcali.plebania.hu\/wp-content\/uploads\/2020\/05\/30-1024x683.jpg\" alt=\"\" data-id=\"1837\" data-link=\"https:\/\/marcali.plebania.hu\/?attachment_id=1837\" class=\"wp-image-1837\" srcset=\"https:\/\/marcali.plebania.hu\/wp-content\/uploads\/2020\/05\/30-1024x683.jpg 1024w, https:\/\/marcali.plebania.hu\/wp-content\/uploads\/2020\/05\/30-300x200.jpg 300w, https:\/\/marcali.plebania.hu\/wp-content\/uploads\/2020\/05\/30-768x512.jpg 768w, https:\/\/marcali.plebania.hu\/wp-content\/uploads\/2020\/05\/30-1536x1024.jpg 1536w, https:\/\/marcali.plebania.hu\/wp-content\/uploads\/2020\/05\/30-2048x1365.jpg 2048w, https:\/\/marcali.plebania.hu\/wp-content\/uploads\/2020\/05\/30-405x270.jpg 405w\" sizes=\"auto, (max-width: 1024px) 100vw, 1024px\" \/><\/figure><\/li><li class=\"blocks-gallery-item\"><figure><img loading=\"lazy\" decoding=\"async\" width=\"1024\" height=\"683\" src=\"https:\/\/marcali.plebania.hu\/wp-content\/uploads\/2020\/05\/09-1-1024x683.jpg\" alt=\"\" data-id=\"1838\" data-link=\"https:\/\/marcali.plebania.hu\/?attachment_id=1838\" class=\"wp-image-1838\" srcset=\"https:\/\/marcali.plebania.hu\/wp-content\/uploads\/2020\/05\/09-1-1024x683.jpg 1024w, https:\/\/marcali.plebania.hu\/wp-content\/uploads\/2020\/05\/09-1-300x200.jpg 300w, https:\/\/marcali.plebania.hu\/wp-content\/uploads\/2020\/05\/09-1-768x512.jpg 768w, https:\/\/marcali.plebania.hu\/wp-content\/uploads\/2020\/05\/09-1-1536x1024.jpg 1536w, https:\/\/marcali.plebania.hu\/wp-content\/uploads\/2020\/05\/09-1-2048x1365.jpg 2048w, https:\/\/marcali.plebania.hu\/wp-content\/uploads\/2020\/05\/09-1-405x270.jpg 405w\" sizes=\"auto, (max-width: 1024px) 100vw, 1024px\" \/><\/figure><\/li><li class=\"blocks-gallery-item\"><figure><img loading=\"lazy\" decoding=\"async\" width=\"1024\" height=\"683\" src=\"https:\/\/marcali.plebania.hu\/wp-content\/uploads\/2020\/05\/07-1-1024x683.jpg\" alt=\"\" data-id=\"1839\" data-full-url=\"https:\/\/marcali.plebania.hu\/wp-content\/uploads\/2020\/05\/07-1-scaled.jpg\" data-link=\"https:\/\/marcali.plebania.hu\/?attachment_id=1839\" class=\"wp-image-1839\" srcset=\"https:\/\/marcali.plebania.hu\/wp-content\/uploads\/2020\/05\/07-1-1024x683.jpg 1024w, https:\/\/marcali.plebania.hu\/wp-content\/uploads\/2020\/05\/07-1-300x200.jpg 300w, https:\/\/marcali.plebania.hu\/wp-content\/uploads\/2020\/05\/07-1-768x512.jpg 768w, https:\/\/marcali.plebania.hu\/wp-content\/uploads\/2020\/05\/07-1-1536x1024.jpg 1536w, https:\/\/marcali.plebania.hu\/wp-content\/uploads\/2020\/05\/07-1-2048x1365.jpg 2048w, https:\/\/marcali.plebania.hu\/wp-content\/uploads\/2020\/05\/07-1-405x270.jpg 405w\" sizes=\"auto, (max-width: 1024px) 100vw, 1024px\" \/><\/figure><\/li><\/ul><\/figure>\n","protected":false},"excerpt":{"rendered":"<p>2020. m\u00e1jus 24-\u00e9n, vas\u00e1rnap, Urunk mennybemenetel\u00e9nek \u00fcnnep\u00e9n 10 \u00f3rakor kezd\u0151d\u00f6tt az els\u0151 nyilv\u00e1nos istentisztelet, mivel m\u00e9g m\u00e1rciusban felf\u00fcggesztett\u00e9k a liturgikus cselekm\u00e9nyeket a koronav\u00edrus-j\u00e1rv\u00e1ny miatt. A t\u00f6bb mint k\u00e9t h\u00f3napig tart\u00f3 id\u0151 alatt csak \u00fan. mag\u00e1nszentmis\u00e9ket lehetett tartani a h\u00edvek r\u00e9szv\u00e9tele n\u00e9lk\u00fcl, akik csak a m\u00e9dia k\u00f6zvet\u00edt\u00e9s\u00e9vel kapcsol\u00f3dhattak be ezekbe a szertart\u00e1sokba. A j\u00e1rv\u00e1ny tet\u0151z\u00e9s\u00e9t k\u00f6vet\u0151en el\u0151sz\u00f6r a korm\u00e1nyzat, majd pedig a Magyar Katolikus P\u00fcsp\u00f6ki Konferencia (MKPK), v\u00e9g\u00fcl pedig Varga L\u00e1szl\u00f3 kaposv\u00e1ri megy\u00e9sp\u00fcsp\u00f6k is d\u00f6nt\u00f6tt a j\u00e1rv\u00e1ny\u00fcgyi korl\u00e1toz\u00e1sok r\u00e9szleges felold\u00e1s\u00e1r\u00f3l. Ennek&#8230;<\/p>\n<p class=\"read-more\"><a class=\"btn btn-default\" href=\"https:\/\/marcali.plebania.hu\/?p=1823\"> Read More<span class=\"screen-reader-text\">  Read More<\/span><\/a><\/p>\n","protected":false},"author":2,"featured_media":0,"comment_status":"closed","ping_status":"open","sticky":false,"template":"","format":"standard","meta":{"footnotes":""},"categories":[1],"tags":[],"class_list":["post-1823","post","type-post","status-publish","format-standard","hentry","category-egyeb"],"_links":{"self":[{"href":"https:\/\/marcali.plebania.hu\/index.php?rest_route=\/wp\/v2\/posts\/1823","targetHints":{"allow":["GET"]}}],"collection":[{"href":"https:\/\/marcali.plebania.hu\/index.php?rest_route=\/wp\/v2\/posts"}],"about":[{"href":"https:\/\/marcali.plebania.hu\/index.php?rest_route=\/wp\/v2\/types\/post"}],"author":[{"embeddable":true,"href":"https:\/\/marcali.plebania.hu\/index.php?rest_route=\/wp\/v2\/users\/2"}],"replies":[{"embeddable":true,"href":"https:\/\/marcali.plebania.hu\/index.php?rest_route=%2Fwp%2Fv2%2Fcomments&post=1823"}],"version-history":[{"count":1,"href":"https:\/\/marcali.plebania.hu\/index.php?rest_route=\/wp\/v2\/posts\/1823\/revisions"}],"predecessor-version":[{"id":1840,"href":"https:\/\/marcali.plebania.hu\/index.php?rest_route=\/wp\/v2\/posts\/1823\/revisions\/1840"}],"wp:attachment":[{"href":"https:\/\/marcali.plebania.hu\/index.php?rest_route=%2Fwp%2Fv2%2Fmedia&parent=1823"}],"wp:term":[{"taxonomy":"category","embeddable":true,"href":"https:\/\/marcali.plebania.hu\/index.php?rest_route=%2Fwp%2Fv2%2Fcategories&post=1823"},{"taxonomy":"post_tag","embeddable":true,"href":"https:\/\/marcali.plebania.hu\/index.php?rest_route=%2Fwp%2Fv2%2Ftags&post=1823"}],"curies":[{"name":"wp","href":"https:\/\/api.w.org\/{rel}","templated":true}]}}