{"id":1848,"date":"2020-05-29T08:07:47","date_gmt":"2020-05-29T08:07:47","guid":{"rendered":"https:\/\/marcali.plebania.hu\/?p=1848"},"modified":"2020-05-29T08:07:47","modified_gmt":"2020-05-29T08:07:47","slug":"kesz-kozlemeny-szoljanak-a-harangok","status":"publish","type":"post","link":"https:\/\/marcali.plebania.hu\/?p=1848","title":{"rendered":"K\u00c9SZ K\u00f6zlem\u00e9ny: Sz\u00f3ljanak a harangok!"},"content":{"rendered":"\n<div class=\"wp-block-image\"><figure class=\"aligncenter size-large\"><img loading=\"lazy\" decoding=\"async\" width=\"352\" height=\"250\" src=\"https:\/\/marcali.plebania.hu\/wp-content\/uploads\/2020\/05\/k\u00e9p-1.png\" alt=\"\" class=\"wp-image-1849\" srcset=\"https:\/\/marcali.plebania.hu\/wp-content\/uploads\/2020\/05\/k\u00e9p-1.png 352w, https:\/\/marcali.plebania.hu\/wp-content\/uploads\/2020\/05\/k\u00e9p-1-300x213.png 300w\" sizes=\"auto, (max-width: 352px) 100vw, 352px\" \/><\/figure><\/div>\n\n\n\n<p><strong>J\u00fanius 4-\u00e9n\nK\u00e1rp\u00e1t-medence-szerte felz\u00fagnak a harangok, eml\u00e9keztetve egy olyan sz\u00e1z\u00e9ves\ntraum\u00e1ra, melyre a h\u00e9t orsz\u00e1gba sz\u00e9tszak\u00edtott K\u00e1rp\u00e1t-medencei magyars\u00e1g a mai\nnapig nem tal\u00e1lt gy\u00f3gy\u00edrt. <\/strong><\/p>\n\n\n\n<p>Trianon a nemzeti eml\u00e9kezet olyan\nfordul\u00f3pontja, melyben a Nagy H\u00e1bor\u00fa ut\u00f3j\u00e1t\u00e9kak\u00e9nt minden magyar csal\u00e1d\nism\u00e9telten s\u00falyos vesztes\u00e9geket szenvedett. De t\u00e9ny, hogy egy ilyen trauma\nfeldolgoz\u00e1s\u00e1hoz, a gy\u00f3gyul\u00e1shoz hossz\u00fa gy\u00e1szmunka sz\u00fcks\u00e9ges, melyre ez az\n\u00e9vfordul\u00f3 is lehet\u0151s\u00e9get biztos\u00edt sz\u00e1munkra. Nek\u00fcnk, akik \u00e9rezz\u00fck, hogy a\n\u201eHaz\u00e1dnak rend\u00fcletlen\u00fcl\u201d hat\u00e1rokt\u00f3l f\u00fcggetlen\u00fcl a magyars\u00e1g sz\u00edv\u00e9be van \u00edrva.\nAkik megtapasztaltuk, hogy b\u00e1r \u201e\u00c1ldjon vagy verjen sors keze\u201d, saj\u00e1t\ner\u0151fesz\u00edt\u00e9seink n\u00e9lk\u00fcl akkor sem lehet a sz\u00e9tszak\u00edtotts\u00e1g \u00e9rz\u00e9s\u00e9t \u00e1thidalni.\nAkik hissz\u00fck, hogy \u201eannyi balszerencse k\u00f6zt, \/ oly sok visz\u00e1ly ut\u00e1n\u201d is J\u00e9zus\nKrisztusban mindannyian \u00f6sszetartozunk. Mert \u201eM\u00e9g j\u0151ni kell, m\u00e9g j\u0151ni fog\u201d a\nkor, amelyben a hit erej\u00e9vel siker\u00fcl feldolgozni a trianoni traum\u00e1t. \u00c9s tudjuk,\nhogy sz\u00e1z \u00e9v sebeit nem vagyunk k\u00e9pesek magunk begy\u00f3gy\u00edtani, ehhez az Isten\nmeg\u00faj\u00edt\u00f3 ereje is kell.<\/p>\n\n\n\n<p>Z\u00fagjanak a harangok, hogy\neml\u00e9kezz\u00fcnk, im\u00e1ra kulcsoljuk kez\u00fcnket \u00e9s el\u0151re tekints\u00fcnk. Mert soha nem\nfeledve, mindig eml\u00e9kezve lesz\u00fcnk csak k\u00e9pesek saj\u00e1t magyar k\u00f6z\u00f6ss\u00e9g\u00fcnkben a\nmeg\u00fajul\u00e1sra, a K\u00e1rp\u00e1t-medencei j\u00f6v\u0151nk k\u00f6z\u00f6s tervez\u00e9s\u00e9re, ahogy a kereszt\u00e9ny\nember gy\u00e1szmunk\u00e1ja is nyugv\u00f3pontra jut a felt\u00e1mad\u00e1s hit\u00e9ben. Az\nigazs\u00e1gtalans\u00e1g, a magunkra hagyatotts\u00e1g, a rem\u00e9nytelens\u00e9g csak akkor\nuralkodhat tov\u00e1bb rajtunk, ha n\u00e9lk\u00fcl\u00f6zz\u00fck hit\u00fcnk alappill\u00e9reit, a Teremt\u0151be\nvetett bizalmat, a megbocs\u00e1t\u00e1s k\u00e9pess\u00e9g\u00e9t, az ima erej\u00e9t. Pedig ezekkel a\nszekulariz\u00e1lt Eur\u00f3pa sz\u00e1m\u00e1ra is p\u00e9ld\u00e1t tudunk mutatni.<\/p>\n\n\n\n<p>A Kereszt\u00e9ny \u00c9rtelmis\u00e9giek\nSz\u00f6vets\u00e9ge k\u00f6sz\u00f6netet mond mindazoknak, k\u00fcl\u00f6n\u00f6sen a kereszt\u00e9ny egyh\u00e1zaknak,\nakik a febru\u00e1rban k\u00f6zz\u00e9tett k\u00f6z\u00f6s trianoni harangoz\u00e1sra \u00e9s im\u00e1ra sz\u00f3l\u00edt\u00f3\nfelh\u00edv\u00e1s\u00e1hoz csatlakoztak, a kezdem\u00e9nyez\u00e9st felkarolt\u00e1k \u00e9s t\u00e1mogatt\u00e1k.<\/p>\n\n\n\n<p>Budapest, 2020. m\u00e1jus 28.<\/p>\n\n\n\n<p><em>a Kereszt\u00e9ny \u00c9rtelmis\u00e9giek\nSz\u00f6vets\u00e9g\u00e9nek eln\u00f6ks\u00e9ge<\/em><\/p>\n","protected":false},"excerpt":{"rendered":"<p>J\u00fanius 4-\u00e9n K\u00e1rp\u00e1t-medence-szerte felz\u00fagnak a harangok, eml\u00e9keztetve egy olyan sz\u00e1z\u00e9ves traum\u00e1ra, melyre a h\u00e9t orsz\u00e1gba sz\u00e9tszak\u00edtott K\u00e1rp\u00e1t-medencei magyars\u00e1g a mai napig nem tal\u00e1lt gy\u00f3gy\u00edrt. Trianon a nemzeti eml\u00e9kezet olyan fordul\u00f3pontja, melyben a Nagy H\u00e1bor\u00fa ut\u00f3j\u00e1t\u00e9kak\u00e9nt minden magyar csal\u00e1d ism\u00e9telten s\u00falyos vesztes\u00e9geket szenvedett. De t\u00e9ny, hogy egy ilyen trauma feldolgoz\u00e1s\u00e1hoz, a gy\u00f3gyul\u00e1shoz hossz\u00fa gy\u00e1szmunka sz\u00fcks\u00e9ges, melyre ez az \u00e9vfordul\u00f3 is lehet\u0151s\u00e9get biztos\u00edt sz\u00e1munkra. Nek\u00fcnk, akik \u00e9rezz\u00fck, hogy a \u201eHaz\u00e1dnak rend\u00fcletlen\u00fcl\u201d hat\u00e1rokt\u00f3l f\u00fcggetlen\u00fcl a magyars\u00e1g sz\u00edv\u00e9be van \u00edrva. Akik megtapasztaltuk, hogy b\u00e1r&#8230;<\/p>\n<p class=\"read-more\"><a class=\"btn btn-default\" href=\"https:\/\/marcali.plebania.hu\/?p=1848\"> Read More<span class=\"screen-reader-text\">  Read More<\/span><\/a><\/p>\n","protected":false},"author":2,"featured_media":0,"comment_status":"closed","ping_status":"open","sticky":false,"template":"","format":"standard","meta":{"footnotes":""},"categories":[1],"tags":[],"class_list":["post-1848","post","type-post","status-publish","format-standard","hentry","category-egyeb"],"_links":{"self":[{"href":"https:\/\/marcali.plebania.hu\/index.php?rest_route=\/wp\/v2\/posts\/1848","targetHints":{"allow":["GET"]}}],"collection":[{"href":"https:\/\/marcali.plebania.hu\/index.php?rest_route=\/wp\/v2\/posts"}],"about":[{"href":"https:\/\/marcali.plebania.hu\/index.php?rest_route=\/wp\/v2\/types\/post"}],"author":[{"embeddable":true,"href":"https:\/\/marcali.plebania.hu\/index.php?rest_route=\/wp\/v2\/users\/2"}],"replies":[{"embeddable":true,"href":"https:\/\/marcali.plebania.hu\/index.php?rest_route=%2Fwp%2Fv2%2Fcomments&post=1848"}],"version-history":[{"count":1,"href":"https:\/\/marcali.plebania.hu\/index.php?rest_route=\/wp\/v2\/posts\/1848\/revisions"}],"predecessor-version":[{"id":1850,"href":"https:\/\/marcali.plebania.hu\/index.php?rest_route=\/wp\/v2\/posts\/1848\/revisions\/1850"}],"wp:attachment":[{"href":"https:\/\/marcali.plebania.hu\/index.php?rest_route=%2Fwp%2Fv2%2Fmedia&parent=1848"}],"wp:term":[{"taxonomy":"category","embeddable":true,"href":"https:\/\/marcali.plebania.hu\/index.php?rest_route=%2Fwp%2Fv2%2Fcategories&post=1848"},{"taxonomy":"post_tag","embeddable":true,"href":"https:\/\/marcali.plebania.hu\/index.php?rest_route=%2Fwp%2Fv2%2Ftags&post=1848"}],"curies":[{"name":"wp","href":"https:\/\/api.w.org\/{rel}","templated":true}]}}