{"id":1851,"date":"2020-05-29T08:09:48","date_gmt":"2020-05-29T08:09:48","guid":{"rendered":"https:\/\/marcali.plebania.hu\/?p=1851"},"modified":"2020-06-02T06:51:10","modified_gmt":"2020-06-02T06:51:10","slug":"hirdetesek-2020-05-31","status":"publish","type":"post","link":"https:\/\/marcali.plebania.hu\/?p=1851","title":{"rendered":"Hirdet\u00e9sek, 2020. 05. 31."},"content":{"rendered":"\n<ol class=\"wp-block-list\"><li>Ma P\u00fcnk\u00f6sd vas\u00e1rnapja van, a Szentl\u00e9lek elj\u00f6vetel\u00e9nek \u00fcnnepe.<\/li><li>P\u00fcnk\u00f6sd h\u00e9tf\u0151n nem lesz szentmise.<\/li><li>Kedd, szerda, cs\u00fct\u00f6rt\u00f6k d\u00e9lut\u00e1n 5 \u00f3rakor csendes mise a pl\u00e9b\u00e1niatemplomban.<\/li><li>Cs\u00fct\u00f6rt\u00f6k\u00f6n, j\u00fanius 4-\u00e9n a trianoni b\u00e9kedikt\u00e1tum al\u00e1\u00edr\u00e1s\u00e1nak 100. \u00e9vfordul\u00f3j\u00e1n K\u00e1rp\u00e1t-medence-szerte felz\u00fagnak a harangok, \u00edgy Marcaliban is. 18 \u00f3rakor az Iparosh\u00e1zban megeml\u00e9kez\u00e9st \u00e9s koszor\u00faz\u00e1st tartanak, melyre szeretettel h\u00edvj\u00e1k \u00e9s v\u00e1rj\u00e1k a h\u00edveket is.<\/li><li>P\u00e9nteken, els\u0151 p\u00e9ntek. 17 \u00f3r\u00e1t\u00f3l lehet\u0151s\u00e9get adok a h\u00edveknek, hogy a templom melletti szabadt\u00e9ri z\u00f6ld ter\u00fcleten szentgy\u00f3n\u00e1st v\u00e9gezzenek. 18 \u00f3rakor szentmise. Aki odahaza szoktak els\u0151 p\u00e9nteken \u00e1ldozni, azok m\u00e9g egy h\u00f3napig t\u00fcrelemmel v\u00e1rjanak.<\/li><li>Szombaton 18 \u00f3rakor szentmise a templomban.<\/li><li>J\u00f6v\u0151 vas\u00e1rnap 10 \u00f3rakor \u00fajb\u00f3l szabadt\u00e9ri szentmise a pl\u00e9b\u00e1niatemplom el\u0151tt \u00e9s 18 \u00f3rakor a B. Gizella templomban. (Sz\u00e1jmaszk!)<\/li><li>Az elmaradt misesz\u00e1nd\u00e9kok miatt \u00e9rdekl\u0151djenek a pl\u00e9b\u00e1ni\u00e1n.<\/li><li>T\u00e1j\u00e9koztatjuk a sz\u00fcl\u0151ket, hogy id\u00e9n a ny\u00e1ri hittant\u00e1bor \u2013 a kialakult helyzet miatt \u2013 elmarad. Amit fel tudunk aj\u00e1nlani, hogy j\u00falius h\u00f3napban egy p\u00e9nteki napon hittanos kir\u00e1ndul\u00e1st szervez\u00fcnk (v\u00e1rhat\u00f3an: j\u00falius 10.) \u201eTal\u00e1lkozni j\u00f3\u201d c\u00edmmel. Ez a kir\u00e1ndul\u00e1s a k\u00f6rny\u00e9ken lesz, gyalogosan fogunk menni. Eb\u00e9d batyub\u00f3l, k\u00e9s\u0151 d\u00e9lut\u00e1ni vissza\u00e9rkez\u00e9ssel. R\u00e9szletek k\u00e9s\u0151bb. Egy\u00fattal arr\u00f3l is t\u00e1j\u00e9koztatom a Sz\u00fcl\u0151ket, hogy az idei tan\u00e9v v\u00e9g\u00e9n az els\u0151\u00e1ldoz\u00e1s \u00e9s b\u00e9rm\u00e1l\u00e1s szint\u00e9n elmarad. Megtart\u00e1suk \u0151sszel lehets\u00e9ges. Err\u0151l is k\u00e9s\u0151bb t\u00e1j\u00e9koztatjuk a Sz\u00fcl\u0151ket.<\/li><\/ol>\n","protected":false},"excerpt":{"rendered":"<p>Ma P\u00fcnk\u00f6sd vas\u00e1rnapja van, a Szentl\u00e9lek elj\u00f6vetel\u00e9nek \u00fcnnepe. P\u00fcnk\u00f6sd h\u00e9tf\u0151n nem lesz szentmise. Kedd, szerda, cs\u00fct\u00f6rt\u00f6k d\u00e9lut\u00e1n 5 \u00f3rakor csendes mise a pl\u00e9b\u00e1niatemplomban. Cs\u00fct\u00f6rt\u00f6k\u00f6n, j\u00fanius 4-\u00e9n a trianoni b\u00e9kedikt\u00e1tum al\u00e1\u00edr\u00e1s\u00e1nak 100. \u00e9vfordul\u00f3j\u00e1n K\u00e1rp\u00e1t-medence-szerte felz\u00fagnak a harangok, \u00edgy Marcaliban is. 18 \u00f3rakor az Iparosh\u00e1zban megeml\u00e9kez\u00e9st \u00e9s koszor\u00faz\u00e1st tartanak, melyre szeretettel h\u00edvj\u00e1k \u00e9s v\u00e1rj\u00e1k a h\u00edveket is. P\u00e9nteken, els\u0151 p\u00e9ntek. 17 \u00f3r\u00e1t\u00f3l lehet\u0151s\u00e9get adok a h\u00edveknek, hogy a templom melletti szabadt\u00e9ri z\u00f6ld ter\u00fcleten szentgy\u00f3n\u00e1st v\u00e9gezzenek. 18 \u00f3rakor szentmise. Aki odahaza szoktak els\u0151&#8230;<\/p>\n<p class=\"read-more\"><a class=\"btn btn-default\" href=\"https:\/\/marcali.plebania.hu\/?p=1851\"> Read More<span class=\"screen-reader-text\">  Read More<\/span><\/a><\/p>\n","protected":false},"author":2,"featured_media":0,"comment_status":"closed","ping_status":"open","sticky":false,"template":"","format":"standard","meta":{"footnotes":""},"categories":[1],"tags":[],"class_list":["post-1851","post","type-post","status-publish","format-standard","hentry","category-egyeb"],"_links":{"self":[{"href":"https:\/\/marcali.plebania.hu\/index.php?rest_route=\/wp\/v2\/posts\/1851","targetHints":{"allow":["GET"]}}],"collection":[{"href":"https:\/\/marcali.plebania.hu\/index.php?rest_route=\/wp\/v2\/posts"}],"about":[{"href":"https:\/\/marcali.plebania.hu\/index.php?rest_route=\/wp\/v2\/types\/post"}],"author":[{"embeddable":true,"href":"https:\/\/marcali.plebania.hu\/index.php?rest_route=\/wp\/v2\/users\/2"}],"replies":[{"embeddable":true,"href":"https:\/\/marcali.plebania.hu\/index.php?rest_route=%2Fwp%2Fv2%2Fcomments&post=1851"}],"version-history":[{"count":2,"href":"https:\/\/marcali.plebania.hu\/index.php?rest_route=\/wp\/v2\/posts\/1851\/revisions"}],"predecessor-version":[{"id":1855,"href":"https:\/\/marcali.plebania.hu\/index.php?rest_route=\/wp\/v2\/posts\/1851\/revisions\/1855"}],"wp:attachment":[{"href":"https:\/\/marcali.plebania.hu\/index.php?rest_route=%2Fwp%2Fv2%2Fmedia&parent=1851"}],"wp:term":[{"taxonomy":"category","embeddable":true,"href":"https:\/\/marcali.plebania.hu\/index.php?rest_route=%2Fwp%2Fv2%2Fcategories&post=1851"},{"taxonomy":"post_tag","embeddable":true,"href":"https:\/\/marcali.plebania.hu\/index.php?rest_route=%2Fwp%2Fv2%2Ftags&post=1851"}],"curies":[{"name":"wp","href":"https:\/\/api.w.org\/{rel}","templated":true}]}}