{"id":1856,"date":"2020-06-02T06:59:00","date_gmt":"2020-06-02T06:59:00","guid":{"rendered":"https:\/\/marcali.plebania.hu\/?p=1856"},"modified":"2020-06-02T06:59:00","modified_gmt":"2020-06-02T06:59:00","slug":"ujraindultunk-2-a-masodik-nyilvanos-szabadteri-szentmise-punkosd-vasarnapjan","status":"publish","type":"post","link":"https:\/\/marcali.plebania.hu\/?p=1856","title":{"rendered":"\u00dajraindultunk 2. \u2013 A m\u00e1sodik nyilv\u00e1nos szabadt\u00e9ri szentmise P\u00fcnk\u00f6sd vas\u00e1rnapj\u00e1n"},"content":{"rendered":"\n<p>2020. m\u00e1jus 31-\u00e9n, P\u00fcnk\u00f6sd vas\u00e1rnap 10 \u00f3rakor kezd\u0151d\u00f6tt \u2013 a koronav\u00edrus-j\u00e1rv\u00e1ny tet\u0151z\u00e9s\u00e9t k\u00f6vet\u0151en szervezett \u2013 m\u00e1sodik nyilv\u00e1nos istentisztelet, mely az el\u0151z\u0151 alkalomhoz k\u00e9pest m\u00e1r t\u00f6bb embert is vonzott. A R\u00f3mai Katolikus Egyh\u00e1zk\u00f6zs\u00e9g \u00e1ltal tov\u00e1bbra is a j\u00e1rv\u00e1ny\u00fcgyi korl\u00e1toz\u00e1sok r\u00e9szleges felold\u00e1sa ut\u00e1ni el\u0151\u00edr\u00e1sok betart\u00e1s\u00e1val (sz\u00e1jmaszk, k\u00e9zfert\u0151tlen\u00edt\u0151 haszn\u00e1lata, biztons\u00e1gos t\u00e1vols\u00e1g) tartott\u00e1k meg az \u00fcnnepi szabadt\u00e9ri szentmis\u00e9t Marcaliban.<\/p>\n\n\n\n<figure class=\"wp-block-gallery columns-3 is-cropped wp-block-gallery-1 is-layout-flex wp-block-gallery-is-layout-flex\"><ul class=\"blocks-gallery-grid\"><li class=\"blocks-gallery-item\"><figure><img loading=\"lazy\" decoding=\"async\" width=\"1024\" height=\"683\" src=\"https:\/\/marcali.plebania.hu\/wp-content\/uploads\/2020\/06\/04-1024x683.jpg\" alt=\"\" data-id=\"1857\" data-link=\"https:\/\/marcali.plebania.hu\/?attachment_id=1857\" class=\"wp-image-1857\" srcset=\"https:\/\/marcali.plebania.hu\/wp-content\/uploads\/2020\/06\/04-1024x683.jpg 1024w, https:\/\/marcali.plebania.hu\/wp-content\/uploads\/2020\/06\/04-300x200.jpg 300w, https:\/\/marcali.plebania.hu\/wp-content\/uploads\/2020\/06\/04-768x512.jpg 768w, https:\/\/marcali.plebania.hu\/wp-content\/uploads\/2020\/06\/04-1536x1024.jpg 1536w, https:\/\/marcali.plebania.hu\/wp-content\/uploads\/2020\/06\/04-2048x1365.jpg 2048w, https:\/\/marcali.plebania.hu\/wp-content\/uploads\/2020\/06\/04-405x270.jpg 405w\" sizes=\"auto, (max-width: 1024px) 100vw, 1024px\" \/><\/figure><\/li><li class=\"blocks-gallery-item\"><figure><img loading=\"lazy\" decoding=\"async\" width=\"1024\" height=\"683\" src=\"https:\/\/marcali.plebania.hu\/wp-content\/uploads\/2020\/06\/05-1024x683.jpg\" alt=\"\" data-id=\"1858\" data-link=\"https:\/\/marcali.plebania.hu\/?attachment_id=1858\" class=\"wp-image-1858\" srcset=\"https:\/\/marcali.plebania.hu\/wp-content\/uploads\/2020\/06\/05-1024x683.jpg 1024w, https:\/\/marcali.plebania.hu\/wp-content\/uploads\/2020\/06\/05-300x200.jpg 300w, https:\/\/marcali.plebania.hu\/wp-content\/uploads\/2020\/06\/05-768x512.jpg 768w, https:\/\/marcali.plebania.hu\/wp-content\/uploads\/2020\/06\/05-1536x1024.jpg 1536w, https:\/\/marcali.plebania.hu\/wp-content\/uploads\/2020\/06\/05-2048x1365.jpg 2048w, https:\/\/marcali.plebania.hu\/wp-content\/uploads\/2020\/06\/05-405x270.jpg 405w\" sizes=\"auto, (max-width: 1024px) 100vw, 1024px\" \/><\/figure><\/li><li class=\"blocks-gallery-item\"><figure><img loading=\"lazy\" decoding=\"async\" width=\"1024\" height=\"683\" src=\"https:\/\/marcali.plebania.hu\/wp-content\/uploads\/2020\/06\/06-1024x683.jpg\" alt=\"\" data-id=\"1859\" data-link=\"https:\/\/marcali.plebania.hu\/?attachment_id=1859\" class=\"wp-image-1859\" srcset=\"https:\/\/marcali.plebania.hu\/wp-content\/uploads\/2020\/06\/06-1024x683.jpg 1024w, https:\/\/marcali.plebania.hu\/wp-content\/uploads\/2020\/06\/06-300x200.jpg 300w, https:\/\/marcali.plebania.hu\/wp-content\/uploads\/2020\/06\/06-768x512.jpg 768w, https:\/\/marcali.plebania.hu\/wp-content\/uploads\/2020\/06\/06-1536x1024.jpg 1536w, https:\/\/marcali.plebania.hu\/wp-content\/uploads\/2020\/06\/06-2048x1365.jpg 2048w, https:\/\/marcali.plebania.hu\/wp-content\/uploads\/2020\/06\/06-405x270.jpg 405w\" sizes=\"auto, (max-width: 1024px) 100vw, 1024px\" \/><\/figure><\/li><li class=\"blocks-gallery-item\"><figure><img loading=\"lazy\" decoding=\"async\" width=\"1024\" height=\"683\" src=\"https:\/\/marcali.plebania.hu\/wp-content\/uploads\/2020\/06\/09-1024x683.jpg\" alt=\"\" data-id=\"1860\" data-full-url=\"https:\/\/marcali.plebania.hu\/wp-content\/uploads\/2020\/06\/09-scaled.jpg\" data-link=\"https:\/\/marcali.plebania.hu\/?attachment_id=1860\" class=\"wp-image-1860\" srcset=\"https:\/\/marcali.plebania.hu\/wp-content\/uploads\/2020\/06\/09-1024x683.jpg 1024w, https:\/\/marcali.plebania.hu\/wp-content\/uploads\/2020\/06\/09-300x200.jpg 300w, https:\/\/marcali.plebania.hu\/wp-content\/uploads\/2020\/06\/09-768x512.jpg 768w, https:\/\/marcali.plebania.hu\/wp-content\/uploads\/2020\/06\/09-1536x1024.jpg 1536w, https:\/\/marcali.plebania.hu\/wp-content\/uploads\/2020\/06\/09-2048x1365.jpg 2048w, https:\/\/marcali.plebania.hu\/wp-content\/uploads\/2020\/06\/09-405x270.jpg 405w\" sizes=\"auto, (max-width: 1024px) 100vw, 1024px\" \/><\/figure><\/li><\/ul><\/figure>\n\n\n\n<p>A v\u00e1ltoz\u00e9kony id\u0151j\u00e1r\u00e1s ez\u00fattal is kegyes volt a jelenl\u00e9v\u0151kh\u00f6z, akik csak a mise v\u00e9g\u00e9n r\u00e9szes\u00fcltek egy kis \u00e9gi \u00e1ld\u00e1sb\u00f3l, amikor elkezdett esni az es\u0151. Ennek ellen\u00e9re a h\u00edvek m\u00e9gis a befejez\u00e9sig kitartottak. Most is a Gy\u00fcm\u00f6lcsolt\u00f3 Boldogasszony pl\u00e9b\u00e1niatemplom el\u0151tti Boldog II. J\u00e1nos P\u00e1l p\u00e1pa t\u00e9r n\u00e9pes\u00fclt be k\u00f6zel 200 h\u00edv\u0151vel. K\u00f6z\u00fcl\u00fck t\u00f6bben is az aut\u00f3kban \u00fclve, a H\u0151s\u00f6k ter\u00e9n l\u00e9v\u0151 parkol\u00f3b\u00f3l vettek r\u00e9szt az istentiszteleten, melyet a szervez\u0151k \u00fajb\u00f3l kihangos\u00edtottak.<\/p>\n\n\n\n<figure class=\"wp-block-gallery columns-3 is-cropped wp-block-gallery-2 is-layout-flex wp-block-gallery-is-layout-flex\"><ul class=\"blocks-gallery-grid\"><li class=\"blocks-gallery-item\"><figure><img loading=\"lazy\" decoding=\"async\" width=\"1024\" height=\"683\" src=\"https:\/\/marcali.plebania.hu\/wp-content\/uploads\/2020\/06\/13-1024x683.jpg\" alt=\"\" data-id=\"1861\" data-link=\"https:\/\/marcali.plebania.hu\/?attachment_id=1861\" class=\"wp-image-1861\" srcset=\"https:\/\/marcali.plebania.hu\/wp-content\/uploads\/2020\/06\/13-1024x683.jpg 1024w, https:\/\/marcali.plebania.hu\/wp-content\/uploads\/2020\/06\/13-300x200.jpg 300w, https:\/\/marcali.plebania.hu\/wp-content\/uploads\/2020\/06\/13-768x512.jpg 768w, https:\/\/marcali.plebania.hu\/wp-content\/uploads\/2020\/06\/13-1536x1024.jpg 1536w, https:\/\/marcali.plebania.hu\/wp-content\/uploads\/2020\/06\/13-2048x1365.jpg 2048w, https:\/\/marcali.plebania.hu\/wp-content\/uploads\/2020\/06\/13-405x270.jpg 405w\" sizes=\"auto, (max-width: 1024px) 100vw, 1024px\" \/><\/figure><\/li><li class=\"blocks-gallery-item\"><figure><img loading=\"lazy\" decoding=\"async\" width=\"1024\" height=\"683\" src=\"https:\/\/marcali.plebania.hu\/wp-content\/uploads\/2020\/06\/16-1024x683.jpg\" alt=\"\" data-id=\"1862\" data-link=\"https:\/\/marcali.plebania.hu\/?attachment_id=1862\" class=\"wp-image-1862\" srcset=\"https:\/\/marcali.plebania.hu\/wp-content\/uploads\/2020\/06\/16-1024x683.jpg 1024w, https:\/\/marcali.plebania.hu\/wp-content\/uploads\/2020\/06\/16-300x200.jpg 300w, https:\/\/marcali.plebania.hu\/wp-content\/uploads\/2020\/06\/16-768x512.jpg 768w, https:\/\/marcali.plebania.hu\/wp-content\/uploads\/2020\/06\/16-1536x1024.jpg 1536w, https:\/\/marcali.plebania.hu\/wp-content\/uploads\/2020\/06\/16-2048x1365.jpg 2048w, https:\/\/marcali.plebania.hu\/wp-content\/uploads\/2020\/06\/16-405x270.jpg 405w\" sizes=\"auto, (max-width: 1024px) 100vw, 1024px\" \/><\/figure><\/li><li class=\"blocks-gallery-item\"><figure><img loading=\"lazy\" decoding=\"async\" width=\"1024\" height=\"683\" src=\"https:\/\/marcali.plebania.hu\/wp-content\/uploads\/2020\/06\/17-1024x683.jpg\" alt=\"\" data-id=\"1863\" data-link=\"https:\/\/marcali.plebania.hu\/?attachment_id=1863\" class=\"wp-image-1863\" srcset=\"https:\/\/marcali.plebania.hu\/wp-content\/uploads\/2020\/06\/17-1024x683.jpg 1024w, https:\/\/marcali.plebania.hu\/wp-content\/uploads\/2020\/06\/17-300x200.jpg 300w, https:\/\/marcali.plebania.hu\/wp-content\/uploads\/2020\/06\/17-768x512.jpg 768w, https:\/\/marcali.plebania.hu\/wp-content\/uploads\/2020\/06\/17-1536x1024.jpg 1536w, https:\/\/marcali.plebania.hu\/wp-content\/uploads\/2020\/06\/17-2048x1365.jpg 2048w, https:\/\/marcali.plebania.hu\/wp-content\/uploads\/2020\/06\/17-405x270.jpg 405w\" sizes=\"auto, (max-width: 1024px) 100vw, 1024px\" \/><\/figure><\/li><li class=\"blocks-gallery-item\"><figure><img loading=\"lazy\" decoding=\"async\" width=\"1024\" height=\"683\" src=\"https:\/\/marcali.plebania.hu\/wp-content\/uploads\/2020\/06\/12-1024x683.jpg\" alt=\"\" data-id=\"1864\" data-full-url=\"https:\/\/marcali.plebania.hu\/wp-content\/uploads\/2020\/06\/12-scaled.jpg\" data-link=\"https:\/\/marcali.plebania.hu\/?attachment_id=1864\" class=\"wp-image-1864\" srcset=\"https:\/\/marcali.plebania.hu\/wp-content\/uploads\/2020\/06\/12-1024x683.jpg 1024w, https:\/\/marcali.plebania.hu\/wp-content\/uploads\/2020\/06\/12-300x200.jpg 300w, https:\/\/marcali.plebania.hu\/wp-content\/uploads\/2020\/06\/12-768x512.jpg 768w, https:\/\/marcali.plebania.hu\/wp-content\/uploads\/2020\/06\/12-1536x1024.jpg 1536w, https:\/\/marcali.plebania.hu\/wp-content\/uploads\/2020\/06\/12-2048x1365.jpg 2048w, https:\/\/marcali.plebania.hu\/wp-content\/uploads\/2020\/06\/12-405x270.jpg 405w\" sizes=\"auto, (max-width: 1024px) 100vw, 1024px\" \/><\/figure><\/li><\/ul><\/figure>\n\n\n\n<p>Az \u00fcnnepi szentmis\u00e9t Kiss Iv\u00e1n c. pr\u00e9post, esperes-pl\u00e9b\u00e1nos celebr\u00e1lta. Szentbesz\u00e9d\u00e9ben a Szentl\u00e9lek elj\u00f6vetel\u00e9nek napj\u00e1r\u00f3l \u00e9s annak jelent\u0151s\u00e9g\u00e9r\u0151l besz\u00e9lt a megjelenteknek. Kihangs\u00falyozta, hogy a L\u00e9lek az \u00f6r\u00f6m\u00f6t \u00e9s a b\u00e9k\u00e9t hirdeti, illetve hozza el a vil\u00e1gba. Ezen k\u00edv\u00fcl n\u00f6veli a hitet \u00e9s az \u00f6r\u00f6k \u00e9let lehet\u0151s\u00e9g\u00e9t aj\u00e1nd\u00e9kozza mindenkinek. Kiemelte, hogy a p\u00fcnk\u00f6sdi Szentl\u00e9lek mindenki sz\u00e1m\u00e1ra lelki meg\u00fajul\u00e1st hozhat, ha k\u00f6veti a tan\u00edt\u00e1st.<\/p>\n\n\n\n<figure class=\"wp-block-gallery columns-3 is-cropped wp-block-gallery-3 is-layout-flex wp-block-gallery-is-layout-flex\"><ul class=\"blocks-gallery-grid\"><li class=\"blocks-gallery-item\"><figure><img loading=\"lazy\" decoding=\"async\" width=\"1024\" height=\"683\" src=\"https:\/\/marcali.plebania.hu\/wp-content\/uploads\/2020\/06\/24-1024x683.jpg\" alt=\"\" data-id=\"1865\" data-link=\"https:\/\/marcali.plebania.hu\/?attachment_id=1865\" class=\"wp-image-1865\" srcset=\"https:\/\/marcali.plebania.hu\/wp-content\/uploads\/2020\/06\/24-1024x683.jpg 1024w, https:\/\/marcali.plebania.hu\/wp-content\/uploads\/2020\/06\/24-300x200.jpg 300w, https:\/\/marcali.plebania.hu\/wp-content\/uploads\/2020\/06\/24-768x512.jpg 768w, https:\/\/marcali.plebania.hu\/wp-content\/uploads\/2020\/06\/24-1536x1024.jpg 1536w, https:\/\/marcali.plebania.hu\/wp-content\/uploads\/2020\/06\/24-2048x1365.jpg 2048w, https:\/\/marcali.plebania.hu\/wp-content\/uploads\/2020\/06\/24-405x270.jpg 405w\" sizes=\"auto, (max-width: 1024px) 100vw, 1024px\" \/><\/figure><\/li><li class=\"blocks-gallery-item\"><figure><img loading=\"lazy\" decoding=\"async\" width=\"1024\" height=\"683\" src=\"https:\/\/marcali.plebania.hu\/wp-content\/uploads\/2020\/06\/26-1024x683.jpg\" alt=\"\" data-id=\"1866\" data-link=\"https:\/\/marcali.plebania.hu\/?attachment_id=1866\" class=\"wp-image-1866\" srcset=\"https:\/\/marcali.plebania.hu\/wp-content\/uploads\/2020\/06\/26-1024x683.jpg 1024w, https:\/\/marcali.plebania.hu\/wp-content\/uploads\/2020\/06\/26-300x200.jpg 300w, https:\/\/marcali.plebania.hu\/wp-content\/uploads\/2020\/06\/26-768x512.jpg 768w, https:\/\/marcali.plebania.hu\/wp-content\/uploads\/2020\/06\/26-1536x1024.jpg 1536w, https:\/\/marcali.plebania.hu\/wp-content\/uploads\/2020\/06\/26-2048x1365.jpg 2048w, https:\/\/marcali.plebania.hu\/wp-content\/uploads\/2020\/06\/26-405x270.jpg 405w\" sizes=\"auto, (max-width: 1024px) 100vw, 1024px\" \/><\/figure><\/li><li class=\"blocks-gallery-item\"><figure><img loading=\"lazy\" decoding=\"async\" width=\"1024\" height=\"683\" src=\"https:\/\/marcali.plebania.hu\/wp-content\/uploads\/2020\/06\/32-1024x683.jpg\" alt=\"\" data-id=\"1867\" data-link=\"https:\/\/marcali.plebania.hu\/?attachment_id=1867\" class=\"wp-image-1867\" srcset=\"https:\/\/marcali.plebania.hu\/wp-content\/uploads\/2020\/06\/32-1024x683.jpg 1024w, https:\/\/marcali.plebania.hu\/wp-content\/uploads\/2020\/06\/32-300x200.jpg 300w, https:\/\/marcali.plebania.hu\/wp-content\/uploads\/2020\/06\/32-768x512.jpg 768w, https:\/\/marcali.plebania.hu\/wp-content\/uploads\/2020\/06\/32-1536x1024.jpg 1536w, https:\/\/marcali.plebania.hu\/wp-content\/uploads\/2020\/06\/32-2048x1365.jpg 2048w, https:\/\/marcali.plebania.hu\/wp-content\/uploads\/2020\/06\/32-405x270.jpg 405w\" sizes=\"auto, (max-width: 1024px) 100vw, 1024px\" \/><\/figure><\/li><li class=\"blocks-gallery-item\"><figure><img loading=\"lazy\" decoding=\"async\" width=\"1024\" height=\"683\" src=\"https:\/\/marcali.plebania.hu\/wp-content\/uploads\/2020\/06\/35-1024x683.jpg\" alt=\"\" data-id=\"1868\" data-full-url=\"https:\/\/marcali.plebania.hu\/wp-content\/uploads\/2020\/06\/35-scaled.jpg\" data-link=\"https:\/\/marcali.plebania.hu\/?attachment_id=1868\" class=\"wp-image-1868\" srcset=\"https:\/\/marcali.plebania.hu\/wp-content\/uploads\/2020\/06\/35-1024x683.jpg 1024w, https:\/\/marcali.plebania.hu\/wp-content\/uploads\/2020\/06\/35-300x200.jpg 300w, https:\/\/marcali.plebania.hu\/wp-content\/uploads\/2020\/06\/35-768x512.jpg 768w, https:\/\/marcali.plebania.hu\/wp-content\/uploads\/2020\/06\/35-1536x1024.jpg 1536w, https:\/\/marcali.plebania.hu\/wp-content\/uploads\/2020\/06\/35-2048x1365.jpg 2048w, https:\/\/marcali.plebania.hu\/wp-content\/uploads\/2020\/06\/35-405x270.jpg 405w\" sizes=\"auto, (max-width: 1024px) 100vw, 1024px\" \/><\/figure><\/li><\/ul><\/figure>\n\n\n\n<p>A szentmis\u00e9n Balogh B\u00e1lint k\u00e1ntor, a F\u00e9ny Gyermekei Zenekar \u00e9s Kozma Kriszti\u00e1n Kazinczy-d\u00edjas versmond\u00f3 m\u0171k\u00f6d\u00f6tt k\u00f6zre, aki Juh\u00e1sz Gyula: Trianon c\u00edm\u0171 vers\u00e9vel eml\u00e9keztetett a k\u00f6zelg\u0151 b\u00e9kedikt\u00e1tum al\u00e1\u00edr\u00e1s\u00e1nak 100. \u00e9vfordul\u00f3j\u00e1ra. A v\u00e9g\u00e9n Iv\u00e1n atya \u00fajb\u00f3l k\u00f6sz\u00f6net\u00e9t fejezte ki mindazoknak, akik a szabadt\u00e9ri istentisztelet lebonyol\u00edt\u00e1s\u00e1ban k\u00f6zrem\u0171k\u00f6dtek. A ter\u00fclethaszn\u00e1lathoz sz\u00fcks\u00e9ges enged\u00e9lyt ez\u00fattal is az \u00f6nkorm\u00e1nyzat adott, a rendezv\u00e9ny biztos\u00edt\u00e1s\u00e1t pedig a Marcali Polg\u00e1r\u0151rs\u00e9g l\u00e1tta el. A h\u00edveket pedig megk\u00e9rdezte, akik elfogadt\u00e1k, hogy a k\u00f6vetkez\u0151 vas\u00e1rnap m\u00e1r a Boldog Gizella templomban is legyen v\u00e9gre \u2013 hossz\u00fa kihagy\u00e1st k\u00f6vet\u0151en \u2013 szentmise.<\/p>\n\n\n\n<figure class=\"wp-block-gallery columns-3 is-cropped wp-block-gallery-4 is-layout-flex wp-block-gallery-is-layout-flex\"><ul class=\"blocks-gallery-grid\"><li class=\"blocks-gallery-item\"><figure><img loading=\"lazy\" decoding=\"async\" width=\"1024\" height=\"683\" src=\"https:\/\/marcali.plebania.hu\/wp-content\/uploads\/2020\/06\/46-1024x683.jpg\" alt=\"\" data-id=\"1869\" data-link=\"https:\/\/marcali.plebania.hu\/?attachment_id=1869\" class=\"wp-image-1869\" srcset=\"https:\/\/marcali.plebania.hu\/wp-content\/uploads\/2020\/06\/46-1024x683.jpg 1024w, https:\/\/marcali.plebania.hu\/wp-content\/uploads\/2020\/06\/46-300x200.jpg 300w, https:\/\/marcali.plebania.hu\/wp-content\/uploads\/2020\/06\/46-768x512.jpg 768w, https:\/\/marcali.plebania.hu\/wp-content\/uploads\/2020\/06\/46-1536x1024.jpg 1536w, https:\/\/marcali.plebania.hu\/wp-content\/uploads\/2020\/06\/46-2048x1365.jpg 2048w, https:\/\/marcali.plebania.hu\/wp-content\/uploads\/2020\/06\/46-405x270.jpg 405w\" sizes=\"auto, (max-width: 1024px) 100vw, 1024px\" \/><\/figure><\/li><li class=\"blocks-gallery-item\"><figure><img loading=\"lazy\" decoding=\"async\" width=\"1024\" height=\"683\" src=\"https:\/\/marcali.plebania.hu\/wp-content\/uploads\/2020\/06\/30-1024x683.jpg\" alt=\"\" data-id=\"1870\" data-link=\"https:\/\/marcali.plebania.hu\/?attachment_id=1870\" class=\"wp-image-1870\" srcset=\"https:\/\/marcali.plebania.hu\/wp-content\/uploads\/2020\/06\/30-1024x683.jpg 1024w, https:\/\/marcali.plebania.hu\/wp-content\/uploads\/2020\/06\/30-300x200.jpg 300w, https:\/\/marcali.plebania.hu\/wp-content\/uploads\/2020\/06\/30-768x512.jpg 768w, https:\/\/marcali.plebania.hu\/wp-content\/uploads\/2020\/06\/30-1536x1024.jpg 1536w, https:\/\/marcali.plebania.hu\/wp-content\/uploads\/2020\/06\/30-2048x1365.jpg 2048w, https:\/\/marcali.plebania.hu\/wp-content\/uploads\/2020\/06\/30-405x270.jpg 405w\" sizes=\"auto, (max-width: 1024px) 100vw, 1024px\" \/><\/figure><\/li><li class=\"blocks-gallery-item\"><figure><img loading=\"lazy\" decoding=\"async\" width=\"1024\" height=\"683\" src=\"https:\/\/marcali.plebania.hu\/wp-content\/uploads\/2020\/06\/42-1024x683.jpg\" alt=\"\" data-id=\"1871\" data-link=\"https:\/\/marcali.plebania.hu\/?attachment_id=1871\" class=\"wp-image-1871\" srcset=\"https:\/\/marcali.plebania.hu\/wp-content\/uploads\/2020\/06\/42-1024x683.jpg 1024w, https:\/\/marcali.plebania.hu\/wp-content\/uploads\/2020\/06\/42-300x200.jpg 300w, https:\/\/marcali.plebania.hu\/wp-content\/uploads\/2020\/06\/42-768x512.jpg 768w, https:\/\/marcali.plebania.hu\/wp-content\/uploads\/2020\/06\/42-1536x1024.jpg 1536w, https:\/\/marcali.plebania.hu\/wp-content\/uploads\/2020\/06\/42-2048x1365.jpg 2048w, https:\/\/marcali.plebania.hu\/wp-content\/uploads\/2020\/06\/42-405x270.jpg 405w\" sizes=\"auto, (max-width: 1024px) 100vw, 1024px\" \/><\/figure><\/li><li class=\"blocks-gallery-item\"><figure><img loading=\"lazy\" decoding=\"async\" width=\"1024\" height=\"683\" src=\"https:\/\/marcali.plebania.hu\/wp-content\/uploads\/2020\/06\/52-1024x683.jpg\" alt=\"\" data-id=\"1872\" data-full-url=\"https:\/\/marcali.plebania.hu\/wp-content\/uploads\/2020\/06\/52-scaled.jpg\" data-link=\"https:\/\/marcali.plebania.hu\/?attachment_id=1872\" class=\"wp-image-1872\" srcset=\"https:\/\/marcali.plebania.hu\/wp-content\/uploads\/2020\/06\/52-1024x683.jpg 1024w, https:\/\/marcali.plebania.hu\/wp-content\/uploads\/2020\/06\/52-300x200.jpg 300w, https:\/\/marcali.plebania.hu\/wp-content\/uploads\/2020\/06\/52-768x512.jpg 768w, https:\/\/marcali.plebania.hu\/wp-content\/uploads\/2020\/06\/52-1536x1024.jpg 1536w, https:\/\/marcali.plebania.hu\/wp-content\/uploads\/2020\/06\/52-2048x1365.jpg 2048w, https:\/\/marcali.plebania.hu\/wp-content\/uploads\/2020\/06\/52-405x270.jpg 405w\" sizes=\"auto, (max-width: 1024px) 100vw, 1024px\" \/><\/figure><\/li><\/ul><\/figure>\n","protected":false},"excerpt":{"rendered":"<p>2020. m\u00e1jus 31-\u00e9n, P\u00fcnk\u00f6sd vas\u00e1rnap 10 \u00f3rakor kezd\u0151d\u00f6tt \u2013 a koronav\u00edrus-j\u00e1rv\u00e1ny tet\u0151z\u00e9s\u00e9t k\u00f6vet\u0151en szervezett \u2013 m\u00e1sodik nyilv\u00e1nos istentisztelet, mely az el\u0151z\u0151 alkalomhoz k\u00e9pest m\u00e1r t\u00f6bb embert is vonzott. A R\u00f3mai Katolikus Egyh\u00e1zk\u00f6zs\u00e9g \u00e1ltal tov\u00e1bbra is a j\u00e1rv\u00e1ny\u00fcgyi korl\u00e1toz\u00e1sok r\u00e9szleges felold\u00e1sa ut\u00e1ni el\u0151\u00edr\u00e1sok betart\u00e1s\u00e1val (sz\u00e1jmaszk, k\u00e9zfert\u0151tlen\u00edt\u0151 haszn\u00e1lata, biztons\u00e1gos t\u00e1vols\u00e1g) tartott\u00e1k meg az \u00fcnnepi szabadt\u00e9ri szentmis\u00e9t Marcaliban. A v\u00e1ltoz\u00e9kony id\u0151j\u00e1r\u00e1s ez\u00fattal is kegyes volt a jelenl\u00e9v\u0151kh\u00f6z, akik csak a mise v\u00e9g\u00e9n r\u00e9szes\u00fcltek egy kis \u00e9gi \u00e1ld\u00e1sb\u00f3l, amikor elkezdett esni az es\u0151. Ennek&#8230;<\/p>\n<p class=\"read-more\"><a class=\"btn btn-default\" href=\"https:\/\/marcali.plebania.hu\/?p=1856\"> Read More<span class=\"screen-reader-text\">  Read More<\/span><\/a><\/p>\n","protected":false},"author":2,"featured_media":0,"comment_status":"closed","ping_status":"open","sticky":false,"template":"","format":"standard","meta":{"footnotes":""},"categories":[1],"tags":[],"class_list":["post-1856","post","type-post","status-publish","format-standard","hentry","category-egyeb"],"_links":{"self":[{"href":"https:\/\/marcali.plebania.hu\/index.php?rest_route=\/wp\/v2\/posts\/1856","targetHints":{"allow":["GET"]}}],"collection":[{"href":"https:\/\/marcali.plebania.hu\/index.php?rest_route=\/wp\/v2\/posts"}],"about":[{"href":"https:\/\/marcali.plebania.hu\/index.php?rest_route=\/wp\/v2\/types\/post"}],"author":[{"embeddable":true,"href":"https:\/\/marcali.plebania.hu\/index.php?rest_route=\/wp\/v2\/users\/2"}],"replies":[{"embeddable":true,"href":"https:\/\/marcali.plebania.hu\/index.php?rest_route=%2Fwp%2Fv2%2Fcomments&post=1856"}],"version-history":[{"count":1,"href":"https:\/\/marcali.plebania.hu\/index.php?rest_route=\/wp\/v2\/posts\/1856\/revisions"}],"predecessor-version":[{"id":1873,"href":"https:\/\/marcali.plebania.hu\/index.php?rest_route=\/wp\/v2\/posts\/1856\/revisions\/1873"}],"wp:attachment":[{"href":"https:\/\/marcali.plebania.hu\/index.php?rest_route=%2Fwp%2Fv2%2Fmedia&parent=1856"}],"wp:term":[{"taxonomy":"category","embeddable":true,"href":"https:\/\/marcali.plebania.hu\/index.php?rest_route=%2Fwp%2Fv2%2Fcategories&post=1856"},{"taxonomy":"post_tag","embeddable":true,"href":"https:\/\/marcali.plebania.hu\/index.php?rest_route=%2Fwp%2Fv2%2Ftags&post=1856"}],"curies":[{"name":"wp","href":"https:\/\/api.w.org\/{rel}","templated":true}]}}