{"id":187,"date":"2018-03-24T18:30:13","date_gmt":"2018-03-24T18:30:13","guid":{"rendered":"https:\/\/marcali.plebania.hu\/?p=187"},"modified":"2018-04-24T18:32:43","modified_gmt":"2018-04-24T18:32:43","slug":"lelki-nap-ifjusagi-keresztuttal-a-marcali-plebanian","status":"publish","type":"post","link":"https:\/\/marcali.plebania.hu\/?p=187","title":{"rendered":"Lelki nap-ifj\u00fas\u00e1gi kereszt\u00fattal, a Marcali Pl\u00e9b\u00e1ni\u00e1n"},"content":{"rendered":"<p>M\u00e1rcius 24-\u00e9n lelki napot tartottal a Marcali Pl\u00e9b\u00e1ni\u00e1n. D\u00e9lut\u00e1n a hittanosoknak el\u0151ad\u00e1s volt az X h\u00e1zban, korcsoportok szerint. Az el\u0151ad\u00e1sokat K\u00f3r\u00e9 Mih\u00e1ly segesdi pl\u00e9b\u00e1nos tartotta a h\u00fasv\u00e9ti el\u0151k\u00e9sz\u00fcletr\u0151l. Majd a hittanos gyermekek elv\u00e9gezt\u00e9k a h\u00fasv\u00e9ti szentgy\u00f3n\u00e1sukat k\u00e9t vend\u00e9gaty\u00e1n\u00e1l: K\u00f3r\u00e9 Mih\u00e1ly segesdi \u00e9s N\u00e9met J\u00f3zsef h. esperes, k\u00e9thelyi aty\u00e1n\u00e1l. Majd a nyolcadikos b\u00e9rm\u00e1l\u00e1sra k\u00e9sz\u00fcl\u0151 gyermekek kereszt\u00fatja k\u00f6vetkezett a pl\u00e9b\u00e1niatemplomban, melyet Kir\u00e1ly M\u00e1rta hitoktat\u00f3 tan\u00edtott be. A fiatalok elj\u00e1tszott\u00e1k J\u00e9zus szenved\u00e9s\u00e9nek t\u00f6rt\u00e9net\u00e9t. Majd a feln\u0151ttek szentgy\u00f3n\u00e1sa k\u00f6vetkezet. A lelki napot \u00fcnnepi szentmise fejezte be, melyen<img loading=\"lazy\" decoding=\"async\" class=\"alignnone size-full wp-image-188\" src=\"https:\/\/marcali.plebania.hu\/wp-content\/uploads\/2018\/04\/80324.jpg\" alt=\"\" width=\"1000\" height=\"662\" srcset=\"https:\/\/marcali.plebania.hu\/wp-content\/uploads\/2018\/04\/80324.jpg 1000w, https:\/\/marcali.plebania.hu\/wp-content\/uploads\/2018\/04\/80324-300x199.jpg 300w, https:\/\/marcali.plebania.hu\/wp-content\/uploads\/2018\/04\/80324-768x508.jpg 768w, https:\/\/marcali.plebania.hu\/wp-content\/uploads\/2018\/04\/80324-408x270.jpg 408w\" sizes=\"auto, (max-width: 1000px) 100vw, 1000px\" \/> t\u00f6bb sz\u00e1z h\u00edv\u0151 vett r\u00e9szt \u00e9s hallgatta K\u00f3r\u00e9 Mih\u00e1ly lelkigyakorlatos szentbesz\u00e9d\u00e9t.<\/p>\n","protected":false},"excerpt":{"rendered":"<p>M\u00e1rcius 24-\u00e9n lelki napot tartottal a Marcali Pl\u00e9b\u00e1ni\u00e1n. D\u00e9lut\u00e1n a hittanosoknak el\u0151ad\u00e1s volt az X h\u00e1zban, korcsoportok szerint. Az el\u0151ad\u00e1sokat K\u00f3r\u00e9 Mih\u00e1ly segesdi pl\u00e9b\u00e1nos tartotta a h\u00fasv\u00e9ti el\u0151k\u00e9sz\u00fcletr\u0151l. Majd a hittanos gyermekek elv\u00e9gezt\u00e9k a h\u00fasv\u00e9ti szentgy\u00f3n\u00e1sukat k\u00e9t vend\u00e9gaty\u00e1n\u00e1l: K\u00f3r\u00e9 Mih\u00e1ly segesdi \u00e9s N\u00e9met J\u00f3zsef h. esperes, k\u00e9thelyi aty\u00e1n\u00e1l. Majd a nyolcadikos b\u00e9rm\u00e1l\u00e1sra k\u00e9sz\u00fcl\u0151 gyermekek kereszt\u00fatja k\u00f6vetkezett a pl\u00e9b\u00e1niatemplomban, melyet Kir\u00e1ly M\u00e1rta hitoktat\u00f3 tan\u00edtott be. A fiatalok elj\u00e1tszott\u00e1k J\u00e9zus szenved\u00e9s\u00e9nek t\u00f6rt\u00e9net\u00e9t. Majd a feln\u0151ttek szentgy\u00f3n\u00e1sa k\u00f6vetkezet. A lelki napot \u00fcnnepi szentmise&#8230;<\/p>\n<p class=\"read-more\"><a class=\"btn btn-default\" href=\"https:\/\/marcali.plebania.hu\/?p=187\"> Read More<span class=\"screen-reader-text\">  Read More<\/span><\/a><\/p>\n","protected":false},"author":1,"featured_media":0,"comment_status":"closed","ping_status":"open","sticky":false,"template":"","format":"standard","meta":{"footnotes":""},"categories":[4],"tags":[],"class_list":["post-187","post","type-post","status-publish","format-standard","hentry","category-hirek"],"_links":{"self":[{"href":"https:\/\/marcali.plebania.hu\/index.php?rest_route=\/wp\/v2\/posts\/187","targetHints":{"allow":["GET"]}}],"collection":[{"href":"https:\/\/marcali.plebania.hu\/index.php?rest_route=\/wp\/v2\/posts"}],"about":[{"href":"https:\/\/marcali.plebania.hu\/index.php?rest_route=\/wp\/v2\/types\/post"}],"author":[{"embeddable":true,"href":"https:\/\/marcali.plebania.hu\/index.php?rest_route=\/wp\/v2\/users\/1"}],"replies":[{"embeddable":true,"href":"https:\/\/marcali.plebania.hu\/index.php?rest_route=%2Fwp%2Fv2%2Fcomments&post=187"}],"version-history":[{"count":1,"href":"https:\/\/marcali.plebania.hu\/index.php?rest_route=\/wp\/v2\/posts\/187\/revisions"}],"predecessor-version":[{"id":189,"href":"https:\/\/marcali.plebania.hu\/index.php?rest_route=\/wp\/v2\/posts\/187\/revisions\/189"}],"wp:attachment":[{"href":"https:\/\/marcali.plebania.hu\/index.php?rest_route=%2Fwp%2Fv2%2Fmedia&parent=187"}],"wp:term":[{"taxonomy":"category","embeddable":true,"href":"https:\/\/marcali.plebania.hu\/index.php?rest_route=%2Fwp%2Fv2%2Fcategories&post=187"},{"taxonomy":"post_tag","embeddable":true,"href":"https:\/\/marcali.plebania.hu\/index.php?rest_route=%2Fwp%2Fv2%2Ftags&post=187"}],"curies":[{"name":"wp","href":"https:\/\/api.w.org\/{rel}","templated":true}]}}