{"id":1875,"date":"2020-06-05T09:13:07","date_gmt":"2020-06-05T09:13:07","guid":{"rendered":"https:\/\/marcali.plebania.hu\/?p=1875"},"modified":"2020-06-05T09:13:07","modified_gmt":"2020-06-05T09:13:07","slug":"trianon-100-1920-2020-megemlekezest-tartottak-az-iparoshazban","status":"publish","type":"post","link":"https:\/\/marcali.plebania.hu\/?p=1875","title":{"rendered":"Trianon 100 (1920-2020) \u2013 Megeml\u00e9kez\u00e9st tartottak az Iparosh\u00e1zban"},"content":{"rendered":"\n<p>2020. j\u00fanius 4-\u00e9n, cs\u00fct\u00f6rt\u00f6k\u00f6n volt a trianoni b\u00e9kedikt\u00e1tum al\u00e1\u00edr\u00e1s\u00e1nak 100. \u00e9vfordul\u00f3ja. A koronav\u00edrus-j\u00e1rv\u00e1ny ellen\u00e9re j\u00fanius 3-7. k\u00f6z\u00f6tt enged\u00e9lyezte a korm\u00e1nyzat a megeml\u00e9kez\u00e9seket, \u00edgy \u2013 a kor\u00e1bbi \u00e9vekhez hasonl\u00f3an \u2013 Marcaliban is megtartott\u00e1k a magyar t\u00f6rt\u00e9nelem m\u00e1ig legnagyobb trag\u00e9di\u00e1j\u00e1nak \u00e9vfordul\u00f3j\u00e1n, a nemzeti \u00f6sszetartoz\u00e1s napj\u00e1n.<\/p>\n\n\n\n<figure class=\"wp-block-gallery columns-3 is-cropped wp-block-gallery-1 is-layout-flex wp-block-gallery-is-layout-flex\"><ul class=\"blocks-gallery-grid\"><li class=\"blocks-gallery-item\"><figure><img loading=\"lazy\" decoding=\"async\" width=\"1024\" height=\"683\" src=\"https:\/\/marcali.plebania.hu\/wp-content\/uploads\/2020\/06\/001-1024x683.jpg\" alt=\"\" data-id=\"1876\" data-link=\"https:\/\/marcali.plebania.hu\/?attachment_id=1876\" class=\"wp-image-1876\" srcset=\"https:\/\/marcali.plebania.hu\/wp-content\/uploads\/2020\/06\/001-1024x683.jpg 1024w, https:\/\/marcali.plebania.hu\/wp-content\/uploads\/2020\/06\/001-300x200.jpg 300w, https:\/\/marcali.plebania.hu\/wp-content\/uploads\/2020\/06\/001-768x512.jpg 768w, https:\/\/marcali.plebania.hu\/wp-content\/uploads\/2020\/06\/001-1536x1024.jpg 1536w, https:\/\/marcali.plebania.hu\/wp-content\/uploads\/2020\/06\/001-2048x1365.jpg 2048w, https:\/\/marcali.plebania.hu\/wp-content\/uploads\/2020\/06\/001-405x270.jpg 405w\" sizes=\"auto, (max-width: 1024px) 100vw, 1024px\" \/><\/figure><\/li><li class=\"blocks-gallery-item\"><figure><img loading=\"lazy\" decoding=\"async\" width=\"1024\" height=\"683\" src=\"https:\/\/marcali.plebania.hu\/wp-content\/uploads\/2020\/06\/01-1024x683.jpg\" alt=\"\" data-id=\"1877\" data-link=\"https:\/\/marcali.plebania.hu\/?attachment_id=1877\" class=\"wp-image-1877\" srcset=\"https:\/\/marcali.plebania.hu\/wp-content\/uploads\/2020\/06\/01-1024x683.jpg 1024w, https:\/\/marcali.plebania.hu\/wp-content\/uploads\/2020\/06\/01-300x200.jpg 300w, https:\/\/marcali.plebania.hu\/wp-content\/uploads\/2020\/06\/01-768x512.jpg 768w, https:\/\/marcali.plebania.hu\/wp-content\/uploads\/2020\/06\/01-1536x1024.jpg 1536w, https:\/\/marcali.plebania.hu\/wp-content\/uploads\/2020\/06\/01-2048x1365.jpg 2048w, https:\/\/marcali.plebania.hu\/wp-content\/uploads\/2020\/06\/01-405x270.jpg 405w\" sizes=\"auto, (max-width: 1024px) 100vw, 1024px\" \/><\/figure><\/li><li class=\"blocks-gallery-item\"><figure><img loading=\"lazy\" decoding=\"async\" width=\"1024\" height=\"683\" src=\"https:\/\/marcali.plebania.hu\/wp-content\/uploads\/2020\/06\/002-1024x683.jpg\" alt=\"\" data-id=\"1878\" data-link=\"https:\/\/marcali.plebania.hu\/?attachment_id=1878\" class=\"wp-image-1878\" srcset=\"https:\/\/marcali.plebania.hu\/wp-content\/uploads\/2020\/06\/002-1024x683.jpg 1024w, https:\/\/marcali.plebania.hu\/wp-content\/uploads\/2020\/06\/002-300x200.jpg 300w, https:\/\/marcali.plebania.hu\/wp-content\/uploads\/2020\/06\/002-768x512.jpg 768w, https:\/\/marcali.plebania.hu\/wp-content\/uploads\/2020\/06\/002-1536x1024.jpg 1536w, https:\/\/marcali.plebania.hu\/wp-content\/uploads\/2020\/06\/002-2048x1365.jpg 2048w, https:\/\/marcali.plebania.hu\/wp-content\/uploads\/2020\/06\/002-405x270.jpg 405w\" sizes=\"auto, (max-width: 1024px) 100vw, 1024px\" \/><\/figure><\/li><li class=\"blocks-gallery-item\"><figure><img loading=\"lazy\" decoding=\"async\" width=\"1024\" height=\"683\" src=\"https:\/\/marcali.plebania.hu\/wp-content\/uploads\/2020\/06\/004-1024x683.jpg\" alt=\"\" data-id=\"1879\" data-full-url=\"https:\/\/marcali.plebania.hu\/wp-content\/uploads\/2020\/06\/004-scaled.jpg\" data-link=\"https:\/\/marcali.plebania.hu\/?attachment_id=1879\" class=\"wp-image-1879\" srcset=\"https:\/\/marcali.plebania.hu\/wp-content\/uploads\/2020\/06\/004-1024x683.jpg 1024w, https:\/\/marcali.plebania.hu\/wp-content\/uploads\/2020\/06\/004-300x200.jpg 300w, https:\/\/marcali.plebania.hu\/wp-content\/uploads\/2020\/06\/004-768x512.jpg 768w, https:\/\/marcali.plebania.hu\/wp-content\/uploads\/2020\/06\/004-1536x1024.jpg 1536w, https:\/\/marcali.plebania.hu\/wp-content\/uploads\/2020\/06\/004-2048x1365.jpg 2048w, https:\/\/marcali.plebania.hu\/wp-content\/uploads\/2020\/06\/004-405x270.jpg 405w\" sizes=\"auto, (max-width: 1024px) 100vw, 1024px\" \/><\/figure><\/li><\/ul><\/figure>\n\n\n\n<p>A program r\u00e9szek\u00e9nt el\u0151sz\u00f6r a Kereszt\u00e9ny \u00c9rtelmis\u00e9giek Sz\u00f6vets\u00e9ge (K\u00c9SZ) felh\u00edv\u00e1s\u00e1ra az al\u00e1\u00edr\u00e1s id\u0151pontj\u00e1ban, 16 \u00f3ra 30 perckor orsz\u00e1gszerte megsz\u00f3laltak a harangok. Marcaliban a Gy\u00fcm\u00f6lcsolt\u00f3 Boldogasszony pl\u00e9b\u00e1niatemplom \u00e9s a Boldog Gizella templom 4 harangja h\u00edvta fel a figyelmet a szomor\u00fa centen\u00e1riumra.<\/p>\n\n\n\n<figure class=\"wp-block-gallery columns-3 is-cropped wp-block-gallery-2 is-layout-flex wp-block-gallery-is-layout-flex\"><ul class=\"blocks-gallery-grid\"><li class=\"blocks-gallery-item\"><figure><img loading=\"lazy\" decoding=\"async\" width=\"1024\" height=\"683\" src=\"https:\/\/marcali.plebania.hu\/wp-content\/uploads\/2020\/06\/08-1024x683.jpg\" alt=\"\" data-id=\"1880\" data-link=\"https:\/\/marcali.plebania.hu\/?attachment_id=1880\" class=\"wp-image-1880\" srcset=\"https:\/\/marcali.plebania.hu\/wp-content\/uploads\/2020\/06\/08-1024x683.jpg 1024w, https:\/\/marcali.plebania.hu\/wp-content\/uploads\/2020\/06\/08-300x200.jpg 300w, https:\/\/marcali.plebania.hu\/wp-content\/uploads\/2020\/06\/08-768x512.jpg 768w, https:\/\/marcali.plebania.hu\/wp-content\/uploads\/2020\/06\/08-1536x1024.jpg 1536w, https:\/\/marcali.plebania.hu\/wp-content\/uploads\/2020\/06\/08-2048x1365.jpg 2048w, https:\/\/marcali.plebania.hu\/wp-content\/uploads\/2020\/06\/08-405x270.jpg 405w\" sizes=\"auto, (max-width: 1024px) 100vw, 1024px\" \/><\/figure><\/li><li class=\"blocks-gallery-item\"><figure><img loading=\"lazy\" decoding=\"async\" width=\"1024\" height=\"683\" src=\"https:\/\/marcali.plebania.hu\/wp-content\/uploads\/2020\/06\/13-1-1024x683.jpg\" alt=\"\" data-id=\"1881\" data-link=\"https:\/\/marcali.plebania.hu\/?attachment_id=1881\" class=\"wp-image-1881\" srcset=\"https:\/\/marcali.plebania.hu\/wp-content\/uploads\/2020\/06\/13-1-1024x683.jpg 1024w, https:\/\/marcali.plebania.hu\/wp-content\/uploads\/2020\/06\/13-1-300x200.jpg 300w, https:\/\/marcali.plebania.hu\/wp-content\/uploads\/2020\/06\/13-1-768x512.jpg 768w, https:\/\/marcali.plebania.hu\/wp-content\/uploads\/2020\/06\/13-1-1536x1024.jpg 1536w, https:\/\/marcali.plebania.hu\/wp-content\/uploads\/2020\/06\/13-1-2048x1365.jpg 2048w, https:\/\/marcali.plebania.hu\/wp-content\/uploads\/2020\/06\/13-1-405x270.jpg 405w\" sizes=\"auto, (max-width: 1024px) 100vw, 1024px\" \/><\/figure><\/li><li class=\"blocks-gallery-item\"><figure><img loading=\"lazy\" decoding=\"async\" width=\"1024\" height=\"683\" src=\"https:\/\/marcali.plebania.hu\/wp-content\/uploads\/2020\/06\/19-1024x683.jpg\" alt=\"\" data-id=\"1882\" data-link=\"https:\/\/marcali.plebania.hu\/?attachment_id=1882\" class=\"wp-image-1882\" srcset=\"https:\/\/marcali.plebania.hu\/wp-content\/uploads\/2020\/06\/19-1024x683.jpg 1024w, https:\/\/marcali.plebania.hu\/wp-content\/uploads\/2020\/06\/19-300x200.jpg 300w, https:\/\/marcali.plebania.hu\/wp-content\/uploads\/2020\/06\/19-768x512.jpg 768w, https:\/\/marcali.plebania.hu\/wp-content\/uploads\/2020\/06\/19-1536x1024.jpg 1536w, https:\/\/marcali.plebania.hu\/wp-content\/uploads\/2020\/06\/19-2048x1365.jpg 2048w, https:\/\/marcali.plebania.hu\/wp-content\/uploads\/2020\/06\/19-405x270.jpg 405w\" sizes=\"auto, (max-width: 1024px) 100vw, 1024px\" \/><\/figure><\/li><li class=\"blocks-gallery-item\"><figure><img loading=\"lazy\" decoding=\"async\" width=\"1024\" height=\"683\" src=\"https:\/\/marcali.plebania.hu\/wp-content\/uploads\/2020\/06\/11-1024x683.jpg\" alt=\"\" data-id=\"1883\" data-full-url=\"https:\/\/marcali.plebania.hu\/wp-content\/uploads\/2020\/06\/11-scaled.jpg\" data-link=\"https:\/\/marcali.plebania.hu\/?attachment_id=1883\" class=\"wp-image-1883\" srcset=\"https:\/\/marcali.plebania.hu\/wp-content\/uploads\/2020\/06\/11-1024x683.jpg 1024w, https:\/\/marcali.plebania.hu\/wp-content\/uploads\/2020\/06\/11-300x200.jpg 300w, https:\/\/marcali.plebania.hu\/wp-content\/uploads\/2020\/06\/11-768x512.jpg 768w, https:\/\/marcali.plebania.hu\/wp-content\/uploads\/2020\/06\/11-1536x1024.jpg 1536w, https:\/\/marcali.plebania.hu\/wp-content\/uploads\/2020\/06\/11-2048x1365.jpg 2048w, https:\/\/marcali.plebania.hu\/wp-content\/uploads\/2020\/06\/11-405x270.jpg 405w\" sizes=\"auto, (max-width: 1024px) 100vw, 1024px\" \/><\/figure><\/li><\/ul><\/figure>\n\n\n\n<p>Majd ezt k\u00f6vet\u0151en 18 \u00f3r\u00e1t\u00f3l a Marcali \u00e9s K\u00f6rny\u00e9ke Hagyom\u00e1ny\u0151rz\u0151 Ipartest\u00fclet sz\u00e9kh\u00e1z\u00e1nak udvar\u00e1n \u2013 a v\u00e1ros egyetlen Trianon-eml\u00e9km\u0171v\u00e9n\u00e9l \u2013 megeml\u00e9kez\u00e9ssel \u00e9s koszor\u00faz\u00e1ssal folytat\u00f3dott az eml\u00e9km\u0171sor. A nagy sz\u00e1mban megjelentek k\u00f6z\u00f6tt volt G\u00f6nt\u00e9rn\u00e9 dr. Gyir\u00e1n Szilvia, a Somogy Megyei Korm\u00e1nyhivatal Marcali J\u00e1r\u00e1si Hivatal vezet\u0151je, valamint Moln\u00e1r \u00c1gnes Anna, Pr\u00e1gern\u00e9 Magyar Gabriella, \u00e9s dr. Horv\u00e1th L\u00e1szl\u00f3 \u00f6nkorm\u00e1nyzati k\u00e9pvisel\u0151k, tov\u00e1bb\u00e1 a K\u00c9SZ Marcali csoport titk\u00e1ra. A vend\u00e9geket a h\u00e1zigazda Szaka Zsolt eln\u00f6k k\u00f6sz\u00f6nt\u00f6tte, majd a Himnusz elhangz\u00e1sa ut\u00e1n az 1920-as trianoni b\u00e9kedikt\u00e1tum al\u00e1\u00edr\u00e1s\u00e1nak \u00e9vfordul\u00f3j\u00e1ra eml\u00e9kez\u0151 nemzeti eml\u00e9knapnak, a Nemzeti \u00d6sszetartoz\u00e1s Napj\u00e1nak jelent\u0151s\u00e9g\u00e9r\u0151l besz\u00e9lt. Elmondta, hogy az orsz\u00e1ggy\u0171l\u00e9s 2010. m\u00e1jus 31-\u00e9n t\u00f6rv\u00e9nybe iktatta \u00e9s kinyilv\u00e1n\u00edtotta: \u201ea t\u00f6bb \u00e1llam fennhat\u00f3s\u00e1ga al\u00e1 vetett magyars\u00e1g minden tagja \u00e9s k\u00f6z\u00f6ss\u00e9ge r\u00e9sze az egys\u00e9ges magyar nemzetnek, melynek \u00e1llamhat\u00e1rok feletti \u00f6sszetartoz\u00e1sa val\u00f3s\u00e1g, s egy\u00fattal a magyarok szem\u00e9lyes \u00e9s k\u00f6z\u00f6ss\u00e9gi \u00f6nazonoss\u00e1g\u00e1nak meghat\u00e1roz\u00f3 eleme.\u201d<\/p>\n\n\n\n<figure class=\"wp-block-gallery columns-3 is-cropped wp-block-gallery-3 is-layout-flex wp-block-gallery-is-layout-flex\"><ul class=\"blocks-gallery-grid\"><li class=\"blocks-gallery-item\"><figure><img loading=\"lazy\" decoding=\"async\" width=\"1024\" height=\"683\" src=\"https:\/\/marcali.plebania.hu\/wp-content\/uploads\/2020\/06\/23-1024x683.jpg\" alt=\"\" data-id=\"1884\" data-link=\"https:\/\/marcali.plebania.hu\/?attachment_id=1884\" class=\"wp-image-1884\" srcset=\"https:\/\/marcali.plebania.hu\/wp-content\/uploads\/2020\/06\/23-1024x683.jpg 1024w, https:\/\/marcali.plebania.hu\/wp-content\/uploads\/2020\/06\/23-300x200.jpg 300w, https:\/\/marcali.plebania.hu\/wp-content\/uploads\/2020\/06\/23-768x512.jpg 768w, https:\/\/marcali.plebania.hu\/wp-content\/uploads\/2020\/06\/23-1536x1024.jpg 1536w, https:\/\/marcali.plebania.hu\/wp-content\/uploads\/2020\/06\/23-2048x1365.jpg 2048w, https:\/\/marcali.plebania.hu\/wp-content\/uploads\/2020\/06\/23-405x270.jpg 405w\" sizes=\"auto, (max-width: 1024px) 100vw, 1024px\" \/><\/figure><\/li><li class=\"blocks-gallery-item\"><figure><img loading=\"lazy\" decoding=\"async\" width=\"1024\" height=\"683\" src=\"https:\/\/marcali.plebania.hu\/wp-content\/uploads\/2020\/06\/30-1-1024x683.jpg\" alt=\"\" data-id=\"1885\" data-link=\"https:\/\/marcali.plebania.hu\/?attachment_id=1885\" class=\"wp-image-1885\" srcset=\"https:\/\/marcali.plebania.hu\/wp-content\/uploads\/2020\/06\/30-1-1024x683.jpg 1024w, https:\/\/marcali.plebania.hu\/wp-content\/uploads\/2020\/06\/30-1-300x200.jpg 300w, https:\/\/marcali.plebania.hu\/wp-content\/uploads\/2020\/06\/30-1-768x512.jpg 768w, https:\/\/marcali.plebania.hu\/wp-content\/uploads\/2020\/06\/30-1-1536x1024.jpg 1536w, https:\/\/marcali.plebania.hu\/wp-content\/uploads\/2020\/06\/30-1-2048x1365.jpg 2048w, https:\/\/marcali.plebania.hu\/wp-content\/uploads\/2020\/06\/30-1-405x270.jpg 405w\" sizes=\"auto, (max-width: 1024px) 100vw, 1024px\" \/><\/figure><\/li><li class=\"blocks-gallery-item\"><figure><img loading=\"lazy\" decoding=\"async\" width=\"1024\" height=\"683\" src=\"https:\/\/marcali.plebania.hu\/wp-content\/uploads\/2020\/06\/17-1-1024x683.jpg\" alt=\"\" data-id=\"1897\" data-link=\"https:\/\/marcali.plebania.hu\/?attachment_id=1897\" class=\"wp-image-1897\" srcset=\"https:\/\/marcali.plebania.hu\/wp-content\/uploads\/2020\/06\/17-1-1024x683.jpg 1024w, https:\/\/marcali.plebania.hu\/wp-content\/uploads\/2020\/06\/17-1-300x200.jpg 300w, https:\/\/marcali.plebania.hu\/wp-content\/uploads\/2020\/06\/17-1-768x512.jpg 768w, https:\/\/marcali.plebania.hu\/wp-content\/uploads\/2020\/06\/17-1-1536x1024.jpg 1536w, https:\/\/marcali.plebania.hu\/wp-content\/uploads\/2020\/06\/17-1-2048x1365.jpg 2048w, https:\/\/marcali.plebania.hu\/wp-content\/uploads\/2020\/06\/17-1-405x270.jpg 405w\" sizes=\"auto, (max-width: 1024px) 100vw, 1024px\" \/><\/figure><\/li><li class=\"blocks-gallery-item\"><figure><img loading=\"lazy\" decoding=\"async\" width=\"1024\" height=\"683\" src=\"https:\/\/marcali.plebania.hu\/wp-content\/uploads\/2020\/06\/27-1-1024x683.jpg\" alt=\"\" data-id=\"1898\" data-full-url=\"https:\/\/marcali.plebania.hu\/wp-content\/uploads\/2020\/06\/27-1-scaled.jpg\" data-link=\"https:\/\/marcali.plebania.hu\/?attachment_id=1898\" class=\"wp-image-1898\" srcset=\"https:\/\/marcali.plebania.hu\/wp-content\/uploads\/2020\/06\/27-1-1024x683.jpg 1024w, https:\/\/marcali.plebania.hu\/wp-content\/uploads\/2020\/06\/27-1-300x200.jpg 300w, https:\/\/marcali.plebania.hu\/wp-content\/uploads\/2020\/06\/27-1-768x512.jpg 768w, https:\/\/marcali.plebania.hu\/wp-content\/uploads\/2020\/06\/27-1-1536x1024.jpg 1536w, https:\/\/marcali.plebania.hu\/wp-content\/uploads\/2020\/06\/27-1-2048x1365.jpg 2048w, https:\/\/marcali.plebania.hu\/wp-content\/uploads\/2020\/06\/27-1-405x270.jpg 405w\" sizes=\"auto, (max-width: 1024px) 100vw, 1024px\" \/><\/figure><\/li><\/ul><\/figure>\n\n\n\n<p>Ezut\u00e1n Kozma Kriszti\u00e1n, Kazinczy-d\u00edjas versmond\u00f3 Juh\u00e1sz Gyula: Trianon c\u00edm\u0171 vers\u00e9t szavalta el, amely nagy tetsz\u00e9st aratott a jelenl\u00e9v\u0151k k\u00f6r\u00e9ben. Majd Huszti G\u00e1bor, a Somogy Megyei K\u00f6zgy\u0171l\u00e9s aleln\u00f6ke besz\u00e9lt Trianon m\u00e1ig hat\u00f3 k\u00f6vetkezm\u00e9nyeir\u0151l, a magyars\u00e1g megmarad\u00e1s\u00e1r\u00f3l, az \u00f6sszetartoz\u00e1s fontoss\u00e1g\u00e1r\u00f3l. Kijelentette: \u201eMagyar az, akinek f\u00e1j Trianon!\u201d Ezt k\u00f6vet\u0151en r\u00e9szletesen kit\u00e9rt az els\u0151 vil\u00e1gh\u00e1bor\u00fat lez\u00e1r\u00f3 b\u00e9kekonferencia t\u00f6rt\u00e9n\u00e9seire, Apponyi Albert gr\u00f3f besz\u00e9d\u00e9re, s arra, hogy hogyan \u00e9lt\u00e9k meg az emberek. Sokan nemzet\u00fcnk sorstrag\u00e9di\u00e1j\u00e1nak tartott\u00e1k, mert az orsz\u00e1g \u00f3ri\u00e1si vesztes\u00e9geket szenvedett el ter\u00fcleti \u00e9s n\u00e9pess\u00e9gi szempontb\u00f3l is. M\u00e1sok igazs\u00e1gtalans\u00e1gnak tekintett\u00e9k a szigor\u00fa d\u00f6nt\u00e9st. Ez vezetett k\u00e9s\u0151bb a magyar t\u00f6rt\u00e9nelem olyan viharaihoz is, mint a Tan\u00e1csk\u00f6zt\u00e1rsas\u00e1g, a 20-as \u00e9vek megpr\u00f3b\u00e1ltat\u00e1sai, a m\u00e1sodik vil\u00e1gh\u00e1bor\u00fa, vagy a kommunizmus uralma, illet\u0151leg az 1956-os forradalom \u00e9s szabads\u00e1gharc kirobban\u00e1sa. Majd a magyar identit\u00e1s fontoss\u00e1g\u00e1t hangs\u00falyozta, \u00e9s magyar\u00e1zatk\u00e9nt az erd\u00e9lyi p\u00e9ld\u00e1t, a megmarad\u00e1st hozta fel. A v\u00e9g\u00e9n hozz\u00e1tette m\u00e9g, hogy egy a nyelv\u00fcnk, nemzet\u00fcnk, vall\u00e1sunk, a csal\u00e1dunk, azaz \u2013 utalva egy k\u00f6zismert dallamra \u2013 \u201eegy v\u00e9rb\u0151l val\u00f3k vagyunk\u201d. Mondand\u00f3j\u00e1t a Himnusz \u00f6r\u00f6k \u00e9rv\u00e9ny\u0171 bevezet\u0151j\u00e9vel z\u00e1rta: \u201eIsten \u00e1ldd meg a magyart!\u201d<\/p>\n\n\n\n<figure class=\"wp-block-gallery columns-3 is-cropped wp-block-gallery-4 is-layout-flex wp-block-gallery-is-layout-flex\"><ul class=\"blocks-gallery-grid\"><li class=\"blocks-gallery-item\"><figure><img loading=\"lazy\" decoding=\"async\" width=\"1024\" height=\"683\" src=\"https:\/\/marcali.plebania.hu\/wp-content\/uploads\/2020\/06\/34-1024x683.jpg\" alt=\"\" data-id=\"1888\" data-link=\"https:\/\/marcali.plebania.hu\/?attachment_id=1888\" class=\"wp-image-1888\" srcset=\"https:\/\/marcali.plebania.hu\/wp-content\/uploads\/2020\/06\/34-1024x683.jpg 1024w, https:\/\/marcali.plebania.hu\/wp-content\/uploads\/2020\/06\/34-300x200.jpg 300w, https:\/\/marcali.plebania.hu\/wp-content\/uploads\/2020\/06\/34-768x512.jpg 768w, https:\/\/marcali.plebania.hu\/wp-content\/uploads\/2020\/06\/34-1536x1024.jpg 1536w, https:\/\/marcali.plebania.hu\/wp-content\/uploads\/2020\/06\/34-2048x1365.jpg 2048w, https:\/\/marcali.plebania.hu\/wp-content\/uploads\/2020\/06\/34-405x270.jpg 405w\" sizes=\"auto, (max-width: 1024px) 100vw, 1024px\" \/><\/figure><\/li><li class=\"blocks-gallery-item\"><figure><img loading=\"lazy\" decoding=\"async\" width=\"1024\" height=\"683\" src=\"https:\/\/marcali.plebania.hu\/wp-content\/uploads\/2020\/06\/50-1024x683.jpg\" alt=\"\" data-id=\"1890\" data-link=\"https:\/\/marcali.plebania.hu\/?attachment_id=1890\" class=\"wp-image-1890\" srcset=\"https:\/\/marcali.plebania.hu\/wp-content\/uploads\/2020\/06\/50-1024x683.jpg 1024w, https:\/\/marcali.plebania.hu\/wp-content\/uploads\/2020\/06\/50-300x200.jpg 300w, https:\/\/marcali.plebania.hu\/wp-content\/uploads\/2020\/06\/50-768x512.jpg 768w, https:\/\/marcali.plebania.hu\/wp-content\/uploads\/2020\/06\/50-1536x1024.jpg 1536w, https:\/\/marcali.plebania.hu\/wp-content\/uploads\/2020\/06\/50-2048x1365.jpg 2048w, https:\/\/marcali.plebania.hu\/wp-content\/uploads\/2020\/06\/50-405x270.jpg 405w\" sizes=\"auto, (max-width: 1024px) 100vw, 1024px\" \/><\/figure><\/li><li class=\"blocks-gallery-item\"><figure><img loading=\"lazy\" decoding=\"async\" width=\"1024\" height=\"683\" src=\"https:\/\/marcali.plebania.hu\/wp-content\/uploads\/2020\/06\/53-1024x683.jpg\" alt=\"\" data-id=\"1891\" data-link=\"https:\/\/marcali.plebania.hu\/?attachment_id=1891\" class=\"wp-image-1891\" srcset=\"https:\/\/marcali.plebania.hu\/wp-content\/uploads\/2020\/06\/53-1024x683.jpg 1024w, https:\/\/marcali.plebania.hu\/wp-content\/uploads\/2020\/06\/53-300x200.jpg 300w, https:\/\/marcali.plebania.hu\/wp-content\/uploads\/2020\/06\/53-768x512.jpg 768w, https:\/\/marcali.plebania.hu\/wp-content\/uploads\/2020\/06\/53-1536x1024.jpg 1536w, https:\/\/marcali.plebania.hu\/wp-content\/uploads\/2020\/06\/53-2048x1365.jpg 2048w, https:\/\/marcali.plebania.hu\/wp-content\/uploads\/2020\/06\/53-405x270.jpg 405w\" sizes=\"auto, (max-width: 1024px) 100vw, 1024px\" \/><\/figure><\/li><li class=\"blocks-gallery-item\"><figure><img loading=\"lazy\" decoding=\"async\" width=\"1024\" height=\"683\" src=\"https:\/\/marcali.plebania.hu\/wp-content\/uploads\/2020\/06\/57-1024x683.jpg\" alt=\"\" data-id=\"1892\" data-full-url=\"https:\/\/marcali.plebania.hu\/wp-content\/uploads\/2020\/06\/57-scaled.jpg\" data-link=\"https:\/\/marcali.plebania.hu\/?attachment_id=1892\" class=\"wp-image-1892\" srcset=\"https:\/\/marcali.plebania.hu\/wp-content\/uploads\/2020\/06\/57-1024x683.jpg 1024w, https:\/\/marcali.plebania.hu\/wp-content\/uploads\/2020\/06\/57-300x200.jpg 300w, https:\/\/marcali.plebania.hu\/wp-content\/uploads\/2020\/06\/57-768x512.jpg 768w, https:\/\/marcali.plebania.hu\/wp-content\/uploads\/2020\/06\/57-1536x1024.jpg 1536w, https:\/\/marcali.plebania.hu\/wp-content\/uploads\/2020\/06\/57-2048x1365.jpg 2048w, https:\/\/marcali.plebania.hu\/wp-content\/uploads\/2020\/06\/57-405x270.jpg 405w\" sizes=\"auto, (max-width: 1024px) 100vw, 1024px\" \/><\/figure><\/li><\/ul><\/figure>\n\n\n\n<p>A program ezut\u00e1n koszor\u00faz\u00e1ssal, majd gyertyagy\u00fajt\u00e1ssal folytat\u00f3dott. Els\u0151k\u00e9nt a Fidesz Marcali szervezete r\u00e9sz\u00e9r\u0151l Huszti G\u00e1bor eln\u00f6k, dr. Horv\u00e1th L\u00e1szl\u00f3 \u00e9s Vigh Bernadett aleln\u00f6k\u00f6k koszor\u00faztak. \u0150ket a Fidelitas helyi szervezete k\u00f6vette. A megeml\u00e9kez\u00e9s koszor\u00faj\u00e1t Szaller Oliv\u00e9r eln\u00f6k, \u00e9s F\u00e1bos-Landi Vivien aleln\u00f6k helyezt\u00e9k el. A szervez\u0151k nev\u00e9ben pedig: Kiss Iv\u00e1n c. pr\u00e9post, esperes-pl\u00e9b\u00e1nos, egyben a K\u00c9SZ Marcali csoport lelki vezet\u0151je; Gelencs\u00e9r R\u00f3bert, a R\u00f3mai Katolikus Egyh\u00e1zk\u00f6zs\u00e9g vil\u00e1gi eln\u00f6ke; valamint Szaka Zsolt, a Marcali \u00e9s K\u00f6rny\u00e9ke Hagyom\u00e1ny\u0151rz\u0151 Ipartest\u00fclet eln\u00f6ke koszor\u00fazott a trianoni eml\u00e9km\u0171n\u00e9l; v\u00e9g\u00fcl m\u00e9cseseket gy\u00fajtottak a 100 \u00e9ves \u00e9vfordul\u00f3 alkalm\u00e1b\u00f3l. A m\u0171sorban a F\u00e9ny Gyermekei Zenekar is szerepelt hazafias \u00e9nekekkel. A program a Sz\u00e9kely Himnusz el\u00e9nekl\u00e9s\u00e9vel z\u00e1rult. A centen\u00e1riumi megeml\u00e9kez\u00e9st a Marcali \u00e9s K\u00f6rny\u00e9ke Hagyom\u00e1ny\u0151rz\u0151 Ipartest\u00fclet, valamint a Kereszt\u00e9ny \u00c9rtelmis\u00e9giek Sz\u00f6vets\u00e9ge (K\u00c9SZ) Marcali Csoportja szervezte.<\/p>\n\n\n\n<figure class=\"wp-block-gallery columns-3 is-cropped wp-block-gallery-5 is-layout-flex wp-block-gallery-is-layout-flex\"><ul class=\"blocks-gallery-grid\"><li class=\"blocks-gallery-item\"><figure><img loading=\"lazy\" decoding=\"async\" width=\"1024\" height=\"683\" src=\"https:\/\/marcali.plebania.hu\/wp-content\/uploads\/2020\/06\/59-1024x683.jpg\" alt=\"\" data-id=\"1893\" data-link=\"https:\/\/marcali.plebania.hu\/?attachment_id=1893\" class=\"wp-image-1893\" srcset=\"https:\/\/marcali.plebania.hu\/wp-content\/uploads\/2020\/06\/59-1024x683.jpg 1024w, https:\/\/marcali.plebania.hu\/wp-content\/uploads\/2020\/06\/59-300x200.jpg 300w, https:\/\/marcali.plebania.hu\/wp-content\/uploads\/2020\/06\/59-768x512.jpg 768w, https:\/\/marcali.plebania.hu\/wp-content\/uploads\/2020\/06\/59-1536x1024.jpg 1536w, https:\/\/marcali.plebania.hu\/wp-content\/uploads\/2020\/06\/59-2048x1365.jpg 2048w, https:\/\/marcali.plebania.hu\/wp-content\/uploads\/2020\/06\/59-405x270.jpg 405w\" sizes=\"auto, (max-width: 1024px) 100vw, 1024px\" \/><\/figure><\/li><li class=\"blocks-gallery-item\"><figure><img loading=\"lazy\" decoding=\"async\" width=\"1024\" height=\"683\" src=\"https:\/\/marcali.plebania.hu\/wp-content\/uploads\/2020\/06\/69-1024x683.jpg\" alt=\"\" data-id=\"1894\" data-link=\"https:\/\/marcali.plebania.hu\/?attachment_id=1894\" class=\"wp-image-1894\" srcset=\"https:\/\/marcali.plebania.hu\/wp-content\/uploads\/2020\/06\/69-1024x683.jpg 1024w, https:\/\/marcali.plebania.hu\/wp-content\/uploads\/2020\/06\/69-300x200.jpg 300w, https:\/\/marcali.plebania.hu\/wp-content\/uploads\/2020\/06\/69-768x512.jpg 768w, https:\/\/marcali.plebania.hu\/wp-content\/uploads\/2020\/06\/69-1536x1024.jpg 1536w, https:\/\/marcali.plebania.hu\/wp-content\/uploads\/2020\/06\/69-2048x1365.jpg 2048w, https:\/\/marcali.plebania.hu\/wp-content\/uploads\/2020\/06\/69-405x270.jpg 405w\" sizes=\"auto, (max-width: 1024px) 100vw, 1024px\" \/><\/figure><\/li><li class=\"blocks-gallery-item\"><figure><img loading=\"lazy\" decoding=\"async\" width=\"1024\" height=\"683\" src=\"https:\/\/marcali.plebania.hu\/wp-content\/uploads\/2020\/06\/72-1024x683.jpg\" alt=\"\" data-id=\"1895\" data-link=\"https:\/\/marcali.plebania.hu\/?attachment_id=1895\" class=\"wp-image-1895\" srcset=\"https:\/\/marcali.plebania.hu\/wp-content\/uploads\/2020\/06\/72-1024x683.jpg 1024w, https:\/\/marcali.plebania.hu\/wp-content\/uploads\/2020\/06\/72-300x200.jpg 300w, https:\/\/marcali.plebania.hu\/wp-content\/uploads\/2020\/06\/72-768x512.jpg 768w, https:\/\/marcali.plebania.hu\/wp-content\/uploads\/2020\/06\/72-1536x1024.jpg 1536w, https:\/\/marcali.plebania.hu\/wp-content\/uploads\/2020\/06\/72-2048x1365.jpg 2048w, https:\/\/marcali.plebania.hu\/wp-content\/uploads\/2020\/06\/72-405x270.jpg 405w\" sizes=\"auto, (max-width: 1024px) 100vw, 1024px\" \/><\/figure><\/li><li class=\"blocks-gallery-item\"><figure><img loading=\"lazy\" decoding=\"async\" width=\"1024\" height=\"683\" src=\"https:\/\/marcali.plebania.hu\/wp-content\/uploads\/2020\/06\/76-1024x683.jpg\" alt=\"\" data-id=\"1896\" data-full-url=\"https:\/\/marcali.plebania.hu\/wp-content\/uploads\/2020\/06\/76-scaled.jpg\" data-link=\"https:\/\/marcali.plebania.hu\/?attachment_id=1896\" class=\"wp-image-1896\" srcset=\"https:\/\/marcali.plebania.hu\/wp-content\/uploads\/2020\/06\/76-1024x683.jpg 1024w, https:\/\/marcali.plebania.hu\/wp-content\/uploads\/2020\/06\/76-300x200.jpg 300w, https:\/\/marcali.plebania.hu\/wp-content\/uploads\/2020\/06\/76-768x512.jpg 768w, https:\/\/marcali.plebania.hu\/wp-content\/uploads\/2020\/06\/76-1536x1024.jpg 1536w, https:\/\/marcali.plebania.hu\/wp-content\/uploads\/2020\/06\/76-2048x1365.jpg 2048w, https:\/\/marcali.plebania.hu\/wp-content\/uploads\/2020\/06\/76-405x270.jpg 405w\" sizes=\"auto, (max-width: 1024px) 100vw, 1024px\" \/><\/figure><\/li><\/ul><\/figure>\n","protected":false},"excerpt":{"rendered":"<p>2020. j\u00fanius 4-\u00e9n, cs\u00fct\u00f6rt\u00f6k\u00f6n volt a trianoni b\u00e9kedikt\u00e1tum al\u00e1\u00edr\u00e1s\u00e1nak 100. \u00e9vfordul\u00f3ja. A koronav\u00edrus-j\u00e1rv\u00e1ny ellen\u00e9re j\u00fanius 3-7. k\u00f6z\u00f6tt enged\u00e9lyezte a korm\u00e1nyzat a megeml\u00e9kez\u00e9seket, \u00edgy \u2013 a kor\u00e1bbi \u00e9vekhez hasonl\u00f3an \u2013 Marcaliban is megtartott\u00e1k a magyar t\u00f6rt\u00e9nelem m\u00e1ig legnagyobb trag\u00e9di\u00e1j\u00e1nak \u00e9vfordul\u00f3j\u00e1n, a nemzeti \u00f6sszetartoz\u00e1s napj\u00e1n. A program r\u00e9szek\u00e9nt el\u0151sz\u00f6r a Kereszt\u00e9ny \u00c9rtelmis\u00e9giek Sz\u00f6vets\u00e9ge (K\u00c9SZ) felh\u00edv\u00e1s\u00e1ra az al\u00e1\u00edr\u00e1s id\u0151pontj\u00e1ban, 16 \u00f3ra 30 perckor orsz\u00e1gszerte megsz\u00f3laltak a harangok. Marcaliban a Gy\u00fcm\u00f6lcsolt\u00f3 Boldogasszony pl\u00e9b\u00e1niatemplom \u00e9s a Boldog Gizella templom 4 harangja h\u00edvta fel a figyelmet&#8230;<\/p>\n<p class=\"read-more\"><a class=\"btn btn-default\" href=\"https:\/\/marcali.plebania.hu\/?p=1875\"> Read More<span class=\"screen-reader-text\">  Read More<\/span><\/a><\/p>\n","protected":false},"author":2,"featured_media":0,"comment_status":"closed","ping_status":"open","sticky":false,"template":"","format":"standard","meta":{"footnotes":""},"categories":[1],"tags":[],"class_list":["post-1875","post","type-post","status-publish","format-standard","hentry","category-egyeb"],"_links":{"self":[{"href":"https:\/\/marcali.plebania.hu\/index.php?rest_route=\/wp\/v2\/posts\/1875","targetHints":{"allow":["GET"]}}],"collection":[{"href":"https:\/\/marcali.plebania.hu\/index.php?rest_route=\/wp\/v2\/posts"}],"about":[{"href":"https:\/\/marcali.plebania.hu\/index.php?rest_route=\/wp\/v2\/types\/post"}],"author":[{"embeddable":true,"href":"https:\/\/marcali.plebania.hu\/index.php?rest_route=\/wp\/v2\/users\/2"}],"replies":[{"embeddable":true,"href":"https:\/\/marcali.plebania.hu\/index.php?rest_route=%2Fwp%2Fv2%2Fcomments&post=1875"}],"version-history":[{"count":1,"href":"https:\/\/marcali.plebania.hu\/index.php?rest_route=\/wp\/v2\/posts\/1875\/revisions"}],"predecessor-version":[{"id":1899,"href":"https:\/\/marcali.plebania.hu\/index.php?rest_route=\/wp\/v2\/posts\/1875\/revisions\/1899"}],"wp:attachment":[{"href":"https:\/\/marcali.plebania.hu\/index.php?rest_route=%2Fwp%2Fv2%2Fmedia&parent=1875"}],"wp:term":[{"taxonomy":"category","embeddable":true,"href":"https:\/\/marcali.plebania.hu\/index.php?rest_route=%2Fwp%2Fv2%2Fcategories&post=1875"},{"taxonomy":"post_tag","embeddable":true,"href":"https:\/\/marcali.plebania.hu\/index.php?rest_route=%2Fwp%2Fv2%2Ftags&post=1875"}],"curies":[{"name":"wp","href":"https:\/\/api.w.org\/{rel}","templated":true}]}}