{"id":190,"date":"2018-02-25T18:32:52","date_gmt":"2018-02-25T18:32:52","guid":{"rendered":"https:\/\/marcali.plebania.hu\/?p=190"},"modified":"2018-04-24T18:33:31","modified_gmt":"2018-04-24T18:33:31","slug":"a-kommunista-diktatura-aldozatainak-emleknapja","status":"publish","type":"post","link":"https:\/\/marcali.plebania.hu\/?p=190","title":{"rendered":"A kommunista diktat\u00fara \u00e1ldozatainak eml\u00e9knapja"},"content":{"rendered":"<p>2018. febru\u00e1r 25-\u00e9n, Marcaliban, a H\u0151s\u00f6k ter\u00e9n 10 \u00f3rakor &#8211; a hideg id\u0151j\u00e1r\u00e1sra val\u00f3 tekintettel &#8211; csak egy r\u00f6vid program keret\u00e9ben eml\u00e9keztek meg a kommunizmus \u00e1ldozatair\u00f3l. A Kereszt\u00e9ny \u00c9rtelmis\u00e9giek Sz\u00f6vets\u00e9ge (K\u00c9SZ) Marcali Csoportja, valamint a Marcali \u00e9s K\u00f6rny\u00e9ke Hagyom\u00e1ny\u0151rz\u0151 Ipartest\u00fclet szervez\u00e9s\u00e9ben f\u0151hajt\u00e1ssal \u00e9s gyertyagy\u00fajt\u00e1ssal tisztelegtek a m\u00e1rt\u00edrok eml\u00e9ke el\u0151tt. A megjelenteket Szaka Zsolt, a Marcali \u00e9s K\u00f6rny\u00e9ke Hagyom\u00e1ny\u0151rz\u0151 Ipartest\u00fclet eln\u00f6ke k\u00f6sz\u00f6nt\u00f6tte. Majd a Himnusz el\u00e9nekl\u00e9se ut\u00e1n Huszti G\u00e1bor, a Somogy Megyei K\u00f6zgy\u0171l\u00e9s aleln\u00f6ke tartott \u00fcnnepi besz\u00e9det. A sz\u00f3nok mondand\u00f3j\u00e1ban kihangs\u00falyozta a kommunista diktat\u00fara sz\u00f6rny\u0171s\u00e9geit \u00e9s felh\u00edvta a hallgat\u00f3s\u00e1g figyelm\u00e9t arra, hogy sohasem szabad elfelejteni ezeket a szomor\u00fa esem\u00e9nyeket, melyek annyi \u00e1ldozatot k\u00f6veteltek a vil\u00e1gt\u00f3l \u00e9s Magyarorsz\u00e1gt\u00f3l is. A megeml\u00e9kez\u00e9sen Kiss Iv\u00e1n c. pr\u00e9post, esperes-pl\u00e9b\u00e1nos \u00e9s M\u00f3ring J\u00f3zsef Attila orsz\u00e1ggy\u0171l\u00e9si k\u00e9pvisel\u0151 is r\u00e9szt vett. A szervez\u0151 civil szervezetek tagjai \u00e9s a jelenl\u00e9v\u0151k v\u00e9g\u00fcl, az 1956-os eml\u00e9km\u0171n\u00e9l, m\u00e9csesek meggy\u00fajt\u00e1s\u00e1val r\u00f3tt\u00e1k le kegyel<img loading=\"lazy\" decoding=\"async\" class=\"alignnone size-full wp-image-191\" src=\"https:\/\/marcali.plebania.hu\/wp-content\/uploads\/2018\/04\/80225.jpg\" alt=\"\" width=\"1000\" height=\"750\" srcset=\"https:\/\/marcali.plebania.hu\/wp-content\/uploads\/2018\/04\/80225.jpg 1000w, https:\/\/marcali.plebania.hu\/wp-content\/uploads\/2018\/04\/80225-300x225.jpg 300w, https:\/\/marcali.plebania.hu\/wp-content\/uploads\/2018\/04\/80225-768x576.jpg 768w, https:\/\/marcali.plebania.hu\/wp-content\/uploads\/2018\/04\/80225-360x270.jpg 360w\" sizes=\"auto, (max-width: 1000px) 100vw, 1000px\" \/><\/p>\n","protected":false},"excerpt":{"rendered":"<p>2018. febru\u00e1r 25-\u00e9n, Marcaliban, a H\u0151s\u00f6k ter\u00e9n 10 \u00f3rakor &#8211; a hideg id\u0151j\u00e1r\u00e1sra val\u00f3 tekintettel &#8211; csak egy r\u00f6vid program keret\u00e9ben eml\u00e9keztek meg a kommunizmus \u00e1ldozatair\u00f3l. A Kereszt\u00e9ny \u00c9rtelmis\u00e9giek Sz\u00f6vets\u00e9ge (K\u00c9SZ) Marcali Csoportja, valamint a Marcali \u00e9s K\u00f6rny\u00e9ke Hagyom\u00e1ny\u0151rz\u0151 Ipartest\u00fclet szervez\u00e9s\u00e9ben f\u0151hajt\u00e1ssal \u00e9s gyertyagy\u00fajt\u00e1ssal tisztelegtek a m\u00e1rt\u00edrok eml\u00e9ke el\u0151tt. A megjelenteket Szaka Zsolt, a Marcali \u00e9s K\u00f6rny\u00e9ke Hagyom\u00e1ny\u0151rz\u0151 Ipartest\u00fclet eln\u00f6ke k\u00f6sz\u00f6nt\u00f6tte. Majd a Himnusz el\u00e9nekl\u00e9se ut\u00e1n Huszti G\u00e1bor, a Somogy Megyei K\u00f6zgy\u0171l\u00e9s aleln\u00f6ke tartott \u00fcnnepi besz\u00e9det. A sz\u00f3nok mondand\u00f3j\u00e1ban kihangs\u00falyozta&#8230;<\/p>\n<p class=\"read-more\"><a class=\"btn btn-default\" href=\"https:\/\/marcali.plebania.hu\/?p=190\"> Read More<span class=\"screen-reader-text\">  Read More<\/span><\/a><\/p>\n","protected":false},"author":1,"featured_media":0,"comment_status":"closed","ping_status":"open","sticky":false,"template":"","format":"standard","meta":{"footnotes":""},"categories":[4],"tags":[],"class_list":["post-190","post","type-post","status-publish","format-standard","hentry","category-hirek"],"_links":{"self":[{"href":"https:\/\/marcali.plebania.hu\/index.php?rest_route=\/wp\/v2\/posts\/190","targetHints":{"allow":["GET"]}}],"collection":[{"href":"https:\/\/marcali.plebania.hu\/index.php?rest_route=\/wp\/v2\/posts"}],"about":[{"href":"https:\/\/marcali.plebania.hu\/index.php?rest_route=\/wp\/v2\/types\/post"}],"author":[{"embeddable":true,"href":"https:\/\/marcali.plebania.hu\/index.php?rest_route=\/wp\/v2\/users\/1"}],"replies":[{"embeddable":true,"href":"https:\/\/marcali.plebania.hu\/index.php?rest_route=%2Fwp%2Fv2%2Fcomments&post=190"}],"version-history":[{"count":1,"href":"https:\/\/marcali.plebania.hu\/index.php?rest_route=\/wp\/v2\/posts\/190\/revisions"}],"predecessor-version":[{"id":192,"href":"https:\/\/marcali.plebania.hu\/index.php?rest_route=\/wp\/v2\/posts\/190\/revisions\/192"}],"wp:attachment":[{"href":"https:\/\/marcali.plebania.hu\/index.php?rest_route=%2Fwp%2Fv2%2Fmedia&parent=190"}],"wp:term":[{"taxonomy":"category","embeddable":true,"href":"https:\/\/marcali.plebania.hu\/index.php?rest_route=%2Fwp%2Fv2%2Fcategories&post=190"},{"taxonomy":"post_tag","embeddable":true,"href":"https:\/\/marcali.plebania.hu\/index.php?rest_route=%2Fwp%2Fv2%2Ftags&post=190"}],"curies":[{"name":"wp","href":"https:\/\/api.w.org\/{rel}","templated":true}]}}