{"id":1905,"date":"2020-06-05T09:16:51","date_gmt":"2020-06-05T09:16:51","guid":{"rendered":"https:\/\/marcali.plebania.hu\/?p=1905"},"modified":"2020-06-05T09:16:51","modified_gmt":"2020-06-05T09:16:51","slug":"hirdetesek-2020-06-07","status":"publish","type":"post","link":"https:\/\/marcali.plebania.hu\/?p=1905","title":{"rendered":"Hirdet\u00e9sek, 2020. 06. 07."},"content":{"rendered":"\n<ol class=\"wp-block-list\"><li>Ma Szenth\u00e1roms\u00e1g vas\u00e1rnapja.<\/li><li>A j\u00f6v\u0151 h\u00e9ten nyilv\u00e1nos szentmis\u00e9k\nkedd-szerda-cs\u00fct\u00f6rt\u00f6k 17 \u00f3ra, p\u00e9nteken \u00e9s szombaton 18 \u00f3rakor.<\/li><li>J\u00f6v\u0151 szombaton 17 \u00f3rakor fatimai ima\u00f3r\u00e1t tartunk. Az\nima\u00f3ra keret\u00e9ben kapcsol\u00f3dunk az orsz\u00e1gos m\u00e9ret\u0171 szents\u00e9gim\u00e1d\u00e1shoz, mely az\nEukarisztikus Kongresszusra k\u00e9sz\u00edt el\u0151.<\/li><li>J\u00f6v\u0151 vas\u00e1rnap \u00darnapja, az Olt\u00e1riszents\u00e9g \u00fcnnepe. A\nv\u00e1ros egyetlen szentmis\u00e9je a pl\u00e9b\u00e1niatemplom el\u0151tti t\u00e9ren 10 \u00f3rakor lesz. Az\nid\u00e9n kialakult helyzet miatt egy \u00farnapi s\u00e1trat k\u00e9sz\u00edt\u00fcnk.<\/li><li>Az MKPK \u00e9s a Kaposv\u00e1ri P\u00fcsp\u00f6ks\u00e9g leg\u00fajabb j\u00e1rv\u00e1ny\u00fcgyi\nint\u00e9zked\u00e9sei a k\u00f6vetkez\u0151k: j\u00f6v\u0151 vas\u00e1rnapt\u00f3l a szentmis\u00e9re j\u00e1r\u00e1s \u00fajb\u00f3l k\u00f6teless\u00e9ge\naz eg\u00e9szs\u00e9geseknek. Felment\u00e9s csak az id\u0151seknek \u00e9s a betegeknek sz\u00f3l. J\u00f6v\u0151\nvas\u00e1rnapt\u00f3l kezdve nem adhat\u00f3 \u00e1ltal\u00e1nos feloldoz\u00e1s. Minden liturgikus\ncselekm\u00e9ny v\u00e9gezhet\u0151 az eg\u00e9szs\u00e9g\u00fcgyi szab\u00e1lyok betart\u00e1s\u00e1val (sz\u00e1jmaszk, 1,5 m-es\nt\u00e1vols\u00e1g).<\/li><li>T\u00e1j\u00e9koztatjuk a sz\u00fcl\u0151ket, hogy id\u00e9n a ny\u00e1ri\nhittant\u00e1bor \u2013 a kialakult helyzet miatt \u2013 elmarad. Amit fel tudunk aj\u00e1nlani,\nhogy j\u00falius h\u00f3napban egy p\u00e9nteki napon hittanos kir\u00e1ndul\u00e1st szervez\u00fcnk\n(v\u00e1rhat\u00f3an: j\u00falius 10.) \u201eTal\u00e1lkozni j\u00f3\u201d c\u00edmmel. Ez a kir\u00e1ndul\u00e1s a k\u00f6rny\u00e9ken\nlesz, gyalogosan fogunk menni. Eb\u00e9d batyub\u00f3l, k\u00e9s\u0151 d\u00e9lut\u00e1ni vissza\u00e9rkez\u00e9ssel.\nR\u00e9szletek k\u00e9s\u0151bb. Egy\u00fattal arr\u00f3l is t\u00e1j\u00e9koztatom a Sz\u00fcl\u0151ket, hogy az idei tan\u00e9v\nv\u00e9g\u00e9n az els\u0151\u00e1ldoz\u00e1s \u00e9s b\u00e9rm\u00e1l\u00e1s szint\u00e9n elmarad. Megtart\u00e1suk \u0151sszel\nlehets\u00e9ges. Err\u0151l is k\u00e9s\u0151bb t\u00e1j\u00e9koztatjuk a Sz\u00fcl\u0151ket.<\/li><\/ol>\n","protected":false},"excerpt":{"rendered":"<p>Ma Szenth\u00e1roms\u00e1g vas\u00e1rnapja. A j\u00f6v\u0151 h\u00e9ten nyilv\u00e1nos szentmis\u00e9k kedd-szerda-cs\u00fct\u00f6rt\u00f6k 17 \u00f3ra, p\u00e9nteken \u00e9s szombaton 18 \u00f3rakor. J\u00f6v\u0151 szombaton 17 \u00f3rakor fatimai ima\u00f3r\u00e1t tartunk. Az ima\u00f3ra keret\u00e9ben kapcsol\u00f3dunk az orsz\u00e1gos m\u00e9ret\u0171 szents\u00e9gim\u00e1d\u00e1shoz, mely az Eukarisztikus Kongresszusra k\u00e9sz\u00edt el\u0151. J\u00f6v\u0151 vas\u00e1rnap \u00darnapja, az Olt\u00e1riszents\u00e9g \u00fcnnepe. A v\u00e1ros egyetlen szentmis\u00e9je a pl\u00e9b\u00e1niatemplom el\u0151tti t\u00e9ren 10 \u00f3rakor lesz. Az id\u00e9n kialakult helyzet miatt egy \u00farnapi s\u00e1trat k\u00e9sz\u00edt\u00fcnk. Az MKPK \u00e9s a Kaposv\u00e1ri P\u00fcsp\u00f6ks\u00e9g leg\u00fajabb j\u00e1rv\u00e1ny\u00fcgyi int\u00e9zked\u00e9sei a k\u00f6vetkez\u0151k: j\u00f6v\u0151 vas\u00e1rnapt\u00f3l a szentmis\u00e9re j\u00e1r\u00e1s \u00fajb\u00f3l&#8230;<\/p>\n<p class=\"read-more\"><a class=\"btn btn-default\" href=\"https:\/\/marcali.plebania.hu\/?p=1905\"> Read More<span class=\"screen-reader-text\">  Read More<\/span><\/a><\/p>\n","protected":false},"author":2,"featured_media":0,"comment_status":"closed","ping_status":"open","sticky":false,"template":"","format":"standard","meta":{"footnotes":""},"categories":[1],"tags":[],"class_list":["post-1905","post","type-post","status-publish","format-standard","hentry","category-egyeb"],"_links":{"self":[{"href":"https:\/\/marcali.plebania.hu\/index.php?rest_route=\/wp\/v2\/posts\/1905","targetHints":{"allow":["GET"]}}],"collection":[{"href":"https:\/\/marcali.plebania.hu\/index.php?rest_route=\/wp\/v2\/posts"}],"about":[{"href":"https:\/\/marcali.plebania.hu\/index.php?rest_route=\/wp\/v2\/types\/post"}],"author":[{"embeddable":true,"href":"https:\/\/marcali.plebania.hu\/index.php?rest_route=\/wp\/v2\/users\/2"}],"replies":[{"embeddable":true,"href":"https:\/\/marcali.plebania.hu\/index.php?rest_route=%2Fwp%2Fv2%2Fcomments&post=1905"}],"version-history":[{"count":1,"href":"https:\/\/marcali.plebania.hu\/index.php?rest_route=\/wp\/v2\/posts\/1905\/revisions"}],"predecessor-version":[{"id":1906,"href":"https:\/\/marcali.plebania.hu\/index.php?rest_route=\/wp\/v2\/posts\/1905\/revisions\/1906"}],"wp:attachment":[{"href":"https:\/\/marcali.plebania.hu\/index.php?rest_route=%2Fwp%2Fv2%2Fmedia&parent=1905"}],"wp:term":[{"taxonomy":"category","embeddable":true,"href":"https:\/\/marcali.plebania.hu\/index.php?rest_route=%2Fwp%2Fv2%2Fcategories&post=1905"},{"taxonomy":"post_tag","embeddable":true,"href":"https:\/\/marcali.plebania.hu\/index.php?rest_route=%2Fwp%2Fv2%2Ftags&post=1905"}],"curies":[{"name":"wp","href":"https:\/\/api.w.org\/{rel}","templated":true}]}}