{"id":1907,"date":"2020-06-08T10:01:26","date_gmt":"2020-06-08T10:01:26","guid":{"rendered":"https:\/\/marcali.plebania.hu\/?p=1907"},"modified":"2020-06-08T10:01:26","modified_gmt":"2020-06-08T10:01:26","slug":"ujraindultunk-3-harmadik-nyilvanos-szabadteri-szentmise-szentharomsag-vasarnapjan","status":"publish","type":"post","link":"https:\/\/marcali.plebania.hu\/?p=1907","title":{"rendered":"\u00dajraindultunk 3. \u2013 Harmadik nyilv\u00e1nos szabadt\u00e9ri szentmise Szenth\u00e1roms\u00e1g vas\u00e1rnapj\u00e1n"},"content":{"rendered":"\n<p>2020. j\u00fanius 7-\u00e9n, Szenth\u00e1roms\u00e1g vas\u00e1rnapj\u00e1n, az eddigi szok\u00e1soknak megfelel\u0151en szint\u00e9n 10 \u00f3rakor kezd\u0151d\u00f6tt a harmadik nyilv\u00e1nos istentisztelet a koronav\u00edrus-j\u00e1rv\u00e1ny tet\u0151z\u00e9s\u00e9t k\u00f6vet\u0151en, de m\u00e9g a sz\u00fcks\u00e9ges el\u0151\u00edr\u00e1sok betart\u00e1s\u00e1val.<\/p>\n\n\n\n<figure class=\"wp-block-gallery columns-3 is-cropped wp-block-gallery-1 is-layout-flex wp-block-gallery-is-layout-flex\"><ul class=\"blocks-gallery-grid\"><li class=\"blocks-gallery-item\"><figure><img loading=\"lazy\" decoding=\"async\" width=\"1024\" height=\"576\" src=\"https:\/\/marcali.plebania.hu\/wp-content\/uploads\/2020\/06\/20-1024x576.jpg\" alt=\"\" data-id=\"1908\" data-link=\"https:\/\/marcali.plebania.hu\/?attachment_id=1908\" class=\"wp-image-1908\" srcset=\"https:\/\/marcali.plebania.hu\/wp-content\/uploads\/2020\/06\/20-1024x576.jpg 1024w, https:\/\/marcali.plebania.hu\/wp-content\/uploads\/2020\/06\/20-300x169.jpg 300w, https:\/\/marcali.plebania.hu\/wp-content\/uploads\/2020\/06\/20-768x432.jpg 768w, https:\/\/marcali.plebania.hu\/wp-content\/uploads\/2020\/06\/20-1536x864.jpg 1536w, https:\/\/marcali.plebania.hu\/wp-content\/uploads\/2020\/06\/20-2048x1152.jpg 2048w, https:\/\/marcali.plebania.hu\/wp-content\/uploads\/2020\/06\/20-480x270.jpg 480w\" sizes=\"auto, (max-width: 1024px) 100vw, 1024px\" \/><\/figure><\/li><li class=\"blocks-gallery-item\"><figure><img loading=\"lazy\" decoding=\"async\" width=\"1024\" height=\"576\" src=\"https:\/\/marcali.plebania.hu\/wp-content\/uploads\/2020\/06\/21-1024x576.jpg\" alt=\"\" data-id=\"1909\" data-link=\"https:\/\/marcali.plebania.hu\/?attachment_id=1909\" class=\"wp-image-1909\" srcset=\"https:\/\/marcali.plebania.hu\/wp-content\/uploads\/2020\/06\/21-1024x576.jpg 1024w, https:\/\/marcali.plebania.hu\/wp-content\/uploads\/2020\/06\/21-300x169.jpg 300w, https:\/\/marcali.plebania.hu\/wp-content\/uploads\/2020\/06\/21-768x432.jpg 768w, https:\/\/marcali.plebania.hu\/wp-content\/uploads\/2020\/06\/21-1536x864.jpg 1536w, https:\/\/marcali.plebania.hu\/wp-content\/uploads\/2020\/06\/21-2048x1152.jpg 2048w, https:\/\/marcali.plebania.hu\/wp-content\/uploads\/2020\/06\/21-480x270.jpg 480w\" sizes=\"auto, (max-width: 1024px) 100vw, 1024px\" \/><\/figure><\/li><li class=\"blocks-gallery-item\"><figure><img loading=\"lazy\" decoding=\"async\" width=\"1024\" height=\"576\" src=\"https:\/\/marcali.plebania.hu\/wp-content\/uploads\/2020\/06\/18-1024x576.jpg\" alt=\"\" data-id=\"1910\" data-full-url=\"https:\/\/marcali.plebania.hu\/wp-content\/uploads\/2020\/06\/18-scaled.jpg\" data-link=\"https:\/\/marcali.plebania.hu\/?attachment_id=1910\" class=\"wp-image-1910\" srcset=\"https:\/\/marcali.plebania.hu\/wp-content\/uploads\/2020\/06\/18-1024x576.jpg 1024w, https:\/\/marcali.plebania.hu\/wp-content\/uploads\/2020\/06\/18-300x169.jpg 300w, https:\/\/marcali.plebania.hu\/wp-content\/uploads\/2020\/06\/18-768x432.jpg 768w, https:\/\/marcali.plebania.hu\/wp-content\/uploads\/2020\/06\/18-1536x864.jpg 1536w, https:\/\/marcali.plebania.hu\/wp-content\/uploads\/2020\/06\/18-2048x1152.jpg 2048w, https:\/\/marcali.plebania.hu\/wp-content\/uploads\/2020\/06\/18-480x270.jpg 480w\" sizes=\"auto, (max-width: 1024px) 100vw, 1024px\" \/><\/figure><\/li><li class=\"blocks-gallery-item\"><figure><img loading=\"lazy\" decoding=\"async\" width=\"1024\" height=\"576\" src=\"https:\/\/marcali.plebania.hu\/wp-content\/uploads\/2020\/06\/19-1-1024x576.jpg\" alt=\"\" data-id=\"1911\" data-full-url=\"https:\/\/marcali.plebania.hu\/wp-content\/uploads\/2020\/06\/19-1-scaled.jpg\" data-link=\"https:\/\/marcali.plebania.hu\/?attachment_id=1911\" class=\"wp-image-1911\" srcset=\"https:\/\/marcali.plebania.hu\/wp-content\/uploads\/2020\/06\/19-1-1024x576.jpg 1024w, https:\/\/marcali.plebania.hu\/wp-content\/uploads\/2020\/06\/19-1-300x169.jpg 300w, https:\/\/marcali.plebania.hu\/wp-content\/uploads\/2020\/06\/19-1-768x432.jpg 768w, https:\/\/marcali.plebania.hu\/wp-content\/uploads\/2020\/06\/19-1-1536x864.jpg 1536w, https:\/\/marcali.plebania.hu\/wp-content\/uploads\/2020\/06\/19-1-2048x1152.jpg 2048w, https:\/\/marcali.plebania.hu\/wp-content\/uploads\/2020\/06\/19-1-480x270.jpg 480w\" sizes=\"auto, (max-width: 1024px) 100vw, 1024px\" \/><\/figure><\/li><\/ul><\/figure>\n\n\n\n<p>A R\u00f3mai Katolikus Egyh\u00e1zk\u00f6zs\u00e9g \u00e1ltal szervezett \u00fcnnepi szentmis\u00e9re ez\u00fattal is a Gy\u00fcm\u00f6lcsolt\u00f3 Boldogasszony pl\u00e9b\u00e1niatemplom el\u0151tti Boldog II. J\u00e1nos P\u00e1l p\u00e1pa t\u00e9ren gy\u0171ltek \u00f6ssze a h\u00edvek, hogy r\u00e9szt vegyenek az \u00fajabb szabadt\u00e9ri liturgi\u00e1n. Hozz\u00e1juk csatlakoztak azok az emberek, akik a H\u0151s\u00f6k ter\u00e9n l\u00e9v\u0151 parkol\u00f3 j\u00e1rm\u0171veikben \u00fclve kapcsol\u00f3dtak be az istentiszteletbe, melyet ism\u00e9telten j\u00f3l hallhat\u00f3an kihangos\u00edtottak a szervez\u0151k.<\/p>\n\n\n\n<figure class=\"wp-block-gallery columns-3 is-cropped wp-block-gallery-2 is-layout-flex wp-block-gallery-is-layout-flex\"><ul class=\"blocks-gallery-grid\"><li class=\"blocks-gallery-item\"><figure><img loading=\"lazy\" decoding=\"async\" width=\"1024\" height=\"683\" src=\"https:\/\/marcali.plebania.hu\/wp-content\/uploads\/2020\/06\/01-1-1024x683.jpg\" alt=\"\" data-id=\"1912\" data-full-url=\"https:\/\/marcali.plebania.hu\/wp-content\/uploads\/2020\/06\/01-1-scaled.jpg\" data-link=\"https:\/\/marcali.plebania.hu\/?attachment_id=1912\" class=\"wp-image-1912\" srcset=\"https:\/\/marcali.plebania.hu\/wp-content\/uploads\/2020\/06\/01-1-1024x683.jpg 1024w, https:\/\/marcali.plebania.hu\/wp-content\/uploads\/2020\/06\/01-1-300x200.jpg 300w, https:\/\/marcali.plebania.hu\/wp-content\/uploads\/2020\/06\/01-1-768x512.jpg 768w, https:\/\/marcali.plebania.hu\/wp-content\/uploads\/2020\/06\/01-1-1536x1024.jpg 1536w, https:\/\/marcali.plebania.hu\/wp-content\/uploads\/2020\/06\/01-1-2048x1365.jpg 2048w, https:\/\/marcali.plebania.hu\/wp-content\/uploads\/2020\/06\/01-1-405x270.jpg 405w\" sizes=\"auto, (max-width: 1024px) 100vw, 1024px\" \/><\/figure><\/li><li class=\"blocks-gallery-item\"><figure><img loading=\"lazy\" decoding=\"async\" width=\"1024\" height=\"683\" src=\"https:\/\/marcali.plebania.hu\/wp-content\/uploads\/2020\/06\/02-1024x683.jpg\" alt=\"\" data-id=\"1913\" data-full-url=\"https:\/\/marcali.plebania.hu\/wp-content\/uploads\/2020\/06\/02-scaled.jpg\" data-link=\"https:\/\/marcali.plebania.hu\/?attachment_id=1913\" class=\"wp-image-1913\" srcset=\"https:\/\/marcali.plebania.hu\/wp-content\/uploads\/2020\/06\/02-1024x683.jpg 1024w, https:\/\/marcali.plebania.hu\/wp-content\/uploads\/2020\/06\/02-300x200.jpg 300w, https:\/\/marcali.plebania.hu\/wp-content\/uploads\/2020\/06\/02-768x512.jpg 768w, https:\/\/marcali.plebania.hu\/wp-content\/uploads\/2020\/06\/02-1536x1024.jpg 1536w, https:\/\/marcali.plebania.hu\/wp-content\/uploads\/2020\/06\/02-2048x1365.jpg 2048w, https:\/\/marcali.plebania.hu\/wp-content\/uploads\/2020\/06\/02-405x270.jpg 405w\" sizes=\"auto, (max-width: 1024px) 100vw, 1024px\" \/><\/figure><\/li><li class=\"blocks-gallery-item\"><figure><img loading=\"lazy\" decoding=\"async\" width=\"1024\" height=\"683\" src=\"https:\/\/marcali.plebania.hu\/wp-content\/uploads\/2020\/06\/03-1024x683.jpg\" alt=\"\" data-id=\"1914\" data-full-url=\"https:\/\/marcali.plebania.hu\/wp-content\/uploads\/2020\/06\/03-scaled.jpg\" data-link=\"https:\/\/marcali.plebania.hu\/?attachment_id=1914\" class=\"wp-image-1914\" srcset=\"https:\/\/marcali.plebania.hu\/wp-content\/uploads\/2020\/06\/03-1024x683.jpg 1024w, https:\/\/marcali.plebania.hu\/wp-content\/uploads\/2020\/06\/03-300x200.jpg 300w, https:\/\/marcali.plebania.hu\/wp-content\/uploads\/2020\/06\/03-768x512.jpg 768w, https:\/\/marcali.plebania.hu\/wp-content\/uploads\/2020\/06\/03-1536x1024.jpg 1536w, https:\/\/marcali.plebania.hu\/wp-content\/uploads\/2020\/06\/03-2048x1365.jpg 2048w, https:\/\/marcali.plebania.hu\/wp-content\/uploads\/2020\/06\/03-405x270.jpg 405w\" sizes=\"auto, (max-width: 1024px) 100vw, 1024px\" \/><\/figure><\/li><li class=\"blocks-gallery-item\"><figure><img loading=\"lazy\" decoding=\"async\" width=\"1024\" height=\"683\" src=\"https:\/\/marcali.plebania.hu\/wp-content\/uploads\/2020\/06\/04-1-1024x683.jpg\" alt=\"\" data-id=\"1915\" data-full-url=\"https:\/\/marcali.plebania.hu\/wp-content\/uploads\/2020\/06\/04-1-scaled.jpg\" data-link=\"https:\/\/marcali.plebania.hu\/?attachment_id=1915\" class=\"wp-image-1915\" srcset=\"https:\/\/marcali.plebania.hu\/wp-content\/uploads\/2020\/06\/04-1-1024x683.jpg 1024w, https:\/\/marcali.plebania.hu\/wp-content\/uploads\/2020\/06\/04-1-300x200.jpg 300w, https:\/\/marcali.plebania.hu\/wp-content\/uploads\/2020\/06\/04-1-768x512.jpg 768w, https:\/\/marcali.plebania.hu\/wp-content\/uploads\/2020\/06\/04-1-1536x1024.jpg 1536w, https:\/\/marcali.plebania.hu\/wp-content\/uploads\/2020\/06\/04-1-2048x1365.jpg 2048w, https:\/\/marcali.plebania.hu\/wp-content\/uploads\/2020\/06\/04-1-405x270.jpg 405w\" sizes=\"auto, (max-width: 1024px) 100vw, 1024px\" \/><\/figure><\/li><\/ul><\/figure>\n\n\n\n<p>Az \u00fcnnepi szentmis\u00e9t Kiss Iv\u00e1n c. pr\u00e9post, esperes-pl\u00e9b\u00e1nos mutatta be, k\u00f6zrem\u0171k\u00f6d\u00f6tt Balogh B\u00e1lint k\u00e1ntor, a F\u00e9ny Gyermekei Zenekar, valamint Kozma Kriszti\u00e1n Kazinczy-d\u00edjas versmond\u00f3. Iv\u00e1n atya pr\u00e9dik\u00e1ci\u00f3j\u00e1ban a Szenth\u00e1roms\u00e1gr\u00f3l osztotta meg gondolatait a nagy sz\u00e1mban megjelent h\u00edvek el\u0151tt.<\/p>\n\n\n\n<figure class=\"wp-block-gallery columns-3 is-cropped wp-block-gallery-3 is-layout-flex wp-block-gallery-is-layout-flex\"><ul class=\"blocks-gallery-grid\"><li class=\"blocks-gallery-item\"><figure><img loading=\"lazy\" decoding=\"async\" width=\"1024\" height=\"683\" src=\"https:\/\/marcali.plebania.hu\/wp-content\/uploads\/2020\/06\/12-1-1024x683.jpg\" alt=\"\" data-id=\"1916\" data-link=\"https:\/\/marcali.plebania.hu\/?attachment_id=1916\" class=\"wp-image-1916\" srcset=\"https:\/\/marcali.plebania.hu\/wp-content\/uploads\/2020\/06\/12-1-1024x683.jpg 1024w, https:\/\/marcali.plebania.hu\/wp-content\/uploads\/2020\/06\/12-1-300x200.jpg 300w, https:\/\/marcali.plebania.hu\/wp-content\/uploads\/2020\/06\/12-1-768x512.jpg 768w, https:\/\/marcali.plebania.hu\/wp-content\/uploads\/2020\/06\/12-1-1536x1024.jpg 1536w, https:\/\/marcali.plebania.hu\/wp-content\/uploads\/2020\/06\/12-1-2048x1365.jpg 2048w, https:\/\/marcali.plebania.hu\/wp-content\/uploads\/2020\/06\/12-1-405x270.jpg 405w\" sizes=\"auto, (max-width: 1024px) 100vw, 1024px\" \/><\/figure><\/li><li class=\"blocks-gallery-item\"><figure><img loading=\"lazy\" decoding=\"async\" width=\"1024\" height=\"683\" src=\"https:\/\/marcali.plebania.hu\/wp-content\/uploads\/2020\/06\/13-2-1024x683.jpg\" alt=\"\" data-id=\"1917\" data-link=\"https:\/\/marcali.plebania.hu\/?attachment_id=1917\" class=\"wp-image-1917\" srcset=\"https:\/\/marcali.plebania.hu\/wp-content\/uploads\/2020\/06\/13-2-1024x683.jpg 1024w, https:\/\/marcali.plebania.hu\/wp-content\/uploads\/2020\/06\/13-2-300x200.jpg 300w, https:\/\/marcali.plebania.hu\/wp-content\/uploads\/2020\/06\/13-2-768x512.jpg 768w, https:\/\/marcali.plebania.hu\/wp-content\/uploads\/2020\/06\/13-2-1536x1024.jpg 1536w, https:\/\/marcali.plebania.hu\/wp-content\/uploads\/2020\/06\/13-2-2048x1365.jpg 2048w, https:\/\/marcali.plebania.hu\/wp-content\/uploads\/2020\/06\/13-2-405x270.jpg 405w\" sizes=\"auto, (max-width: 1024px) 100vw, 1024px\" \/><\/figure><\/li><li class=\"blocks-gallery-item\"><figure><img loading=\"lazy\" decoding=\"async\" width=\"1024\" height=\"683\" src=\"https:\/\/marcali.plebania.hu\/wp-content\/uploads\/2020\/06\/16-1-1024x683.jpg\" alt=\"\" data-id=\"1918\" data-link=\"https:\/\/marcali.plebania.hu\/?attachment_id=1918\" class=\"wp-image-1918\" srcset=\"https:\/\/marcali.plebania.hu\/wp-content\/uploads\/2020\/06\/16-1-1024x683.jpg 1024w, https:\/\/marcali.plebania.hu\/wp-content\/uploads\/2020\/06\/16-1-300x200.jpg 300w, https:\/\/marcali.plebania.hu\/wp-content\/uploads\/2020\/06\/16-1-768x512.jpg 768w, https:\/\/marcali.plebania.hu\/wp-content\/uploads\/2020\/06\/16-1-1536x1024.jpg 1536w, https:\/\/marcali.plebania.hu\/wp-content\/uploads\/2020\/06\/16-1-2048x1365.jpg 2048w, https:\/\/marcali.plebania.hu\/wp-content\/uploads\/2020\/06\/16-1-405x270.jpg 405w\" sizes=\"auto, (max-width: 1024px) 100vw, 1024px\" \/><\/figure><\/li><li class=\"blocks-gallery-item\"><figure><img loading=\"lazy\" decoding=\"async\" width=\"1024\" height=\"683\" src=\"https:\/\/marcali.plebania.hu\/wp-content\/uploads\/2020\/06\/24-1-1024x683.jpg\" alt=\"\" data-id=\"1920\" data-full-url=\"https:\/\/marcali.plebania.hu\/wp-content\/uploads\/2020\/06\/24-1-scaled.jpg\" data-link=\"https:\/\/marcali.plebania.hu\/?attachment_id=1920\" class=\"wp-image-1920\" srcset=\"https:\/\/marcali.plebania.hu\/wp-content\/uploads\/2020\/06\/24-1-1024x683.jpg 1024w, https:\/\/marcali.plebania.hu\/wp-content\/uploads\/2020\/06\/24-1-300x200.jpg 300w, https:\/\/marcali.plebania.hu\/wp-content\/uploads\/2020\/06\/24-1-768x512.jpg 768w, https:\/\/marcali.plebania.hu\/wp-content\/uploads\/2020\/06\/24-1-1536x1024.jpg 1536w, https:\/\/marcali.plebania.hu\/wp-content\/uploads\/2020\/06\/24-1-2048x1365.jpg 2048w, https:\/\/marcali.plebania.hu\/wp-content\/uploads\/2020\/06\/24-1-405x270.jpg 405w\" sizes=\"auto, (max-width: 1024px) 100vw, 1024px\" \/><\/figure><\/li><\/ul><\/figure>\n\n\n\n<p>Az \u00fcnnepre val\u00f3 tekintettel, a szentmise v\u00e9g\u00e9n a pl\u00e9b\u00e1nos meg\u00e1ldotta a nemr\u00e9g fel\u00faj\u00edtott Szenth\u00e1roms\u00e1g szobrot, melyet m\u00e9g 1884-ben Kov\u00e1ts Vendel marcali f\u00f6ldm\u0171ves \u00e9s feles\u00e9ge Fazekas Julianna \u00e1ll\u00edttattak Isten dics\u0151s\u00e9g\u00e9re a templom d\u00e9li oldal\u00e1n. Az akkor 350- Ft-ba ker\u00fcl\u0151 alkot\u00e1st Horv\u00e1th S\u00e1ndor keszthelyi szobr\u00e1sz k\u00e9sz\u00edtette, melyet Menyh\u00e1rt Istv\u00e1n v\u00f6rsi esperes \u00e1ldotta meg Szenth\u00e1roms\u00e1g vas\u00e1rnapj\u00e1n, a Historia Domus le\u00edr\u00e1sa szerint egy \u201esz\u00e9p, n\u00e9pszer\u0171 besz\u00e9d k\u00eds\u00e9ret\u00e9ben\u201d. T\u00f6bb mint sz\u00e1z \u00e9v eltelte ut\u00e1n, el\u0151sz\u00f6r 1998 m\u00e1jus\u00e1ban lett fel\u00faj\u00edtva Vida Endr\u00e9n\u00e9 k\u0151farag\u00f3 \u00e1ltal, melyet 1998. j\u00fanius 1-\u00e9n, az akkori b\u00e9rm\u00e1l\u00e1st k\u00f6vet\u0151en Bal\u00e1s B\u00e9la kaposv\u00e1ri megy\u00e9sp\u00fcsp\u00f6k \u00e1ldott meg. A mostani restaur\u00e1l\u00e1si munk\u00e1kat Vida Szil\u00e1rd k\u0151farag\u00f3 v\u00e9gezte el, akinek a rendk\u00edv\u00fcl rossz \u00e1llapotban l\u00e9v\u0151 \u00e9s hi\u00e1nyos szobrokat kellett az eredeti form\u00e1ban rekonstru\u00e1lnia. A szoborcsoport fel\u00faj\u00edt\u00e1s\u00e1t Moln\u00e1r \u00c1gnes Anna, a k\u00f6rzet k\u00e9pvisel\u0151 asszonya 100 ezer forinttal is t\u00e1mogatta, valamint a R\u00f3zsaf\u00fcz\u00e9r T\u00e1rsulat \u00e9s a h\u00edvek adom\u00e1nyb\u00f3l az egyh\u00e1zk\u00f6zs\u00e9g finansz\u00edrozta. Iv\u00e1n atya megk\u00f6sz\u00f6nte mindenkinek a nagylelk\u0171 adom\u00e1nyokat. A munk\u00e1k \u00f6sszk\u00f6lts\u00e9ge 250.000- Ft volt.<\/p>\n\n\n\n<figure class=\"wp-block-gallery columns-3 is-cropped wp-block-gallery-4 is-layout-flex wp-block-gallery-is-layout-flex\"><ul class=\"blocks-gallery-grid\"><li class=\"blocks-gallery-item\"><figure><img loading=\"lazy\" decoding=\"async\" width=\"1024\" height=\"683\" src=\"https:\/\/marcali.plebania.hu\/wp-content\/uploads\/2020\/06\/30-2-1024x683.jpg\" alt=\"\" data-id=\"1921\" data-link=\"https:\/\/marcali.plebania.hu\/?attachment_id=1921\" class=\"wp-image-1921\" srcset=\"https:\/\/marcali.plebania.hu\/wp-content\/uploads\/2020\/06\/30-2-1024x683.jpg 1024w, https:\/\/marcali.plebania.hu\/wp-content\/uploads\/2020\/06\/30-2-300x200.jpg 300w, https:\/\/marcali.plebania.hu\/wp-content\/uploads\/2020\/06\/30-2-768x512.jpg 768w, https:\/\/marcali.plebania.hu\/wp-content\/uploads\/2020\/06\/30-2-1536x1024.jpg 1536w, https:\/\/marcali.plebania.hu\/wp-content\/uploads\/2020\/06\/30-2-2048x1365.jpg 2048w, https:\/\/marcali.plebania.hu\/wp-content\/uploads\/2020\/06\/30-2-405x270.jpg 405w\" sizes=\"auto, (max-width: 1024px) 100vw, 1024px\" \/><\/figure><\/li><li class=\"blocks-gallery-item\"><figure><img loading=\"lazy\" decoding=\"async\" width=\"1024\" height=\"683\" src=\"https:\/\/marcali.plebania.hu\/wp-content\/uploads\/2020\/06\/31-1024x683.jpg\" alt=\"\" data-id=\"1922\" data-link=\"https:\/\/marcali.plebania.hu\/?attachment_id=1922\" class=\"wp-image-1922\" srcset=\"https:\/\/marcali.plebania.hu\/wp-content\/uploads\/2020\/06\/31-1024x683.jpg 1024w, https:\/\/marcali.plebania.hu\/wp-content\/uploads\/2020\/06\/31-300x200.jpg 300w, https:\/\/marcali.plebania.hu\/wp-content\/uploads\/2020\/06\/31-768x512.jpg 768w, https:\/\/marcali.plebania.hu\/wp-content\/uploads\/2020\/06\/31-1536x1024.jpg 1536w, https:\/\/marcali.plebania.hu\/wp-content\/uploads\/2020\/06\/31-2048x1365.jpg 2048w, https:\/\/marcali.plebania.hu\/wp-content\/uploads\/2020\/06\/31-405x270.jpg 405w\" sizes=\"auto, (max-width: 1024px) 100vw, 1024px\" \/><\/figure><\/li><li class=\"blocks-gallery-item\"><figure><img loading=\"lazy\" decoding=\"async\" width=\"1024\" height=\"683\" src=\"https:\/\/marcali.plebania.hu\/wp-content\/uploads\/2020\/06\/38-1024x683.jpg\" alt=\"\" data-id=\"1923\" data-link=\"https:\/\/marcali.plebania.hu\/?attachment_id=1923\" class=\"wp-image-1923\" srcset=\"https:\/\/marcali.plebania.hu\/wp-content\/uploads\/2020\/06\/38-1024x683.jpg 1024w, https:\/\/marcali.plebania.hu\/wp-content\/uploads\/2020\/06\/38-300x200.jpg 300w, https:\/\/marcali.plebania.hu\/wp-content\/uploads\/2020\/06\/38-768x512.jpg 768w, https:\/\/marcali.plebania.hu\/wp-content\/uploads\/2020\/06\/38-1536x1024.jpg 1536w, https:\/\/marcali.plebania.hu\/wp-content\/uploads\/2020\/06\/38-2048x1365.jpg 2048w, https:\/\/marcali.plebania.hu\/wp-content\/uploads\/2020\/06\/38-405x270.jpg 405w\" sizes=\"auto, (max-width: 1024px) 100vw, 1024px\" \/><\/figure><\/li><li class=\"blocks-gallery-item\"><figure><img loading=\"lazy\" decoding=\"async\" width=\"1024\" height=\"683\" src=\"https:\/\/marcali.plebania.hu\/wp-content\/uploads\/2020\/06\/08-1-1024x683.jpg\" alt=\"\" data-id=\"1924\" data-full-url=\"https:\/\/marcali.plebania.hu\/wp-content\/uploads\/2020\/06\/08-1-scaled.jpg\" data-link=\"https:\/\/marcali.plebania.hu\/?attachment_id=1924\" class=\"wp-image-1924\" srcset=\"https:\/\/marcali.plebania.hu\/wp-content\/uploads\/2020\/06\/08-1-1024x683.jpg 1024w, https:\/\/marcali.plebania.hu\/wp-content\/uploads\/2020\/06\/08-1-300x200.jpg 300w, https:\/\/marcali.plebania.hu\/wp-content\/uploads\/2020\/06\/08-1-768x512.jpg 768w, https:\/\/marcali.plebania.hu\/wp-content\/uploads\/2020\/06\/08-1-1536x1024.jpg 1536w, https:\/\/marcali.plebania.hu\/wp-content\/uploads\/2020\/06\/08-1-2048x1365.jpg 2048w, https:\/\/marcali.plebania.hu\/wp-content\/uploads\/2020\/06\/08-1-405x270.jpg 405w\" sizes=\"auto, (max-width: 1024px) 100vw, 1024px\" \/><\/figure><\/li><\/ul><\/figure>\n\n\n\n<p>A Magyar Katolikus P\u00fcsp\u00f6ki Konferencia (MKPK) leg\u00fajabb k\u00f6zlem\u00e9nye szerint a k\u00f6vetkez\u0151 vas\u00e1rnapt\u00f3l, azaz j\u00fanius 14-t\u0151l megsz\u0171nik a vas\u00e1rnapi szentmis\u00e9n val\u00f3 r\u00e9szv\u00e9tel k\u00f6telezetts\u00e9ge al\u00f3li felment\u00e9s \u00e9s az \u00e1ltal\u00e1nos feloldoz\u00e1s lehet\u0151s\u00e9ge. Teh\u00e1t \u00darnapj\u00e1t\u00f3l m\u00e1r minden nyilv\u00e1nos liturgia megtarthat\u00f3 lesz az \u00e9rv\u00e9nyben l\u00e9v\u0151 biztons\u00e1gi el\u0151\u00edr\u00e1sok betart\u00e1s\u00e1val. \u00cdgy Marcaliban is 10 \u00f3rakor megtartj\u00e1k az \u00farnapi k\u00f6rmenetet a templom el\u0151tt, de csak egy lombs\u00e1tor elk\u00e9sz\u00edt\u00e9s\u00e9vel.<\/p>\n\n\n\n<figure class=\"wp-block-gallery columns-3 is-cropped wp-block-gallery-5 is-layout-flex wp-block-gallery-is-layout-flex\"><ul class=\"blocks-gallery-grid\"><li class=\"blocks-gallery-item\"><figure><img loading=\"lazy\" decoding=\"async\" width=\"1024\" height=\"683\" src=\"https:\/\/marcali.plebania.hu\/wp-content\/uploads\/2020\/06\/43-1024x683.jpg\" alt=\"\" data-id=\"1925\" data-link=\"https:\/\/marcali.plebania.hu\/?attachment_id=1925\" class=\"wp-image-1925\" srcset=\"https:\/\/marcali.plebania.hu\/wp-content\/uploads\/2020\/06\/43-1024x683.jpg 1024w, https:\/\/marcali.plebania.hu\/wp-content\/uploads\/2020\/06\/43-300x200.jpg 300w, https:\/\/marcali.plebania.hu\/wp-content\/uploads\/2020\/06\/43-768x512.jpg 768w, https:\/\/marcali.plebania.hu\/wp-content\/uploads\/2020\/06\/43-1536x1024.jpg 1536w, https:\/\/marcali.plebania.hu\/wp-content\/uploads\/2020\/06\/43-2048x1365.jpg 2048w, https:\/\/marcali.plebania.hu\/wp-content\/uploads\/2020\/06\/43-405x270.jpg 405w\" sizes=\"auto, (max-width: 1024px) 100vw, 1024px\" \/><\/figure><\/li><li class=\"blocks-gallery-item\"><figure><img loading=\"lazy\" decoding=\"async\" width=\"1024\" height=\"683\" src=\"https:\/\/marcali.plebania.hu\/wp-content\/uploads\/2020\/06\/47-1024x683.jpg\" alt=\"\" data-id=\"1926\" data-link=\"https:\/\/marcali.plebania.hu\/?attachment_id=1926\" class=\"wp-image-1926\" srcset=\"https:\/\/marcali.plebania.hu\/wp-content\/uploads\/2020\/06\/47-1024x683.jpg 1024w, https:\/\/marcali.plebania.hu\/wp-content\/uploads\/2020\/06\/47-300x200.jpg 300w, https:\/\/marcali.plebania.hu\/wp-content\/uploads\/2020\/06\/47-768x512.jpg 768w, https:\/\/marcali.plebania.hu\/wp-content\/uploads\/2020\/06\/47-1536x1024.jpg 1536w, https:\/\/marcali.plebania.hu\/wp-content\/uploads\/2020\/06\/47-2048x1365.jpg 2048w, https:\/\/marcali.plebania.hu\/wp-content\/uploads\/2020\/06\/47-405x270.jpg 405w\" sizes=\"auto, (max-width: 1024px) 100vw, 1024px\" \/><\/figure><\/li><li class=\"blocks-gallery-item\"><figure><img loading=\"lazy\" decoding=\"async\" width=\"1024\" height=\"683\" src=\"https:\/\/marcali.plebania.hu\/wp-content\/uploads\/2020\/06\/54-1024x683.jpg\" alt=\"\" data-id=\"1927\" data-full-url=\"https:\/\/marcali.plebania.hu\/wp-content\/uploads\/2020\/06\/54-scaled.jpg\" data-link=\"https:\/\/marcali.plebania.hu\/?attachment_id=1927\" class=\"wp-image-1927\" srcset=\"https:\/\/marcali.plebania.hu\/wp-content\/uploads\/2020\/06\/54-1024x683.jpg 1024w, https:\/\/marcali.plebania.hu\/wp-content\/uploads\/2020\/06\/54-300x200.jpg 300w, https:\/\/marcali.plebania.hu\/wp-content\/uploads\/2020\/06\/54-768x512.jpg 768w, https:\/\/marcali.plebania.hu\/wp-content\/uploads\/2020\/06\/54-1536x1024.jpg 1536w, https:\/\/marcali.plebania.hu\/wp-content\/uploads\/2020\/06\/54-2048x1365.jpg 2048w, https:\/\/marcali.plebania.hu\/wp-content\/uploads\/2020\/06\/54-405x270.jpg 405w\" sizes=\"auto, (max-width: 1024px) 100vw, 1024px\" \/><\/figure><\/li><li class=\"blocks-gallery-item\"><figure><img loading=\"lazy\" decoding=\"async\" width=\"1024\" height=\"683\" src=\"https:\/\/marcali.plebania.hu\/wp-content\/uploads\/2020\/06\/55-1024x683.jpg\" alt=\"\" data-id=\"1928\" data-full-url=\"https:\/\/marcali.plebania.hu\/wp-content\/uploads\/2020\/06\/55-scaled.jpg\" data-link=\"https:\/\/marcali.plebania.hu\/?attachment_id=1928\" class=\"wp-image-1928\" srcset=\"https:\/\/marcali.plebania.hu\/wp-content\/uploads\/2020\/06\/55-1024x683.jpg 1024w, https:\/\/marcali.plebania.hu\/wp-content\/uploads\/2020\/06\/55-300x200.jpg 300w, https:\/\/marcali.plebania.hu\/wp-content\/uploads\/2020\/06\/55-768x512.jpg 768w, https:\/\/marcali.plebania.hu\/wp-content\/uploads\/2020\/06\/55-1536x1024.jpg 1536w, https:\/\/marcali.plebania.hu\/wp-content\/uploads\/2020\/06\/55-2048x1365.jpg 2048w, https:\/\/marcali.plebania.hu\/wp-content\/uploads\/2020\/06\/55-405x270.jpg 405w\" sizes=\"auto, (max-width: 1024px) 100vw, 1024px\" \/><\/figure><\/li><\/ul><\/figure>\n","protected":false},"excerpt":{"rendered":"<p>2020. j\u00fanius 7-\u00e9n, Szenth\u00e1roms\u00e1g vas\u00e1rnapj\u00e1n, az eddigi szok\u00e1soknak megfelel\u0151en szint\u00e9n 10 \u00f3rakor kezd\u0151d\u00f6tt a harmadik nyilv\u00e1nos istentisztelet a koronav\u00edrus-j\u00e1rv\u00e1ny tet\u0151z\u00e9s\u00e9t k\u00f6vet\u0151en, de m\u00e9g a sz\u00fcks\u00e9ges el\u0151\u00edr\u00e1sok betart\u00e1s\u00e1val. A R\u00f3mai Katolikus Egyh\u00e1zk\u00f6zs\u00e9g \u00e1ltal szervezett \u00fcnnepi szentmis\u00e9re ez\u00fattal is a Gy\u00fcm\u00f6lcsolt\u00f3 Boldogasszony pl\u00e9b\u00e1niatemplom el\u0151tti Boldog II. J\u00e1nos P\u00e1l p\u00e1pa t\u00e9ren gy\u0171ltek \u00f6ssze a h\u00edvek, hogy r\u00e9szt vegyenek az \u00fajabb szabadt\u00e9ri liturgi\u00e1n. Hozz\u00e1juk csatlakoztak azok az emberek, akik a H\u0151s\u00f6k ter\u00e9n l\u00e9v\u0151 parkol\u00f3 j\u00e1rm\u0171veikben \u00fclve kapcsol\u00f3dtak be az istentiszteletbe, melyet ism\u00e9telten j\u00f3l hallhat\u00f3an&#8230;<\/p>\n<p class=\"read-more\"><a class=\"btn btn-default\" href=\"https:\/\/marcali.plebania.hu\/?p=1907\"> Read More<span class=\"screen-reader-text\">  Read More<\/span><\/a><\/p>\n","protected":false},"author":2,"featured_media":0,"comment_status":"closed","ping_status":"open","sticky":false,"template":"","format":"standard","meta":{"footnotes":""},"categories":[1],"tags":[],"class_list":["post-1907","post","type-post","status-publish","format-standard","hentry","category-egyeb"],"_links":{"self":[{"href":"https:\/\/marcali.plebania.hu\/index.php?rest_route=\/wp\/v2\/posts\/1907","targetHints":{"allow":["GET"]}}],"collection":[{"href":"https:\/\/marcali.plebania.hu\/index.php?rest_route=\/wp\/v2\/posts"}],"about":[{"href":"https:\/\/marcali.plebania.hu\/index.php?rest_route=\/wp\/v2\/types\/post"}],"author":[{"embeddable":true,"href":"https:\/\/marcali.plebania.hu\/index.php?rest_route=\/wp\/v2\/users\/2"}],"replies":[{"embeddable":true,"href":"https:\/\/marcali.plebania.hu\/index.php?rest_route=%2Fwp%2Fv2%2Fcomments&post=1907"}],"version-history":[{"count":1,"href":"https:\/\/marcali.plebania.hu\/index.php?rest_route=\/wp\/v2\/posts\/1907\/revisions"}],"predecessor-version":[{"id":1929,"href":"https:\/\/marcali.plebania.hu\/index.php?rest_route=\/wp\/v2\/posts\/1907\/revisions\/1929"}],"wp:attachment":[{"href":"https:\/\/marcali.plebania.hu\/index.php?rest_route=%2Fwp%2Fv2%2Fmedia&parent=1907"}],"wp:term":[{"taxonomy":"category","embeddable":true,"href":"https:\/\/marcali.plebania.hu\/index.php?rest_route=%2Fwp%2Fv2%2Fcategories&post=1907"},{"taxonomy":"post_tag","embeddable":true,"href":"https:\/\/marcali.plebania.hu\/index.php?rest_route=%2Fwp%2Fv2%2Ftags&post=1907"}],"curies":[{"name":"wp","href":"https:\/\/api.w.org\/{rel}","templated":true}]}}