{"id":193,"date":"2018-02-12T18:33:34","date_gmt":"2018-02-12T18:33:34","guid":{"rendered":"https:\/\/marcali.plebania.hu\/?p=193"},"modified":"2018-04-24T18:34:13","modified_gmt":"2018-04-24T18:34:13","slug":"betegek-vilagnapja-marcaliban","status":"publish","type":"post","link":"https:\/\/marcali.plebania.hu\/?p=193","title":{"rendered":"Betegek vil\u00e1gnapja Marcaliban"},"content":{"rendered":"<p>A vil\u00e1gegyh\u00e1zban febru\u00e1r 11-\u00e9n tartj\u00e1k a betegek vil\u00e1gnapj\u00e1t, melyet Szent II. J\u00e1nos P\u00e1l p\u00e1pa rendelt el els\u0151k\u00e9nt 1992-ben. Az\u00f3ta minden esztend\u0151ben, a lourdes-i jelen\u00e9s\u00e9nek \u00e9vfordul\u00f3j\u00e1n, \u00edgy \u00e9vr\u0151l-\u00e9vre Marcaliban is mindig meg\u00fcnneplik. A szombat esti, valamint a vas\u00e1rnapi szentmis\u00e9ken Kiss Iv\u00e1n c. pr\u00e9post, esperes-pl\u00e9b\u00e1nos ism\u00e9t kiszolg\u00e1ltatta a betegek szents\u00e9g\u00e9t az id\u0151s \u00e9s beteg h\u00edveknek. \u00d6sszesen mintegy 100 ember r\u00e9szes\u00fclt Marcaliban, a lelki t\u00e1mogat\u00e1sban, amely a betegs\u00e9gek elvisel\u00e9s\u00e9hez ny\u00fajt seg\u00edts\u00e9get. Azok az emberek r\u00e9szes\u00fclhetnek ebben a kegyelemben, akik gy\u00f3ntak \u00e9s \u00e1ldoztak, hossz\u00fa ideje valamilyen betegs\u00e9gben szenvednek, vagy elm\u00faltak 60 \u00e9vesek. \u00c9vente azonban csak egyszer lehet felvenni ezt a szents\u00e9get. A vas\u00e1rnapi szentmis\u00e9n, a pl\u00e9b\u00e1niatemplomban P\u00e1ntics Luca gimnazista elszavalta \u00d3becsey Istv\u00e1n: Szeress\u00e9tek az \u00f6regeket c\u00edm\u0171 vers\u00e9t. K\u00f6zrem\u0171k\u00f6d\u00f6tt a F\u00e9ny Gyermekei Zenekar.<\/p>\n<p><img loading=\"lazy\" decoding=\"async\" class=\"alignnone size-full wp-image-194\" src=\"https:\/\/marcali.plebania.hu\/wp-content\/uploads\/2018\/04\/80212.jpg\" alt=\"\" width=\"1000\" height=\"667\" srcset=\"https:\/\/marcali.plebania.hu\/wp-content\/uploads\/2018\/04\/80212.jpg 1000w, https:\/\/marcali.plebania.hu\/wp-content\/uploads\/2018\/04\/80212-300x200.jpg 300w, https:\/\/marcali.plebania.hu\/wp-content\/uploads\/2018\/04\/80212-768x512.jpg 768w, https:\/\/marcali.plebania.hu\/wp-content\/uploads\/2018\/04\/80212-405x270.jpg 405w\" sizes=\"auto, (max-width: 1000px) 100vw, 1000px\" \/><\/p>\n","protected":false},"excerpt":{"rendered":"<p>A vil\u00e1gegyh\u00e1zban febru\u00e1r 11-\u00e9n tartj\u00e1k a betegek vil\u00e1gnapj\u00e1t, melyet Szent II. J\u00e1nos P\u00e1l p\u00e1pa rendelt el els\u0151k\u00e9nt 1992-ben. Az\u00f3ta minden esztend\u0151ben, a lourdes-i jelen\u00e9s\u00e9nek \u00e9vfordul\u00f3j\u00e1n, \u00edgy \u00e9vr\u0151l-\u00e9vre Marcaliban is mindig meg\u00fcnneplik. A szombat esti, valamint a vas\u00e1rnapi szentmis\u00e9ken Kiss Iv\u00e1n c. pr\u00e9post, esperes-pl\u00e9b\u00e1nos ism\u00e9t kiszolg\u00e1ltatta a betegek szents\u00e9g\u00e9t az id\u0151s \u00e9s beteg h\u00edveknek. \u00d6sszesen mintegy 100 ember r\u00e9szes\u00fclt Marcaliban, a lelki t\u00e1mogat\u00e1sban, amely a betegs\u00e9gek elvisel\u00e9s\u00e9hez ny\u00fajt seg\u00edts\u00e9get. Azok az emberek r\u00e9szes\u00fclhetnek ebben a kegyelemben, akik gy\u00f3ntak \u00e9s \u00e1ldoztak, hossz\u00fa&#8230;<\/p>\n<p class=\"read-more\"><a class=\"btn btn-default\" href=\"https:\/\/marcali.plebania.hu\/?p=193\"> Read More<span class=\"screen-reader-text\">  Read More<\/span><\/a><\/p>\n","protected":false},"author":1,"featured_media":0,"comment_status":"closed","ping_status":"open","sticky":false,"template":"","format":"standard","meta":{"footnotes":""},"categories":[1],"tags":[],"class_list":["post-193","post","type-post","status-publish","format-standard","hentry","category-egyeb"],"_links":{"self":[{"href":"https:\/\/marcali.plebania.hu\/index.php?rest_route=\/wp\/v2\/posts\/193","targetHints":{"allow":["GET"]}}],"collection":[{"href":"https:\/\/marcali.plebania.hu\/index.php?rest_route=\/wp\/v2\/posts"}],"about":[{"href":"https:\/\/marcali.plebania.hu\/index.php?rest_route=\/wp\/v2\/types\/post"}],"author":[{"embeddable":true,"href":"https:\/\/marcali.plebania.hu\/index.php?rest_route=\/wp\/v2\/users\/1"}],"replies":[{"embeddable":true,"href":"https:\/\/marcali.plebania.hu\/index.php?rest_route=%2Fwp%2Fv2%2Fcomments&post=193"}],"version-history":[{"count":1,"href":"https:\/\/marcali.plebania.hu\/index.php?rest_route=\/wp\/v2\/posts\/193\/revisions"}],"predecessor-version":[{"id":195,"href":"https:\/\/marcali.plebania.hu\/index.php?rest_route=\/wp\/v2\/posts\/193\/revisions\/195"}],"wp:attachment":[{"href":"https:\/\/marcali.plebania.hu\/index.php?rest_route=%2Fwp%2Fv2%2Fmedia&parent=193"}],"wp:term":[{"taxonomy":"category","embeddable":true,"href":"https:\/\/marcali.plebania.hu\/index.php?rest_route=%2Fwp%2Fv2%2Fcategories&post=193"},{"taxonomy":"post_tag","embeddable":true,"href":"https:\/\/marcali.plebania.hu\/index.php?rest_route=%2Fwp%2Fv2%2Ftags&post=193"}],"curies":[{"name":"wp","href":"https:\/\/api.w.org\/{rel}","templated":true}]}}